{"id":363,"date":"2013-09-26T11:03:00","date_gmt":"2013-09-26T09:03:00","guid":{"rendered":"http:\/\/proacomunicacion.es\/?p=363"},"modified":"2013-09-26T11:03:00","modified_gmt":"2013-09-26T09:03:00","slug":"crisis-communication-immediacy-if-accuracy-too","status":"publish","type":"post","link":"https:\/\/proacomunicacion.es\/en\/comunicacion-de-crisis-inmediatez-si-exactitud-tambien\/","title":{"rendered":"Crisis communication: immediacy, yes; accuracy, yes."},"content":{"rendered":"<p>In a case of <strong>crisis communication<\/strong> The most important thing is transparency of information and a truthful response to the media and to society. Companies and institutions, large and small, have to be prepared for a crisis. That is why it is essential to have a protocol for action in case of a crisis. The message to be communicated must be clearly understood by everyone. If there is no spokesperson and the link with public opinion is established through press releases, these must be brief, well-written and clarifying.<\/p>\n<p>It seems obvious what I am saying, but on countless occasions I have heard complaints from journalists about how poorly written press releases are when things \"go wrong\". Often \"press releases look like hieroglyphics\".<\/p>\n<p>If there is a spokesperson in the crisis management protocol, it is key to choose the right spokesperson who knows how to convey your ideas with rigour and who is an honest person. Lies have short legs and both the concealment of relevant information and inaccuracy can derail a company's reputation for life.<\/p>\n<p>A threat in any crisis communication strategy is dispersion: wanting to convey many ideas without order or hierarchy. Something that journalists and public opinion always appreciate is to be ahead of the curve. Providing reliable, useful and clarifying information about the facts before they ask for it. This step, when taken well, makes the crisis manager reliable and competent, which makes things much easier.<\/p>\n<p>In our experience, the best way to manage a crisis communication well is to have a small, experienced and highly competent team that responds quickly and efficiently to the needs of the company and the media. Assigning many tasks to different people who have to reach agreements tends to bureaucratise procedures and lead to inefficiency.<\/p>\n<p>As the saying goes: \"works are love and not good reasons\". A well-managed crisis is a great opportunity for a company to demonstrate its seriousness, its solvency, its commitment etc. Anticipating with rigour is key to maintaining and reinforcing the value of a brand.<\/p>\n<p><b>Luc\u00eda Casanueva<\/b><\/p>","protected":false},"excerpt":{"rendered":"<p>En un caso de comunicaci\u00f3n de\u00a0crisis lo m\u00e1s importante es la transparencia informativa y la respuesta veraz hacia los medios de comunicaci\u00f3n y hacia la sociedad. Las empresas e instituciones, grandes y peque\u00f1as, tienen que estar preparadas ante una crisis. Por eso es fundamental tener preparado un protocolo de actuaci\u00f3n en caso de que se [&hellip;]<\/p>\n","protected":false},"author":28,"featured_media":6223,"comment_status":"open","ping_status":"open","sticky":false,"template":"","format":"standard","meta":{"footnotes":""},"categories":[1],"tags":[42,43,44,38],"class_list":["post-363","post","type-post","status-publish","format-standard","has-post-thumbnail","hentry","category-actualidad-proa","tag-comunicacion-de-crisis","tag-crisis-reputacional","tag-gestion-comunicacion-de-crisis","tag-gestionar-comunicacion-de-crisis"],"yoast_head":"<!-- This site is optimized with the Yoast SEO plugin v27.0 - https:\/\/yoast.com\/product\/yoast-seo-wordpress\/ -->\n<title>Comunicaci\u00f3n de crisis: inmediatez s\u00ed; exactitud tambi\u00e9n - Blog Comunicaci\u00f3n y Reputaci\u00f3n<\/title>\n<meta name=\"robots\" content=\"index, follow, max-snippet:-1, max-image-preview:large, max-video-preview:-1\" \/>\n<link rel=\"canonical\" href=\"https:\/\/proacomunicacion.es\/en\/crisis-communication-immediacy-if-accuracy-too\/\" \/>\n<meta property=\"og:locale\" content=\"en_GB\" \/>\n<meta property=\"og:type\" content=\"article\" \/>\n<meta property=\"og:title\" content=\"Comunicaci\u00f3n de crisis: inmediatez s\u00ed; exactitud tambi\u00e9n - Blog Comunicaci\u00f3n y Reputaci\u00f3n\" \/>\n<meta property=\"og:description\" content=\"En un caso de comunicaci\u00f3n de\u00a0crisis lo m\u00e1s importante es la transparencia informativa y la respuesta veraz hacia los medios de comunicaci\u00f3n y hacia la sociedad. Las empresas e instituciones, grandes y peque\u00f1as, tienen que estar preparadas ante una crisis. Por eso es fundamental tener preparado un protocolo de actuaci\u00f3n en caso de que se [&hellip;]\" \/>\n<meta property=\"og:url\" content=\"https:\/\/proacomunicacion.es\/en\/crisis-communication-immediacy-if-accuracy-too\/\" \/>\n<meta property=\"og:site_name\" content=\"PROA Comunicaci\u00f3n\" \/>\n<meta property=\"article:published_time\" content=\"2013-09-26T09:03:00+00:00\" \/>\n<meta property=\"og:image\" content=\"https:\/\/proacomunicacion.es\/wp-content\/uploads\/2025\/08\/Firefly_radio-de-barco-scaled.jpg\" \/>\n\t<meta property=\"og:image:width\" content=\"2560\" \/>\n\t<meta property=\"og:image:height\" content=\"1414\" \/>\n\t<meta property=\"og:image:type\" content=\"image\/jpeg\" \/>\n<meta name=\"author\" content=\"PROA Comunicaci\u00f3n\" \/>\n<meta name=\"twitter:card\" content=\"summary_large_image\" \/>\n<meta name=\"twitter:creator\" content=\"@proacomunica\" \/>\n<meta name=\"twitter:site\" content=\"@proacomunica\" \/>\n<meta name=\"twitter:label1\" content=\"Written by\" \/>\n\t<meta name=\"twitter:data1\" content=\"PROA Comunicaci\u00f3n\" \/>\n\t<meta name=\"twitter:label2\" content=\"Estimated reading time\" \/>\n\t<meta name=\"twitter:data2\" content=\"2 minutes\" \/>\n<script type=\"application\/ld+json\" class=\"yoast-schema-graph\">{\"@context\":\"https:\/\/schema.org\",\"@graph\":[{\"@type\":\"Article\",\"@id\":\"https:\/\/proacomunicacion.es\/comunicacion-de-crisis-inmediatez-si-exactitud-tambien\/#article\",\"isPartOf\":{\"@id\":\"https:\/\/proacomunicacion.es\/comunicacion-de-crisis-inmediatez-si-exactitud-tambien\/\"},\"author\":{\"name\":\"PROA Comunicaci\u00f3n\",\"@id\":\"https:\/\/proacomunicacion.es\/#\/schema\/person\/f80dc8938ea94e7f8aa1e8dc716d5a60\"},\"headline\":\"Comunicaci\u00f3n de crisis: inmediatez s\u00ed; exactitud tambi\u00e9n\",\"datePublished\":\"2013-09-26T09:03:00+00:00\",\"mainEntityOfPage\":{\"@id\":\"https:\/\/proacomunicacion.es\/comunicacion-de-crisis-inmediatez-si-exactitud-tambien\/\"},\"wordCount\":409,\"commentCount\":0,\"publisher\":{\"@id\":\"https:\/\/proacomunicacion.es\/#organization\"},\"image\":{\"@id\":\"https:\/\/proacomunicacion.es\/comunicacion-de-crisis-inmediatez-si-exactitud-tambien\/#primaryimage\"},\"thumbnailUrl\":\"\",\"keywords\":[\"Comunicaci\u00f3n de crisis\",\"crisis reputacional\",\"gesti\u00f3n comunicaci\u00f3n de crisis\",\"gestionar comunicaci\u00f3n de crisis\"],\"articleSection\":[\"Actualidad\"],\"inLanguage\":\"en-GB\",\"potentialAction\":[{\"@type\":\"CommentAction\",\"name\":\"Comment\",\"target\":[\"https:\/\/proacomunicacion.es\/comunicacion-de-crisis-inmediatez-si-exactitud-tambien\/#respond\"]}]},{\"@type\":\"WebPage\",\"@id\":\"https:\/\/proacomunicacion.es\/comunicacion-de-crisis-inmediatez-si-exactitud-tambien\/\",\"url\":\"https:\/\/proacomunicacion.es\/comunicacion-de-crisis-inmediatez-si-exactitud-tambien\/\",\"name\":\"Comunicaci\u00f3n de crisis: inmediatez s\u00ed; exactitud tambi\u00e9n - Blog Comunicaci\u00f3n y Reputaci\u00f3n\",\"isPartOf\":{\"@id\":\"https:\/\/proacomunicacion.es\/#website\"},\"primaryImageOfPage\":{\"@id\":\"https:\/\/proacomunicacion.es\/comunicacion-de-crisis-inmediatez-si-exactitud-tambien\/#primaryimage\"},\"image\":{\"@id\":\"https:\/\/proacomunicacion.es\/comunicacion-de-crisis-inmediatez-si-exactitud-tambien\/#primaryimage\"},\"thumbnailUrl\":\"\",\"datePublished\":\"2013-09-26T09:03:00+00:00\",\"breadcrumb\":{\"@id\":\"https:\/\/proacomunicacion.es\/comunicacion-de-crisis-inmediatez-si-exactitud-tambien\/#breadcrumb\"},\"inLanguage\":\"en-GB\",\"potentialAction\":[{\"@type\":\"ReadAction\",\"target\":[\"https:\/\/proacomunicacion.es\/comunicacion-de-crisis-inmediatez-si-exactitud-tambien\/\"]}]},{\"@type\":\"ImageObject\",\"inLanguage\":\"en-GB\",\"@id\":\"https:\/\/proacomunicacion.es\/comunicacion-de-crisis-inmediatez-si-exactitud-tambien\/#primaryimage\",\"url\":\"\",\"contentUrl\":\"\"},{\"@type\":\"BreadcrumbList\",\"@id\":\"https:\/\/proacomunicacion.es\/comunicacion-de-crisis-inmediatez-si-exactitud-tambien\/#breadcrumb\",\"itemListElement\":[{\"@type\":\"ListItem\",\"position\":1,\"name\":\"Portada\",\"item\":\"https:\/\/proacomunicacion.es\/\"},{\"@type\":\"ListItem\",\"position\":2,\"name\":\"Comunicaci\u00f3n de crisis: inmediatez s\u00ed; exactitud tambi\u00e9n\"}]},{\"@type\":\"WebSite\",\"@id\":\"https:\/\/proacomunicacion.es\/#website\",\"url\":\"https:\/\/proacomunicacion.es\/\",\"name\":\"PROA Comunicaci\u00f3n\",\"description\":\"Agencia de Comunicaci\u00f3n Corporativa en Madrid, Barcelona y Galicia.\",\"publisher\":{\"@id\":\"https:\/\/proacomunicacion.es\/#organization\"},\"alternateName\":\"PROA Comunicaci\u00f3n\",\"potentialAction\":[{\"@type\":\"SearchAction\",\"target\":{\"@type\":\"EntryPoint\",\"urlTemplate\":\"https:\/\/proacomunicacion.es\/?s={search_term_string}\"},\"query-input\":{\"@type\":\"PropertyValueSpecification\",\"valueRequired\":true,\"valueName\":\"search_term_string\"}}],\"inLanguage\":\"en-GB\"},{\"@type\":\"Organization\",\"@id\":\"https:\/\/proacomunicacion.es\/#organization\",\"name\":\"PROA Comunicaci\u00f3n\",\"alternateName\":\"PROA Comunicaci\u00f3n\",\"url\":\"https:\/\/proacomunicacion.es\/\",\"logo\":{\"@type\":\"ImageObject\",\"inLanguage\":\"en-GB\",\"@id\":\"https:\/\/proacomunicacion.es\/#\/schema\/logo\/image\/\",\"url\":\"https:\/\/proacomunicacion.es\/wp-content\/uploads\/2024\/01\/Logo_Light.svg\",\"contentUrl\":\"https:\/\/proacomunicacion.es\/wp-content\/uploads\/2024\/01\/Logo_Light.svg\",\"width\":136,\"height\":33,\"caption\":\"PROA Comunicaci\u00f3n\"},\"image\":{\"@id\":\"https:\/\/proacomunicacion.es\/#\/schema\/logo\/image\/\"},\"sameAs\":[\"https:\/\/x.com\/proacomunica\",\"https:\/\/es.linkedin.com\/company\/proa-comunicacion_2\",\"https:\/\/www.instagram.com\/proacomunica\/\",\"https:\/\/www.youtube.com\/@proacomunicacion\",\"https:\/\/es.wikipedia.org\/wiki\/PROA_Comunicacin\"]},{\"@type\":\"Person\",\"@id\":\"https:\/\/proacomunicacion.es\/#\/schema\/person\/f80dc8938ea94e7f8aa1e8dc716d5a60\",\"name\":\"PROA Comunicaci\u00f3n\",\"image\":{\"@type\":\"ImageObject\",\"inLanguage\":\"en-GB\",\"@id\":\"https:\/\/proacomunicacion.es\/#\/schema\/person\/image\/\",\"url\":\"https:\/\/secure.gravatar.com\/avatar\/394c93c195ff19b00e79d66a42971657a01de9f2740b97148d0f14a1e1a359b7?s=96&r=g\",\"contentUrl\":\"https:\/\/secure.gravatar.com\/avatar\/394c93c195ff19b00e79d66a42971657a01de9f2740b97148d0f14a1e1a359b7?s=96&r=g\",\"caption\":\"PROA Comunicaci\u00f3n\"}}]}<\/script>\n<!-- \/ Yoast SEO plugin. -->","yoast_head_json":{"title":"Crisis communication: immediacy yes; accuracy too - Blog Comunicaci\u00f3n y Reputaci\u00f3n","robots":{"index":"index","follow":"follow","max-snippet":"max-snippet:-1","max-image-preview":"max-image-preview:large","max-video-preview":"max-video-preview:-1"},"canonical":"https:\/\/proacomunicacion.es\/en\/crisis-communication-immediacy-if-accuracy-too\/","og_locale":"en_GB","og_type":"article","og_title":"Comunicaci\u00f3n de crisis: inmediatez s\u00ed; exactitud tambi\u00e9n - Blog Comunicaci\u00f3n y Reputaci\u00f3n","og_description":"En un caso de comunicaci\u00f3n de\u00a0crisis lo m\u00e1s importante es la transparencia informativa y la respuesta veraz hacia los medios de comunicaci\u00f3n y hacia la sociedad. Las empresas e instituciones, grandes y peque\u00f1as, tienen que estar preparadas ante una crisis. Por eso es fundamental tener preparado un protocolo de actuaci\u00f3n en caso de que se [&hellip;]","og_url":"https:\/\/proacomunicacion.es\/en\/crisis-communication-immediacy-if-accuracy-too\/","og_site_name":"PROA Comunicaci\u00f3n","article_published_time":"2013-09-26T09:03:00+00:00","og_image":[{"width":2560,"height":1414,"url":"https:\/\/proacomunicacion.es\/wp-content\/uploads\/2025\/08\/Firefly_radio-de-barco-scaled.jpg","type":"image\/jpeg"}],"author":"PROA Comunicaci\u00f3n","twitter_card":"summary_large_image","twitter_creator":"@proacomunica","twitter_site":"@proacomunica","twitter_misc":{"Written by":"PROA Comunicaci\u00f3n","Estimated reading time":"2 minutes"},"schema":{"@context":"https:\/\/schema.org","@graph":[{"@type":"Article","@id":"https:\/\/proacomunicacion.es\/comunicacion-de-crisis-inmediatez-si-exactitud-tambien\/#article","isPartOf":{"@id":"https:\/\/proacomunicacion.es\/comunicacion-de-crisis-inmediatez-si-exactitud-tambien\/"},"author":{"name":"PROA Comunicaci\u00f3n","@id":"https:\/\/proacomunicacion.es\/#\/schema\/person\/f80dc8938ea94e7f8aa1e8dc716d5a60"},"headline":"Comunicaci\u00f3n de crisis: inmediatez s\u00ed; exactitud tambi\u00e9n","datePublished":"2013-09-26T09:03:00+00:00","mainEntityOfPage":{"@id":"https:\/\/proacomunicacion.es\/comunicacion-de-crisis-inmediatez-si-exactitud-tambien\/"},"wordCount":409,"commentCount":0,"publisher":{"@id":"https:\/\/proacomunicacion.es\/#organization"},"image":{"@id":"https:\/\/proacomunicacion.es\/comunicacion-de-crisis-inmediatez-si-exactitud-tambien\/#primaryimage"},"thumbnailUrl":"","keywords":["Comunicaci\u00f3n de crisis","crisis reputacional","gesti\u00f3n comunicaci\u00f3n de crisis","gestionar comunicaci\u00f3n de crisis"],"articleSection":["Actualidad"],"inLanguage":"en-GB","potentialAction":[{"@type":"CommentAction","name":"Comment","target":["https:\/\/proacomunicacion.es\/comunicacion-de-crisis-inmediatez-si-exactitud-tambien\/#respond"]}]},{"@type":"WebPage","@id":"https:\/\/proacomunicacion.es\/comunicacion-de-crisis-inmediatez-si-exactitud-tambien\/","url":"https:\/\/proacomunicacion.es\/comunicacion-de-crisis-inmediatez-si-exactitud-tambien\/","name":"Crisis communication: immediacy yes; accuracy too - Blog Comunicaci\u00f3n y Reputaci\u00f3n","isPartOf":{"@id":"https:\/\/proacomunicacion.es\/#website"},"primaryImageOfPage":{"@id":"https:\/\/proacomunicacion.es\/comunicacion-de-crisis-inmediatez-si-exactitud-tambien\/#primaryimage"},"image":{"@id":"https:\/\/proacomunicacion.es\/comunicacion-de-crisis-inmediatez-si-exactitud-tambien\/#primaryimage"},"thumbnailUrl":"","datePublished":"2013-09-26T09:03:00+00:00","breadcrumb":{"@id":"https:\/\/proacomunicacion.es\/comunicacion-de-crisis-inmediatez-si-exactitud-tambien\/#breadcrumb"},"inLanguage":"en-GB","potentialAction":[{"@type":"ReadAction","target":["https:\/\/proacomunicacion.es\/comunicacion-de-crisis-inmediatez-si-exactitud-tambien\/"]}]},{"@type":"ImageObject","inLanguage":"en-GB","@id":"https:\/\/proacomunicacion.es\/comunicacion-de-crisis-inmediatez-si-exactitud-tambien\/#primaryimage","url":"","contentUrl":""},{"@type":"BreadcrumbList","@id":"https:\/\/proacomunicacion.es\/comunicacion-de-crisis-inmediatez-si-exactitud-tambien\/#breadcrumb","itemListElement":[{"@type":"ListItem","position":1,"name":"Portada","item":"https:\/\/proacomunicacion.es\/"},{"@type":"ListItem","position":2,"name":"Comunicaci\u00f3n de crisis: inmediatez s\u00ed; exactitud tambi\u00e9n"}]},{"@type":"WebSite","@id":"https:\/\/proacomunicacion.es\/#website","url":"https:\/\/proacomunicacion.es\/","name":"PROA Communication","description":"Corporate Communications Agency in Madrid, Barcelona and Galicia.","publisher":{"@id":"https:\/\/proacomunicacion.es\/#organization"},"alternateName":"PROA Comunicaci\u00f3n","potentialAction":[{"@type":"SearchAction","target":{"@type":"EntryPoint","urlTemplate":"https:\/\/proacomunicacion.es\/?s={search_term_string}"},"query-input":{"@type":"PropertyValueSpecification","valueRequired":true,"valueName":"search_term_string"}}],"inLanguage":"en-GB"},{"@type":"Organization","@id":"https:\/\/proacomunicacion.es\/#organization","name":"PROA Communication","alternateName":"PROA Comunicaci\u00f3n","url":"https:\/\/proacomunicacion.es\/","logo":{"@type":"ImageObject","inLanguage":"en-GB","@id":"https:\/\/proacomunicacion.es\/#\/schema\/logo\/image\/","url":"https:\/\/proacomunicacion.es\/wp-content\/uploads\/2024\/01\/Logo_Light.svg","contentUrl":"https:\/\/proacomunicacion.es\/wp-content\/uploads\/2024\/01\/Logo_Light.svg","width":136,"height":33,"caption":"PROA Comunicaci\u00f3n"},"image":{"@id":"https:\/\/proacomunicacion.es\/#\/schema\/logo\/image\/"},"sameAs":["https:\/\/x.com\/proacomunica","https:\/\/es.linkedin.com\/company\/proa-comunicacion_2","https:\/\/www.instagram.com\/proacomunica\/","https:\/\/www.youtube.com\/@proacomunicacion","https:\/\/es.wikipedia.org\/wiki\/PROA_Comunicacin"]},{"@type":"Person","@id":"https:\/\/proacomunicacion.es\/#\/schema\/person\/f80dc8938ea94e7f8aa1e8dc716d5a60","name":"PROA Communication","image":{"@type":"ImageObject","inLanguage":"en-GB","@id":"https:\/\/proacomunicacion.es\/#\/schema\/person\/image\/","url":"https:\/\/secure.gravatar.com\/avatar\/394c93c195ff19b00e79d66a42971657a01de9f2740b97148d0f14a1e1a359b7?s=96&r=g","contentUrl":"https:\/\/secure.gravatar.com\/avatar\/394c93c195ff19b00e79d66a42971657a01de9f2740b97148d0f14a1e1a359b7?s=96&r=g","caption":"PROA Comunicaci\u00f3n"}}]}},"_links":{"self":[{"href":"https:\/\/proacomunicacion.es\/en\/wp-json\/wp\/v2\/posts\/363","targetHints":{"allow":["GET"]}}],"collection":[{"href":"https:\/\/proacomunicacion.es\/en\/wp-json\/wp\/v2\/posts"}],"about":[{"href":"https:\/\/proacomunicacion.es\/en\/wp-json\/wp\/v2\/types\/post"}],"author":[{"embeddable":true,"href":"https:\/\/proacomunicacion.es\/en\/wp-json\/wp\/v2\/users\/28"}],"replies":[{"embeddable":true,"href":"https:\/\/proacomunicacion.es\/en\/wp-json\/wp\/v2\/comments?post=363"}],"version-history":[{"count":0,"href":"https:\/\/proacomunicacion.es\/en\/wp-json\/wp\/v2\/posts\/363\/revisions"}],"wp:featuredmedia":[{"embeddable":true,"href":"https:\/\/proacomunicacion.es\/en\/wp-json\/"}],"wp:attachment":[{"href":"https:\/\/proacomunicacion.es\/en\/wp-json\/wp\/v2\/media?parent=363"}],"wp:term":[{"taxonomy":"category","embeddable":true,"href":"https:\/\/proacomunicacion.es\/en\/wp-json\/wp\/v2\/categories?post=363"},{"taxonomy":"post_tag","embeddable":true,"href":"https:\/\/proacomunicacion.es\/en\/wp-json\/wp\/v2\/tags?post=363"}],"curies":[{"name":"wp","href":"https:\/\/api.w.org\/{rel}","templated":true}]}}