{"id":42253,"date":"2024-04-18T10:43:40","date_gmt":"2024-04-18T10:43:40","guid":{"rendered":"https:\/\/proacomunicacion.es\/?p=42253"},"modified":"2024-06-19T11:02:06","modified_gmt":"2024-06-19T11:02:06","slug":"carlos-souto-argemino-barro-warns-of-trumps-return-democracies-disarmed","status":"publish","type":"post","link":"https:\/\/proacomunicacion.es\/en\/carlos-souto-argemino-barro-advierten-regreso-de-trump-democracias-desarman\/","title":{"rendered":"Carlos Souto and Argemino Barro warn about the return of Trump: \"Now democracies are being dismantled from the inside out\"."},"content":{"rendered":"<div data-elementor-type=\"wp-post\" data-elementor-id=\"42253\" class=\"elementor elementor-42253\" data-elementor-post-type=\"post\">\n\t\t\t\t<div class=\"elementor-element elementor-element-50b7a91b e-flex e-con-boxed e-con e-parent\" data-id=\"50b7a91b\" data-element_type=\"container\" data-e-type=\"container\">\n\t\t\t\t\t<div class=\"e-con-inner\">\n\t\t\t\t<div class=\"elementor-element elementor-element-228c3703 elementor-widget elementor-widget-text-editor\" data-id=\"228c3703\" data-element_type=\"widget\" data-e-type=\"widget\" data-widget_type=\"text-editor.default\">\n\t\t\t\t<div class=\"elementor-widget-container\">\n\t\t\t\t\t\t\t\t\t\n<p><a href=\"https:\/\/proacomunicacion.es\/en\/\">PROA Communication<\/a>a consultancy firm specialising in designing, managing and consolidating communication, corporate reputation and public affairs for institutions and companies, as well as for senior executives, has held a new edition of its&nbsp;<em>Current Affairs Dialogues<\/em>&nbsp;with the participation of&nbsp;<a href=\"https:\/\/www.linkedin.com\/in\/argemino-barro-65984b48\/\"><strong>Argemino Barro<\/strong><\/a>US correspondent for&nbsp;<em>El Confidencial<\/em>,&nbsp;<em>La Sexta<\/em>&nbsp;y&nbsp;<em>Galician Television<\/em>; y&nbsp;<a href=\"https:\/\/www.linkedin.com\/in\/carlossouto\/\"><strong>Carlos Souto<\/strong><\/a>renowned global political consultant, founder of Souto Communications.<\/p>\n\n\n\n<p>The US elections, the possible return of Donald Trump to the White House and the impact of these elections on Europe, NATO and the war in Ukraine were the focus of the dialogue, moderated by&nbsp;<a href=\"https:\/\/es.wikipedia.org\/wiki\/Luc%C3%ADa_Casanueva\"><strong>Luc\u00eda Casanueva<\/strong><\/a>We are living in times when threats to the world order are multiplying every day. \"We are living in times when threats to the world order are multiplying every day. Since the Russian army invaded Ukraine for the second time in February 2022, the whole world has entered a period of instability that is affecting international relations, the economy and the quality of life all over the planet\", Casanueva pointed out.<\/p>\n\n\n\n<p>For Carlos Souto, the institutional deterioration experienced by the United States and the threat posed by the return of Donald Trump is a symptom of a larger phenomenon: \"It is democracy around the world that is cracking, it is crumbling. Democracies are now falling apart from the inside out, not the other way around, as was the case before with external interventions\".<\/p>\n\n\n\n<p>For Argemino Barro, if Trump wins on 5 November, he will apply \"a more extremist policy than in 2016\", when he had to resort to establishment figures to form his government team. \"It's been eight years, now there is a quarry of&nbsp;<em>trumpitos<\/em>&nbsp;as governors, in Congress and in&nbsp;<em>think tanks<\/em>. Instead of the 4,000 top officials who usually change in Washington with each administration, Trump intends to replace 50,000 federal officials with people who are absolutely loyal to him,\" said the New York correspondent.<\/p>\n\n\n\n<p>However, the outcome of the race for the White House remains open today. \"There are a lot of unhappy people and when a voter is unmotivated, you can't predict who they are going to vote for,\" Barro explained. \"There are months to go and everything happens in those months of campaigning. It remains to be seen what will happen with the financing of campaigns, with the so-called&nbsp;<em>Super Pac<\/em>For the moment, Biden has the advantage, because the Democrats function as a very well-structured bloc, but Trump could still rally his own\", said Souto, who as a consultant has worked on mobilising the Latino vote in past US presidential elections.<\/p>\n\n\n\n<p>This public communication professional, who has won presidential and governmental elections throughout Latin America, and who since 2014 has been advising the Ministry of Sports of Qatar, among other governments, has stressed that \"this is the year in which the world can change, because many hundreds of millions of people are voting in different countries, from the United States to India, and there have never been so many elections together as this year\".<\/p>\n\n\n\n<p>On the effects of a Trump victory on international geopolitics and the war in Ukraine, Barro warned: \"I do not rule out a war between Russia and NATO at all. \"Trump would hurt the Ukrainian cause. It has been leaked that his strategy would be peace for territory, as if this were the conflict of 2014, but it is not. Putin is going all out and he has time on his side\", added the author of the books&nbsp;<em>A History of Rus: Chronicling the War in Eastern Ukraine&nbsp;<\/em>y&nbsp;<em>The candidate and the fury<\/em>.<\/p>\n\n\n\n<p>In this sense, Luc\u00eda Casanueva also pointed out that \"depending on who wins the US elections, the impact on our lives, and on our businesses, of the foreign policy of the world's leading power, could be very different\".  \"I believe that Trump will change the&nbsp;<em>status quo<\/em>&nbsp;of the Ukrainian conflict, which is currently like a controlled roller coaster. In any case, the answer will be in Trump's ego and what can satisfy it,\" said Souto.<\/p>\n\n\n\n<p>As for Putin's strategy towards Europe, both analysts agreed on the absolute secrecy surrounding Putin's plans, who has also managed to demobilise the population politically, despite the diversity that exists in Russian society. Because, as Barro pointed out, quoting Fyodor Tyutchev's poem, \"Russia is not understood by the intellect\".<\/p>\n\n\n\n<p>As is customary in these forums at the Madrid headquarters of&nbsp;<strong>PROA Communication<\/strong>The event was attended by executives from different companies, business associations and media representatives. The&nbsp;<em>Current Affairs Dialogues<\/em>&nbsp;from&nbsp;<strong>PROA Communication<\/strong>&nbsp;bring together key figures from the economic, political, media and cultural spheres with business people, executives and opinion leaders to contribute to a deeper knowledge of reality, and to foster an in-depth understanding of the issues that are at the forefront of the news agenda.<\/p>\n\n\n\n<p>\"We are committed to excellence, talent and the contribution of ideas in each of the projects that carry our brand\", concluded Luc\u00eda Casanueva.<\/p>\n\n\n\n<figure class=\"wp-block-image size-large\"><img fetchpriority=\"high\" decoding=\"async\" width=\"1024\" height=\"674\" src=\"https:\/\/proacomunicacion.es\/wp-content\/uploads\/2024\/06\/Lucia-Argemino-Carlos-1030x678-1-1024x674.jpg\" alt=\"\" class=\"wp-image-42257\" srcset=\"https:\/\/proacomunicacion.es\/wp-content\/uploads\/2024\/06\/Lucia-Argemino-Carlos-1030x678-1-1024x674.jpg 1024w, https:\/\/proacomunicacion.es\/wp-content\/uploads\/2024\/06\/Lucia-Argemino-Carlos-1030x678-1-300x197.jpg 300w, https:\/\/proacomunicacion.es\/wp-content\/uploads\/2024\/06\/Lucia-Argemino-Carlos-1030x678-1-768x506.jpg 768w, https:\/\/proacomunicacion.es\/wp-content\/uploads\/2024\/06\/Lucia-Argemino-Carlos-1030x678-1.jpg 1030w\" sizes=\"(max-width: 1024px) 100vw, 1024px\" \/><\/figure>\n\t\t\t\t\t\t\t\t<\/div>\n\t\t\t\t<\/div>\n\t\t\t\t\t<\/div>\n\t\t\t\t<\/div>\n\t\t\t\t<\/div>","protected":false},"excerpt":{"rendered":"<p>PROA Comunicaci\u00f3n, consultora especializada en dise\u00f1ar, gestionar y consolidar la comunicaci\u00f3n, la reputaci\u00f3n corporativa y los asuntos p\u00fablicos de instituciones y empresas, as\u00ed como de altos directivos, ha celebrado una nueva edici\u00f3n de sus&nbsp;Di\u00e1logos de Actualidad&nbsp;con la participaci\u00f3n de&nbsp;Argemino Barro, corresponsal en Estados Unidos de&nbsp;El Confidencial,&nbsp;La Sexta&nbsp;y&nbsp;Televisi\u00f3n de Galicia; y&nbsp;Carlos Souto, reconocido consultor pol\u00edtico global, [&hellip;]<\/p>\n","protected":false},"author":28,"featured_media":42265,"comment_status":"open","ping_status":"open","sticky":false,"template":"","format":"standard","meta":{"footnotes":""},"categories":[2338,131],"tags":[501,333,2248,2249,2246],"class_list":["post-42253","post","type-post","status-publish","format-standard","has-post-thumbnail","hentry","category-actualidad","category-noticias","tag-elecciones","tag-estados-unidos","tag-guerra","tag-rusia","tag-ucrania"],"yoast_head":"<!-- This site is optimized with the Yoast SEO plugin v27.0 - https:\/\/yoast.com\/product\/yoast-seo-wordpress\/ -->\n<title>Carlos Souto y Argemino Barro advierten sobre el regreso de Trump: \u201cAhora las democracias se desarman de adentro hacia afuera\u201d - PROA Comunicaci\u00f3n<\/title>\n<meta name=\"robots\" content=\"index, follow, max-snippet:-1, max-image-preview:large, max-video-preview:-1\" \/>\n<link rel=\"canonical\" href=\"https:\/\/proacomunicacion.es\/en\/carlos-souto-argemino-barro-warns-of-trumps-return-democracies-disarmed\/\" \/>\n<meta property=\"og:locale\" content=\"en_GB\" \/>\n<meta property=\"og:type\" content=\"article\" \/>\n<meta property=\"og:title\" content=\"Carlos Souto y Argemino Barro advierten sobre el regreso de Trump: \u201cAhora las democracias se desarman de adentro hacia afuera\u201d - PROA Comunicaci\u00f3n\" \/>\n<meta property=\"og:description\" content=\"PROA Comunicaci\u00f3n, consultora especializada en dise\u00f1ar, gestionar y consolidar la comunicaci\u00f3n, la reputaci\u00f3n corporativa y los asuntos p\u00fablicos de instituciones y empresas, as\u00ed como de altos directivos, ha celebrado una nueva edici\u00f3n de sus&nbsp;Di\u00e1logos de Actualidad&nbsp;con la participaci\u00f3n de&nbsp;Argemino Barro, corresponsal en Estados Unidos de&nbsp;El Confidencial,&nbsp;La Sexta&nbsp;y&nbsp;Televisi\u00f3n de Galicia; y&nbsp;Carlos Souto, reconocido consultor pol\u00edtico global, [&hellip;]\" \/>\n<meta property=\"og:url\" content=\"https:\/\/proacomunicacion.es\/en\/carlos-souto-argemino-barro-warns-of-trumps-return-democracies-disarmed\/\" \/>\n<meta property=\"og:site_name\" content=\"PROA Comunicaci\u00f3n\" \/>\n<meta property=\"article:published_time\" content=\"2024-04-18T10:43:40+00:00\" \/>\n<meta property=\"article:modified_time\" content=\"2024-06-19T11:02:06+00:00\" \/>\n<meta property=\"og:image\" content=\"https:\/\/proacomunicacion.es\/wp-content\/uploads\/2024\/06\/PROA-Argemino-Barro-Carlos-Souto-web-scaled-1.jpg\" \/>\n\t<meta property=\"og:image:width\" content=\"2560\" \/>\n\t<meta property=\"og:image:height\" content=\"1317\" \/>\n\t<meta property=\"og:image:type\" content=\"image\/jpeg\" \/>\n<meta name=\"author\" content=\"PROA Comunicaci\u00f3n\" \/>\n<meta name=\"twitter:card\" content=\"summary_large_image\" \/>\n<meta name=\"twitter:creator\" content=\"@proacomunica\" \/>\n<meta name=\"twitter:site\" content=\"@proacomunica\" \/>\n<meta name=\"twitter:label1\" content=\"Written by\" \/>\n\t<meta name=\"twitter:data1\" content=\"PROA Comunicaci\u00f3n\" \/>\n\t<meta name=\"twitter:label2\" content=\"Estimated reading time\" \/>\n\t<meta name=\"twitter:data2\" content=\"5 minutes\" \/>\n<script type=\"application\/ld+json\" class=\"yoast-schema-graph\">{\"@context\":\"https:\/\/schema.org\",\"@graph\":[{\"@type\":\"Article\",\"@id\":\"https:\/\/proacomunicacion.es\/carlos-souto-argemino-barro-advierten-regreso-de-trump-democracias-desarman\/#article\",\"isPartOf\":{\"@id\":\"https:\/\/proacomunicacion.es\/carlos-souto-argemino-barro-advierten-regreso-de-trump-democracias-desarman\/\"},\"author\":{\"name\":\"PROA Comunicaci\u00f3n\",\"@id\":\"https:\/\/proacomunicacion.es\/#\/schema\/person\/f80dc8938ea94e7f8aa1e8dc716d5a60\"},\"headline\":\"Carlos Souto y Argemino Barro advierten sobre el regreso de Trump: \u201cAhora las democracias se desarman de adentro hacia afuera\u201d\",\"datePublished\":\"2024-04-18T10:43:40+00:00\",\"dateModified\":\"2024-06-19T11:02:06+00:00\",\"mainEntityOfPage\":{\"@id\":\"https:\/\/proacomunicacion.es\/carlos-souto-argemino-barro-advierten-regreso-de-trump-democracias-desarman\/\"},\"wordCount\":944,\"commentCount\":0,\"publisher\":{\"@id\":\"https:\/\/proacomunicacion.es\/#organization\"},\"image\":{\"@id\":\"https:\/\/proacomunicacion.es\/carlos-souto-argemino-barro-advierten-regreso-de-trump-democracias-desarman\/#primaryimage\"},\"thumbnailUrl\":\"https:\/\/proacomunicacion.es\/wp-content\/uploads\/2024\/06\/PROA-Argemino-Barro-Carlos-Souto-web-scaled-1.jpg\",\"keywords\":[\"elecciones\",\"Estados Unidos\",\"guerra\",\"Rusia\",\"Ucrania\"],\"articleSection\":[\"Actualidad\",\"Noticias\"],\"inLanguage\":\"en-GB\",\"potentialAction\":[{\"@type\":\"CommentAction\",\"name\":\"Comment\",\"target\":[\"https:\/\/proacomunicacion.es\/carlos-souto-argemino-barro-advierten-regreso-de-trump-democracias-desarman\/#respond\"]}]},{\"@type\":\"WebPage\",\"@id\":\"https:\/\/proacomunicacion.es\/carlos-souto-argemino-barro-advierten-regreso-de-trump-democracias-desarman\/\",\"url\":\"https:\/\/proacomunicacion.es\/carlos-souto-argemino-barro-advierten-regreso-de-trump-democracias-desarman\/\",\"name\":\"Carlos Souto y Argemino Barro advierten sobre el regreso de Trump: \u201cAhora las democracias se desarman de adentro hacia afuera\u201d - PROA Comunicaci\u00f3n\",\"isPartOf\":{\"@id\":\"https:\/\/proacomunicacion.es\/#website\"},\"primaryImageOfPage\":{\"@id\":\"https:\/\/proacomunicacion.es\/carlos-souto-argemino-barro-advierten-regreso-de-trump-democracias-desarman\/#primaryimage\"},\"image\":{\"@id\":\"https:\/\/proacomunicacion.es\/carlos-souto-argemino-barro-advierten-regreso-de-trump-democracias-desarman\/#primaryimage\"},\"thumbnailUrl\":\"https:\/\/proacomunicacion.es\/wp-content\/uploads\/2024\/06\/PROA-Argemino-Barro-Carlos-Souto-web-scaled-1.jpg\",\"datePublished\":\"2024-04-18T10:43:40+00:00\",\"dateModified\":\"2024-06-19T11:02:06+00:00\",\"breadcrumb\":{\"@id\":\"https:\/\/proacomunicacion.es\/carlos-souto-argemino-barro-advierten-regreso-de-trump-democracias-desarman\/#breadcrumb\"},\"inLanguage\":\"en-GB\",\"potentialAction\":[{\"@type\":\"ReadAction\",\"target\":[\"https:\/\/proacomunicacion.es\/carlos-souto-argemino-barro-advierten-regreso-de-trump-democracias-desarman\/\"]}]},{\"@type\":\"ImageObject\",\"inLanguage\":\"en-GB\",\"@id\":\"https:\/\/proacomunicacion.es\/carlos-souto-argemino-barro-advierten-regreso-de-trump-democracias-desarman\/#primaryimage\",\"url\":\"https:\/\/proacomunicacion.es\/wp-content\/uploads\/2024\/06\/PROA-Argemino-Barro-Carlos-Souto-web-scaled-1.jpg\",\"contentUrl\":\"https:\/\/proacomunicacion.es\/wp-content\/uploads\/2024\/06\/PROA-Argemino-Barro-Carlos-Souto-web-scaled-1.jpg\",\"width\":2560,\"height\":1317},{\"@type\":\"BreadcrumbList\",\"@id\":\"https:\/\/proacomunicacion.es\/carlos-souto-argemino-barro-advierten-regreso-de-trump-democracias-desarman\/#breadcrumb\",\"itemListElement\":[{\"@type\":\"ListItem\",\"position\":1,\"name\":\"Portada\",\"item\":\"https:\/\/proacomunicacion.es\/\"},{\"@type\":\"ListItem\",\"position\":2,\"name\":\"Carlos Souto y Argemino Barro advierten sobre el regreso de Trump: \u201cAhora las democracias se desarman de adentro hacia afuera\u201d\"}]},{\"@type\":\"WebSite\",\"@id\":\"https:\/\/proacomunicacion.es\/#website\",\"url\":\"https:\/\/proacomunicacion.es\/\",\"name\":\"PROA Comunicaci\u00f3n\",\"description\":\"Agencia de Comunicaci\u00f3n Corporativa en Madrid, Barcelona y Galicia.\",\"publisher\":{\"@id\":\"https:\/\/proacomunicacion.es\/#organization\"},\"alternateName\":\"PROA Comunicaci\u00f3n\",\"potentialAction\":[{\"@type\":\"SearchAction\",\"target\":{\"@type\":\"EntryPoint\",\"urlTemplate\":\"https:\/\/proacomunicacion.es\/?s={search_term_string}\"},\"query-input\":{\"@type\":\"PropertyValueSpecification\",\"valueRequired\":true,\"valueName\":\"search_term_string\"}}],\"inLanguage\":\"en-GB\"},{\"@type\":\"Organization\",\"@id\":\"https:\/\/proacomunicacion.es\/#organization\",\"name\":\"PROA Comunicaci\u00f3n\",\"alternateName\":\"PROA Comunicaci\u00f3n\",\"url\":\"https:\/\/proacomunicacion.es\/\",\"logo\":{\"@type\":\"ImageObject\",\"inLanguage\":\"en-GB\",\"@id\":\"https:\/\/proacomunicacion.es\/#\/schema\/logo\/image\/\",\"url\":\"https:\/\/proacomunicacion.es\/wp-content\/uploads\/2024\/01\/Logo_Light.svg\",\"contentUrl\":\"https:\/\/proacomunicacion.es\/wp-content\/uploads\/2024\/01\/Logo_Light.svg\",\"width\":136,\"height\":33,\"caption\":\"PROA Comunicaci\u00f3n\"},\"image\":{\"@id\":\"https:\/\/proacomunicacion.es\/#\/schema\/logo\/image\/\"},\"sameAs\":[\"https:\/\/x.com\/proacomunica\",\"https:\/\/es.linkedin.com\/company\/proa-comunicacion_2\",\"https:\/\/www.instagram.com\/proacomunica\/\",\"https:\/\/www.youtube.com\/@proacomunicacion\",\"https:\/\/es.wikipedia.org\/wiki\/PROA_Comunicacin\"]},{\"@type\":\"Person\",\"@id\":\"https:\/\/proacomunicacion.es\/#\/schema\/person\/f80dc8938ea94e7f8aa1e8dc716d5a60\",\"name\":\"PROA Comunicaci\u00f3n\",\"image\":{\"@type\":\"ImageObject\",\"inLanguage\":\"en-GB\",\"@id\":\"https:\/\/proacomunicacion.es\/#\/schema\/person\/image\/\",\"url\":\"https:\/\/secure.gravatar.com\/avatar\/394c93c195ff19b00e79d66a42971657a01de9f2740b97148d0f14a1e1a359b7?s=96&r=g\",\"contentUrl\":\"https:\/\/secure.gravatar.com\/avatar\/394c93c195ff19b00e79d66a42971657a01de9f2740b97148d0f14a1e1a359b7?s=96&r=g\",\"caption\":\"PROA Comunicaci\u00f3n\"}}]}<\/script>\n<!-- \/ Yoast SEO plugin. -->","yoast_head_json":{"title":"Carlos Souto and Argemino Barro warn about the return of Trump: \"Now democracies are being dismantled from the inside out\" - PROA Comunicaci\u00f3n","robots":{"index":"index","follow":"follow","max-snippet":"max-snippet:-1","max-image-preview":"max-image-preview:large","max-video-preview":"max-video-preview:-1"},"canonical":"https:\/\/proacomunicacion.es\/en\/carlos-souto-argemino-barro-warns-of-trumps-return-democracies-disarmed\/","og_locale":"en_GB","og_type":"article","og_title":"Carlos Souto y Argemino Barro advierten sobre el regreso de Trump: \u201cAhora las democracias se desarman de adentro hacia afuera\u201d - PROA Comunicaci\u00f3n","og_description":"PROA Comunicaci\u00f3n, consultora especializada en dise\u00f1ar, gestionar y consolidar la comunicaci\u00f3n, la reputaci\u00f3n corporativa y los asuntos p\u00fablicos de instituciones y empresas, as\u00ed como de altos directivos, ha celebrado una nueva edici\u00f3n de sus&nbsp;Di\u00e1logos de Actualidad&nbsp;con la participaci\u00f3n de&nbsp;Argemino Barro, corresponsal en Estados Unidos de&nbsp;El Confidencial,&nbsp;La Sexta&nbsp;y&nbsp;Televisi\u00f3n de Galicia; y&nbsp;Carlos Souto, reconocido consultor pol\u00edtico global, [&hellip;]","og_url":"https:\/\/proacomunicacion.es\/en\/carlos-souto-argemino-barro-warns-of-trumps-return-democracies-disarmed\/","og_site_name":"PROA Comunicaci\u00f3n","article_published_time":"2024-04-18T10:43:40+00:00","article_modified_time":"2024-06-19T11:02:06+00:00","og_image":[{"width":2560,"height":1317,"url":"https:\/\/proacomunicacion.es\/wp-content\/uploads\/2024\/06\/PROA-Argemino-Barro-Carlos-Souto-web-scaled-1.jpg","type":"image\/jpeg"}],"author":"PROA Comunicaci\u00f3n","twitter_card":"summary_large_image","twitter_creator":"@proacomunica","twitter_site":"@proacomunica","twitter_misc":{"Written by":"PROA Comunicaci\u00f3n","Estimated reading time":"5 minutes"},"schema":{"@context":"https:\/\/schema.org","@graph":[{"@type":"Article","@id":"https:\/\/proacomunicacion.es\/carlos-souto-argemino-barro-advierten-regreso-de-trump-democracias-desarman\/#article","isPartOf":{"@id":"https:\/\/proacomunicacion.es\/carlos-souto-argemino-barro-advierten-regreso-de-trump-democracias-desarman\/"},"author":{"name":"PROA Comunicaci\u00f3n","@id":"https:\/\/proacomunicacion.es\/#\/schema\/person\/f80dc8938ea94e7f8aa1e8dc716d5a60"},"headline":"Carlos Souto y Argemino Barro advierten sobre el regreso de Trump: \u201cAhora las democracias se desarman de adentro hacia afuera\u201d","datePublished":"2024-04-18T10:43:40+00:00","dateModified":"2024-06-19T11:02:06+00:00","mainEntityOfPage":{"@id":"https:\/\/proacomunicacion.es\/carlos-souto-argemino-barro-advierten-regreso-de-trump-democracias-desarman\/"},"wordCount":944,"commentCount":0,"publisher":{"@id":"https:\/\/proacomunicacion.es\/#organization"},"image":{"@id":"https:\/\/proacomunicacion.es\/carlos-souto-argemino-barro-advierten-regreso-de-trump-democracias-desarman\/#primaryimage"},"thumbnailUrl":"https:\/\/proacomunicacion.es\/wp-content\/uploads\/2024\/06\/PROA-Argemino-Barro-Carlos-Souto-web-scaled-1.jpg","keywords":["elecciones","Estados Unidos","guerra","Rusia","Ucrania"],"articleSection":["Actualidad","Noticias"],"inLanguage":"en-GB","potentialAction":[{"@type":"CommentAction","name":"Comment","target":["https:\/\/proacomunicacion.es\/carlos-souto-argemino-barro-advierten-regreso-de-trump-democracias-desarman\/#respond"]}]},{"@type":"WebPage","@id":"https:\/\/proacomunicacion.es\/carlos-souto-argemino-barro-advierten-regreso-de-trump-democracias-desarman\/","url":"https:\/\/proacomunicacion.es\/carlos-souto-argemino-barro-advierten-regreso-de-trump-democracias-desarman\/","name":"Carlos Souto and Argemino Barro warn about the return of Trump: \"Now democracies are being dismantled from the inside out\" - PROA Comunicaci\u00f3n","isPartOf":{"@id":"https:\/\/proacomunicacion.es\/#website"},"primaryImageOfPage":{"@id":"https:\/\/proacomunicacion.es\/carlos-souto-argemino-barro-advierten-regreso-de-trump-democracias-desarman\/#primaryimage"},"image":{"@id":"https:\/\/proacomunicacion.es\/carlos-souto-argemino-barro-advierten-regreso-de-trump-democracias-desarman\/#primaryimage"},"thumbnailUrl":"https:\/\/proacomunicacion.es\/wp-content\/uploads\/2024\/06\/PROA-Argemino-Barro-Carlos-Souto-web-scaled-1.jpg","datePublished":"2024-04-18T10:43:40+00:00","dateModified":"2024-06-19T11:02:06+00:00","breadcrumb":{"@id":"https:\/\/proacomunicacion.es\/carlos-souto-argemino-barro-advierten-regreso-de-trump-democracias-desarman\/#breadcrumb"},"inLanguage":"en-GB","potentialAction":[{"@type":"ReadAction","target":["https:\/\/proacomunicacion.es\/carlos-souto-argemino-barro-advierten-regreso-de-trump-democracias-desarman\/"]}]},{"@type":"ImageObject","inLanguage":"en-GB","@id":"https:\/\/proacomunicacion.es\/carlos-souto-argemino-barro-advierten-regreso-de-trump-democracias-desarman\/#primaryimage","url":"https:\/\/proacomunicacion.es\/wp-content\/uploads\/2024\/06\/PROA-Argemino-Barro-Carlos-Souto-web-scaled-1.jpg","contentUrl":"https:\/\/proacomunicacion.es\/wp-content\/uploads\/2024\/06\/PROA-Argemino-Barro-Carlos-Souto-web-scaled-1.jpg","width":2560,"height":1317},{"@type":"BreadcrumbList","@id":"https:\/\/proacomunicacion.es\/carlos-souto-argemino-barro-advierten-regreso-de-trump-democracias-desarman\/#breadcrumb","itemListElement":[{"@type":"ListItem","position":1,"name":"Portada","item":"https:\/\/proacomunicacion.es\/"},{"@type":"ListItem","position":2,"name":"Carlos Souto y Argemino Barro advierten sobre el regreso de Trump: \u201cAhora las democracias se desarman de adentro hacia afuera\u201d"}]},{"@type":"WebSite","@id":"https:\/\/proacomunicacion.es\/#website","url":"https:\/\/proacomunicacion.es\/","name":"PROA Communication","description":"Corporate Communications Agency in Madrid, Barcelona and Galicia.","publisher":{"@id":"https:\/\/proacomunicacion.es\/#organization"},"alternateName":"PROA Comunicaci\u00f3n","potentialAction":[{"@type":"SearchAction","target":{"@type":"EntryPoint","urlTemplate":"https:\/\/proacomunicacion.es\/?s={search_term_string}"},"query-input":{"@type":"PropertyValueSpecification","valueRequired":true,"valueName":"search_term_string"}}],"inLanguage":"en-GB"},{"@type":"Organization","@id":"https:\/\/proacomunicacion.es\/#organization","name":"PROA Communication","alternateName":"PROA Comunicaci\u00f3n","url":"https:\/\/proacomunicacion.es\/","logo":{"@type":"ImageObject","inLanguage":"en-GB","@id":"https:\/\/proacomunicacion.es\/#\/schema\/logo\/image\/","url":"https:\/\/proacomunicacion.es\/wp-content\/uploads\/2024\/01\/Logo_Light.svg","contentUrl":"https:\/\/proacomunicacion.es\/wp-content\/uploads\/2024\/01\/Logo_Light.svg","width":136,"height":33,"caption":"PROA Comunicaci\u00f3n"},"image":{"@id":"https:\/\/proacomunicacion.es\/#\/schema\/logo\/image\/"},"sameAs":["https:\/\/x.com\/proacomunica","https:\/\/es.linkedin.com\/company\/proa-comunicacion_2","https:\/\/www.instagram.com\/proacomunica\/","https:\/\/www.youtube.com\/@proacomunicacion","https:\/\/es.wikipedia.org\/wiki\/PROA_Comunicacin"]},{"@type":"Person","@id":"https:\/\/proacomunicacion.es\/#\/schema\/person\/f80dc8938ea94e7f8aa1e8dc716d5a60","name":"PROA Communication","image":{"@type":"ImageObject","inLanguage":"en-GB","@id":"https:\/\/proacomunicacion.es\/#\/schema\/person\/image\/","url":"https:\/\/secure.gravatar.com\/avatar\/394c93c195ff19b00e79d66a42971657a01de9f2740b97148d0f14a1e1a359b7?s=96&r=g","contentUrl":"https:\/\/secure.gravatar.com\/avatar\/394c93c195ff19b00e79d66a42971657a01de9f2740b97148d0f14a1e1a359b7?s=96&r=g","caption":"PROA Comunicaci\u00f3n"}}]}},"_links":{"self":[{"href":"https:\/\/proacomunicacion.es\/en\/wp-json\/wp\/v2\/posts\/42253","targetHints":{"allow":["GET"]}}],"collection":[{"href":"https:\/\/proacomunicacion.es\/en\/wp-json\/wp\/v2\/posts"}],"about":[{"href":"https:\/\/proacomunicacion.es\/en\/wp-json\/wp\/v2\/types\/post"}],"author":[{"embeddable":true,"href":"https:\/\/proacomunicacion.es\/en\/wp-json\/wp\/v2\/users\/28"}],"replies":[{"embeddable":true,"href":"https:\/\/proacomunicacion.es\/en\/wp-json\/wp\/v2\/comments?post=42253"}],"version-history":[{"count":4,"href":"https:\/\/proacomunicacion.es\/en\/wp-json\/wp\/v2\/posts\/42253\/revisions"}],"predecessor-version":[{"id":42271,"href":"https:\/\/proacomunicacion.es\/en\/wp-json\/wp\/v2\/posts\/42253\/revisions\/42271"}],"wp:featuredmedia":[{"embeddable":true,"href":"https:\/\/proacomunicacion.es\/en\/wp-json\/wp\/v2\/media\/42265"}],"wp:attachment":[{"href":"https:\/\/proacomunicacion.es\/en\/wp-json\/wp\/v2\/media?parent=42253"}],"wp:term":[{"taxonomy":"category","embeddable":true,"href":"https:\/\/proacomunicacion.es\/en\/wp-json\/wp\/v2\/categories?post=42253"},{"taxonomy":"post_tag","embeddable":true,"href":"https:\/\/proacomunicacion.es\/en\/wp-json\/wp\/v2\/tags?post=42253"}],"curies":[{"name":"wp","href":"https:\/\/api.w.org\/{rel}","templated":true}]}}