{"id":42302,"date":"2024-03-21T15:58:32","date_gmt":"2024-03-21T15:58:32","guid":{"rendered":"https:\/\/proacomunicacion.es\/?p=42302"},"modified":"2024-06-20T10:53:12","modified_gmt":"2024-06-20T10:53:12","slug":"from-energy-transition-to-action","status":"publish","type":"post","link":"https:\/\/proacomunicacion.es\/en\/de-la-transicion-energetica-a-la-accion\/","title":{"rendered":"From energy transition to action"},"content":{"rendered":"<div data-elementor-type=\"wp-post\" data-elementor-id=\"42302\" class=\"elementor elementor-42302\" data-elementor-post-type=\"post\">\n\t\t\t\t<div class=\"elementor-element elementor-element-759260ac e-flex e-con-boxed e-con e-parent\" data-id=\"759260ac\" data-element_type=\"container\" data-e-type=\"container\">\n\t\t\t\t\t<div class=\"e-con-inner\">\n\t\t\t\t<div class=\"elementor-element elementor-element-4623fc70 elementor-widget elementor-widget-text-editor\" data-id=\"4623fc70\" data-element_type=\"widget\" data-e-type=\"widget\" data-widget_type=\"text-editor.default\">\n\t\t\t\t<div class=\"elementor-widget-container\">\n\t\t\t\t\t\t\t\t\t\n<p>The renewable energy sector is now of unprecedented importance on the political and industrial agenda in developed countries. But, although&nbsp;<strong>countries are making progress in energy diversification and security, this sector is not without challenges<\/strong>. Price volatility, regulation in some cases, and the resistance of certain&nbsp;<em>stakeholders<\/em>&nbsp;are holding back some of their potential.<\/p>\n\n\n\n<h3 class=\"wp-block-heading\">Renewable energy as a 'Spain Brand<\/h3>\n\n\n\n<p>At present, the consumption of renewable energies in&nbsp;<strong>Spain<\/strong>&nbsp;represents approximately&nbsp;<strong>20,7% of average gross final energy consumption<\/strong>emissions, according to STATISTA data, underlining our progress towards reducing dependence on fossil fuels.<\/p>\n\n\n\n<p>In addition, our country occupies a prominent position in the global renewable energy panorama, both in terms of installed capacity and in terms of policies for the development and promotion of the sector, closing the year at the top of the list.&nbsp;<strong>2023<\/strong>&nbsp;with a&nbsp;<strong>CO2 emission free electricity generation rate higher than 50%<\/strong>. It is one of the 15 largest consumers of clean energy globally.<\/p>\n\n\n\n<p>This increase in renewable energy consumption highlights Spain's contribution to international efforts to mitigate climate change. In this way, it reinforces its commitment to increase its renewable capacity and meet the targets set by the European Union in terms of clean energy and carbon emissions reduction.<\/p>\n\n\n\n<p>However, although our geography and climate have given us a competitive advantage for the development of energy sources such as wind and solar, there is still a long way to go to reduce dependence and move towards a more sustainable model.<\/p>\n\n\n\n<p>To encourage this progress, it is essential that companies in the sector publicise the capacity of their renewable projects and effectively communicate the positive socio-economic impact that the industry has on the Spanish economy.<\/p>\n\n\n\n<h3 class=\"wp-block-heading\">Communication as the driver of sustainability<\/h3>\n\n\n\n<p>Strategic communication emerges as a key tool to improve the sector's positioning, increase support for renewables among its stakeholders, and increase the number of people who are interested in renewable energies.&nbsp;<em>stakeholders<\/em>&nbsp;and publicise each company's services and innovations. Specifically:<\/p>\n\n\n\n<ul class=\"wp-block-list\">\n<li>Strategic communication enables renewable energy companies to highlight their\u00a0<strong>commitment to sustainability<\/strong>\u00a0with investors, customers and stakeholders in general. By communicating transparently and convincingly about their corporate responsibility initiatives and sustainable practices, they can build a strong reputation.<\/li>\n\n\n\n<li>It is essential to\u00a0<strong>raise awareness<\/strong>\u00a0to the population on the importance of the energy transition and the advantages of renewable energies. It serves as an effective tool to educate and promote the adoption of sustainable practices at all levels.<\/li>\n\n\n\n<li>It also facilitates the creation of\u00a0<strong>agreements and alliances<\/strong>\u00a0with public administrations, organisations and other companies in the sector. By collaborating on joint projects and promoting renewable energy-friendly policies, they can broaden their impact and move towards shared sustainability goals.<\/li>\n\n\n\n<li>A good strategy can\u00a0<strong>influencing public policy<\/strong>\u00a0to encourage the adoption of renewable energy and sustainable practices. By participating in the public debate, advocating for favourable policies and defending their legitimate interests before legislators and regulators, they can achieve significant changes in the regulatory framework.<\/li>\n\n\n\n<li>It is crucial to\u00a0<strong>managing potential crises<\/strong>. By anticipating and responding effectively to public concerns and emerging challenges, companies can better protect their reputation. At\u00a0<strong><a href=\"https:\/\/proacomunicacion.es\/en\/\">PROA Communication<\/a><\/strong>\u00a0we believe that the key lies in\u00a0<strong>anticipate<\/strong>\u00a0and develop\u00a0<strong>strategies<\/strong>\u00a0of communication\u00a0<strong>cross-cutting<\/strong>\u00a0tailored to the specific needs and objectives of each company.<\/li>\n<\/ul>\n\n\n\n<h3 class=\"wp-block-heading\">Communication consultancies: the best ally for action<\/h3>\n\n\n\n<p>In this context of energy transition towards a more sustainable system, communication consultancies play a crucial role in helping companies in the energy sector to highlight their commitment to sustainability and innovation. In a context of numerous competitors, investments and talent, it is essential to convey clear messages about the achievements of each company and its contribution to sustainable development. To do this, a number of actions need to be taken:<\/p>\n\n\n\n<p>- Development of&nbsp;<strong>public awareness campaigns<\/strong>&nbsp;on the importance of the energy transition and the role of renewable energies in reducing carbon emissions.<br>-&nbsp;<strong>Collaboration with environmental organisations and community groups<\/strong>&nbsp;in renewable energy and energy efficiency projects.<br>- Organisation of events and conferences to share best practices and experiences in the implementation of sustainable technologies.<br>- Use of the&nbsp;<strong>social media<\/strong>&nbsp;and other digital media to&nbsp;<strong>share related news, updates and achievements<\/strong>&nbsp;with the&nbsp;<strong>sustainability<\/strong>.<br>- Establish corporate volunteer programmes focused on environmental and conservation projects.<br>- Publication of&nbsp;<strong>annual sustainability reports<\/strong>&nbsp;detailing sustainability objectives, progress and challenges.<br>- Creation of&nbsp;<strong>incentives for customers and employees<\/strong>&nbsp;to adopt energy-saving measures and the use of renewable energies themselves.<\/p>\n\n\n\n<p>Our experience and sector-focused approach enable us to design tailored strategies that not only raise public awareness of sustainability, but also produce tangible results for our clients. From strengthening sustainable engagement to managing existing crises and building strategic alliances, at&nbsp;<strong><a href=\"https:\/\/proacomunicacion.es\/en\/\">PROA Communication<\/a><\/strong>&nbsp;we are committed to helping renewable energy companies become key players in the energy transition and major drivers of climate change mitigation.<\/p>\n\t\t\t\t\t\t\t\t<\/div>\n\t\t\t\t<\/div>\n\t\t\t\t\t<\/div>\n\t\t\t\t<\/div>\n\t\t\t\t<\/div>","protected":false},"excerpt":{"rendered":"<p>El sector de las energ\u00edas renovables tiene ahora una importancia sin precedentes en la agenda pol\u00edtica, e industrial de los pa\u00edses desarrollados. Pero, aunque&nbsp;los pa\u00edses est\u00e1n avanzando en diversificaci\u00f3n y seguridad energ\u00e9tica, este sector no est\u00e1 exento de desaf\u00edos. La volatilidad de los precios, la regulaci\u00f3n en algunos casos y la resistencia de ciertos&nbsp;stakeholders&nbsp;est\u00e1n frenando [&hellip;]<\/p>\n","protected":false},"author":28,"featured_media":42305,"comment_status":"open","ping_status":"open","sticky":false,"template":"","format":"standard","meta":{"footnotes":""},"categories":[2338,131],"tags":[2402,460,2227,1259],"class_list":["post-42302","post","type-post","status-publish","format-standard","has-post-thumbnail","hentry","category-actualidad","category-noticias","tag-transiccion-energetica","tag-comunicacion-estrategica","tag-energias-renovables","tag-sostenibilidad"],"yoast_head":"<!-- This site is optimized with the Yoast SEO plugin v27.0 - https:\/\/yoast.com\/product\/yoast-seo-wordpress\/ -->\n<title>De la transici\u00f3n energ\u00e9tica a la acci\u00f3n - PROA Comunicaci\u00f3n<\/title>\n<meta name=\"robots\" content=\"index, follow, max-snippet:-1, max-image-preview:large, max-video-preview:-1\" \/>\n<link rel=\"canonical\" href=\"https:\/\/proacomunicacion.es\/en\/from-energy-transition-to-action\/\" \/>\n<meta property=\"og:locale\" content=\"en_GB\" \/>\n<meta property=\"og:type\" content=\"article\" \/>\n<meta property=\"og:title\" content=\"De la transici\u00f3n energ\u00e9tica a la acci\u00f3n - PROA Comunicaci\u00f3n\" \/>\n<meta property=\"og:description\" content=\"El sector de las energ\u00edas renovables tiene ahora una importancia sin precedentes en la agenda pol\u00edtica, e industrial de los pa\u00edses desarrollados. Pero, aunque&nbsp;los pa\u00edses est\u00e1n avanzando en diversificaci\u00f3n y seguridad energ\u00e9tica, este sector no est\u00e1 exento de desaf\u00edos. La volatilidad de los precios, la regulaci\u00f3n en algunos casos y la resistencia de ciertos&nbsp;stakeholders&nbsp;est\u00e1n frenando [&hellip;]\" \/>\n<meta property=\"og:url\" content=\"https:\/\/proacomunicacion.es\/en\/from-energy-transition-to-action\/\" \/>\n<meta property=\"og:site_name\" content=\"PROA Comunicaci\u00f3n\" \/>\n<meta property=\"article:published_time\" content=\"2024-03-21T15:58:32+00:00\" \/>\n<meta property=\"article:modified_time\" content=\"2024-06-20T10:53:12+00:00\" \/>\n<meta property=\"og:image\" content=\"https:\/\/proacomunicacion.es\/wp-content\/uploads\/2024\/06\/EQUIPO1-scaled-1.jpg\" \/>\n\t<meta property=\"og:image:width\" content=\"2560\" \/>\n\t<meta property=\"og:image:height\" content=\"1435\" \/>\n\t<meta property=\"og:image:type\" content=\"image\/jpeg\" \/>\n<meta name=\"author\" content=\"PROA Comunicaci\u00f3n\" \/>\n<meta name=\"twitter:card\" content=\"summary_large_image\" \/>\n<meta name=\"twitter:creator\" content=\"@proacomunica\" \/>\n<meta name=\"twitter:site\" content=\"@proacomunica\" \/>\n<meta name=\"twitter:label1\" content=\"Written by\" \/>\n\t<meta name=\"twitter:data1\" content=\"PROA Comunicaci\u00f3n\" \/>\n\t<meta name=\"twitter:label2\" content=\"Estimated reading time\" \/>\n\t<meta name=\"twitter:data2\" content=\"5 minutes\" \/>\n<script type=\"application\/ld+json\" class=\"yoast-schema-graph\">{\"@context\":\"https:\/\/schema.org\",\"@graph\":[{\"@type\":\"Article\",\"@id\":\"https:\/\/proacomunicacion.es\/de-la-transicion-energetica-a-la-accion\/#article\",\"isPartOf\":{\"@id\":\"https:\/\/proacomunicacion.es\/de-la-transicion-energetica-a-la-accion\/\"},\"author\":{\"name\":\"PROA Comunicaci\u00f3n\",\"@id\":\"https:\/\/proacomunicacion.es\/#\/schema\/person\/f80dc8938ea94e7f8aa1e8dc716d5a60\"},\"headline\":\"De la transici\u00f3n energ\u00e9tica a la acci\u00f3n\",\"datePublished\":\"2024-03-21T15:58:32+00:00\",\"dateModified\":\"2024-06-20T10:53:12+00:00\",\"mainEntityOfPage\":{\"@id\":\"https:\/\/proacomunicacion.es\/de-la-transicion-energetica-a-la-accion\/\"},\"wordCount\":1004,\"commentCount\":0,\"publisher\":{\"@id\":\"https:\/\/proacomunicacion.es\/#organization\"},\"image\":{\"@id\":\"https:\/\/proacomunicacion.es\/de-la-transicion-energetica-a-la-accion\/#primaryimage\"},\"thumbnailUrl\":\"https:\/\/proacomunicacion.es\/wp-content\/uploads\/2024\/06\/EQUIPO1-scaled-1.jpg\",\"keywords\":[\"\u00b4transicci\u00f3n energ\u00e9tica\",\"Comunicaci\u00f3n estrat\u00e9gica\",\"Energ\u00edas renovables\",\"sostenibilidad\"],\"articleSection\":[\"Actualidad\",\"Noticias\"],\"inLanguage\":\"en-GB\",\"potentialAction\":[{\"@type\":\"CommentAction\",\"name\":\"Comment\",\"target\":[\"https:\/\/proacomunicacion.es\/de-la-transicion-energetica-a-la-accion\/#respond\"]}]},{\"@type\":\"WebPage\",\"@id\":\"https:\/\/proacomunicacion.es\/de-la-transicion-energetica-a-la-accion\/\",\"url\":\"https:\/\/proacomunicacion.es\/de-la-transicion-energetica-a-la-accion\/\",\"name\":\"De la transici\u00f3n energ\u00e9tica a la acci\u00f3n - PROA Comunicaci\u00f3n\",\"isPartOf\":{\"@id\":\"https:\/\/proacomunicacion.es\/#website\"},\"primaryImageOfPage\":{\"@id\":\"https:\/\/proacomunicacion.es\/de-la-transicion-energetica-a-la-accion\/#primaryimage\"},\"image\":{\"@id\":\"https:\/\/proacomunicacion.es\/de-la-transicion-energetica-a-la-accion\/#primaryimage\"},\"thumbnailUrl\":\"https:\/\/proacomunicacion.es\/wp-content\/uploads\/2024\/06\/EQUIPO1-scaled-1.jpg\",\"datePublished\":\"2024-03-21T15:58:32+00:00\",\"dateModified\":\"2024-06-20T10:53:12+00:00\",\"breadcrumb\":{\"@id\":\"https:\/\/proacomunicacion.es\/de-la-transicion-energetica-a-la-accion\/#breadcrumb\"},\"inLanguage\":\"en-GB\",\"potentialAction\":[{\"@type\":\"ReadAction\",\"target\":[\"https:\/\/proacomunicacion.es\/de-la-transicion-energetica-a-la-accion\/\"]}]},{\"@type\":\"ImageObject\",\"inLanguage\":\"en-GB\",\"@id\":\"https:\/\/proacomunicacion.es\/de-la-transicion-energetica-a-la-accion\/#primaryimage\",\"url\":\"https:\/\/proacomunicacion.es\/wp-content\/uploads\/2024\/06\/EQUIPO1-scaled-1.jpg\",\"contentUrl\":\"https:\/\/proacomunicacion.es\/wp-content\/uploads\/2024\/06\/EQUIPO1-scaled-1.jpg\",\"width\":2560,\"height\":1435},{\"@type\":\"BreadcrumbList\",\"@id\":\"https:\/\/proacomunicacion.es\/de-la-transicion-energetica-a-la-accion\/#breadcrumb\",\"itemListElement\":[{\"@type\":\"ListItem\",\"position\":1,\"name\":\"Portada\",\"item\":\"https:\/\/proacomunicacion.es\/\"},{\"@type\":\"ListItem\",\"position\":2,\"name\":\"De la transici\u00f3n energ\u00e9tica a la acci\u00f3n\"}]},{\"@type\":\"WebSite\",\"@id\":\"https:\/\/proacomunicacion.es\/#website\",\"url\":\"https:\/\/proacomunicacion.es\/\",\"name\":\"PROA Comunicaci\u00f3n\",\"description\":\"Agencia de Comunicaci\u00f3n Corporativa en Madrid, Barcelona y Galicia.\",\"publisher\":{\"@id\":\"https:\/\/proacomunicacion.es\/#organization\"},\"alternateName\":\"PROA Comunicaci\u00f3n\",\"potentialAction\":[{\"@type\":\"SearchAction\",\"target\":{\"@type\":\"EntryPoint\",\"urlTemplate\":\"https:\/\/proacomunicacion.es\/?s={search_term_string}\"},\"query-input\":{\"@type\":\"PropertyValueSpecification\",\"valueRequired\":true,\"valueName\":\"search_term_string\"}}],\"inLanguage\":\"en-GB\"},{\"@type\":\"Organization\",\"@id\":\"https:\/\/proacomunicacion.es\/#organization\",\"name\":\"PROA Comunicaci\u00f3n\",\"alternateName\":\"PROA Comunicaci\u00f3n\",\"url\":\"https:\/\/proacomunicacion.es\/\",\"logo\":{\"@type\":\"ImageObject\",\"inLanguage\":\"en-GB\",\"@id\":\"https:\/\/proacomunicacion.es\/#\/schema\/logo\/image\/\",\"url\":\"https:\/\/proacomunicacion.es\/wp-content\/uploads\/2024\/01\/Logo_Light.svg\",\"contentUrl\":\"https:\/\/proacomunicacion.es\/wp-content\/uploads\/2024\/01\/Logo_Light.svg\",\"width\":136,\"height\":33,\"caption\":\"PROA Comunicaci\u00f3n\"},\"image\":{\"@id\":\"https:\/\/proacomunicacion.es\/#\/schema\/logo\/image\/\"},\"sameAs\":[\"https:\/\/x.com\/proacomunica\",\"https:\/\/es.linkedin.com\/company\/proa-comunicacion_2\",\"https:\/\/www.instagram.com\/proacomunica\/\",\"https:\/\/www.youtube.com\/@proacomunicacion\",\"https:\/\/es.wikipedia.org\/wiki\/PROA_Comunicacin\"]},{\"@type\":\"Person\",\"@id\":\"https:\/\/proacomunicacion.es\/#\/schema\/person\/f80dc8938ea94e7f8aa1e8dc716d5a60\",\"name\":\"PROA Comunicaci\u00f3n\",\"image\":{\"@type\":\"ImageObject\",\"inLanguage\":\"en-GB\",\"@id\":\"https:\/\/proacomunicacion.es\/#\/schema\/person\/image\/\",\"url\":\"https:\/\/secure.gravatar.com\/avatar\/394c93c195ff19b00e79d66a42971657a01de9f2740b97148d0f14a1e1a359b7?s=96&r=g\",\"contentUrl\":\"https:\/\/secure.gravatar.com\/avatar\/394c93c195ff19b00e79d66a42971657a01de9f2740b97148d0f14a1e1a359b7?s=96&r=g\",\"caption\":\"PROA Comunicaci\u00f3n\"}}]}<\/script>\n<!-- \/ Yoast SEO plugin. -->","yoast_head_json":{"title":"From Energy Transition to Action - PROA Comunicaci\u00f3n","robots":{"index":"index","follow":"follow","max-snippet":"max-snippet:-1","max-image-preview":"max-image-preview:large","max-video-preview":"max-video-preview:-1"},"canonical":"https:\/\/proacomunicacion.es\/en\/from-energy-transition-to-action\/","og_locale":"en_GB","og_type":"article","og_title":"De la transici\u00f3n energ\u00e9tica a la acci\u00f3n - PROA Comunicaci\u00f3n","og_description":"El sector de las energ\u00edas renovables tiene ahora una importancia sin precedentes en la agenda pol\u00edtica, e industrial de los pa\u00edses desarrollados. Pero, aunque&nbsp;los pa\u00edses est\u00e1n avanzando en diversificaci\u00f3n y seguridad energ\u00e9tica, este sector no est\u00e1 exento de desaf\u00edos. La volatilidad de los precios, la regulaci\u00f3n en algunos casos y la resistencia de ciertos&nbsp;stakeholders&nbsp;est\u00e1n frenando [&hellip;]","og_url":"https:\/\/proacomunicacion.es\/en\/from-energy-transition-to-action\/","og_site_name":"PROA Comunicaci\u00f3n","article_published_time":"2024-03-21T15:58:32+00:00","article_modified_time":"2024-06-20T10:53:12+00:00","og_image":[{"width":2560,"height":1435,"url":"https:\/\/proacomunicacion.es\/wp-content\/uploads\/2024\/06\/EQUIPO1-scaled-1.jpg","type":"image\/jpeg"}],"author":"PROA Comunicaci\u00f3n","twitter_card":"summary_large_image","twitter_creator":"@proacomunica","twitter_site":"@proacomunica","twitter_misc":{"Written by":"PROA Comunicaci\u00f3n","Estimated reading time":"5 minutes"},"schema":{"@context":"https:\/\/schema.org","@graph":[{"@type":"Article","@id":"https:\/\/proacomunicacion.es\/de-la-transicion-energetica-a-la-accion\/#article","isPartOf":{"@id":"https:\/\/proacomunicacion.es\/de-la-transicion-energetica-a-la-accion\/"},"author":{"name":"PROA Comunicaci\u00f3n","@id":"https:\/\/proacomunicacion.es\/#\/schema\/person\/f80dc8938ea94e7f8aa1e8dc716d5a60"},"headline":"De la transici\u00f3n energ\u00e9tica a la acci\u00f3n","datePublished":"2024-03-21T15:58:32+00:00","dateModified":"2024-06-20T10:53:12+00:00","mainEntityOfPage":{"@id":"https:\/\/proacomunicacion.es\/de-la-transicion-energetica-a-la-accion\/"},"wordCount":1004,"commentCount":0,"publisher":{"@id":"https:\/\/proacomunicacion.es\/#organization"},"image":{"@id":"https:\/\/proacomunicacion.es\/de-la-transicion-energetica-a-la-accion\/#primaryimage"},"thumbnailUrl":"https:\/\/proacomunicacion.es\/wp-content\/uploads\/2024\/06\/EQUIPO1-scaled-1.jpg","keywords":["\u00b4transicci\u00f3n energ\u00e9tica","Comunicaci\u00f3n estrat\u00e9gica","Energ\u00edas renovables","sostenibilidad"],"articleSection":["Actualidad","Noticias"],"inLanguage":"en-GB","potentialAction":[{"@type":"CommentAction","name":"Comment","target":["https:\/\/proacomunicacion.es\/de-la-transicion-energetica-a-la-accion\/#respond"]}]},{"@type":"WebPage","@id":"https:\/\/proacomunicacion.es\/de-la-transicion-energetica-a-la-accion\/","url":"https:\/\/proacomunicacion.es\/de-la-transicion-energetica-a-la-accion\/","name":"From Energy Transition to Action - PROA Comunicaci\u00f3n","isPartOf":{"@id":"https:\/\/proacomunicacion.es\/#website"},"primaryImageOfPage":{"@id":"https:\/\/proacomunicacion.es\/de-la-transicion-energetica-a-la-accion\/#primaryimage"},"image":{"@id":"https:\/\/proacomunicacion.es\/de-la-transicion-energetica-a-la-accion\/#primaryimage"},"thumbnailUrl":"https:\/\/proacomunicacion.es\/wp-content\/uploads\/2024\/06\/EQUIPO1-scaled-1.jpg","datePublished":"2024-03-21T15:58:32+00:00","dateModified":"2024-06-20T10:53:12+00:00","breadcrumb":{"@id":"https:\/\/proacomunicacion.es\/de-la-transicion-energetica-a-la-accion\/#breadcrumb"},"inLanguage":"en-GB","potentialAction":[{"@type":"ReadAction","target":["https:\/\/proacomunicacion.es\/de-la-transicion-energetica-a-la-accion\/"]}]},{"@type":"ImageObject","inLanguage":"en-GB","@id":"https:\/\/proacomunicacion.es\/de-la-transicion-energetica-a-la-accion\/#primaryimage","url":"https:\/\/proacomunicacion.es\/wp-content\/uploads\/2024\/06\/EQUIPO1-scaled-1.jpg","contentUrl":"https:\/\/proacomunicacion.es\/wp-content\/uploads\/2024\/06\/EQUIPO1-scaled-1.jpg","width":2560,"height":1435},{"@type":"BreadcrumbList","@id":"https:\/\/proacomunicacion.es\/de-la-transicion-energetica-a-la-accion\/#breadcrumb","itemListElement":[{"@type":"ListItem","position":1,"name":"Portada","item":"https:\/\/proacomunicacion.es\/"},{"@type":"ListItem","position":2,"name":"De la transici\u00f3n energ\u00e9tica a la acci\u00f3n"}]},{"@type":"WebSite","@id":"https:\/\/proacomunicacion.es\/#website","url":"https:\/\/proacomunicacion.es\/","name":"PROA Communication","description":"Corporate Communications Agency in Madrid, Barcelona and Galicia.","publisher":{"@id":"https:\/\/proacomunicacion.es\/#organization"},"alternateName":"PROA Comunicaci\u00f3n","potentialAction":[{"@type":"SearchAction","target":{"@type":"EntryPoint","urlTemplate":"https:\/\/proacomunicacion.es\/?s={search_term_string}"},"query-input":{"@type":"PropertyValueSpecification","valueRequired":true,"valueName":"search_term_string"}}],"inLanguage":"en-GB"},{"@type":"Organization","@id":"https:\/\/proacomunicacion.es\/#organization","name":"PROA Communication","alternateName":"PROA Comunicaci\u00f3n","url":"https:\/\/proacomunicacion.es\/","logo":{"@type":"ImageObject","inLanguage":"en-GB","@id":"https:\/\/proacomunicacion.es\/#\/schema\/logo\/image\/","url":"https:\/\/proacomunicacion.es\/wp-content\/uploads\/2024\/01\/Logo_Light.svg","contentUrl":"https:\/\/proacomunicacion.es\/wp-content\/uploads\/2024\/01\/Logo_Light.svg","width":136,"height":33,"caption":"PROA Comunicaci\u00f3n"},"image":{"@id":"https:\/\/proacomunicacion.es\/#\/schema\/logo\/image\/"},"sameAs":["https:\/\/x.com\/proacomunica","https:\/\/es.linkedin.com\/company\/proa-comunicacion_2","https:\/\/www.instagram.com\/proacomunica\/","https:\/\/www.youtube.com\/@proacomunicacion","https:\/\/es.wikipedia.org\/wiki\/PROA_Comunicacin"]},{"@type":"Person","@id":"https:\/\/proacomunicacion.es\/#\/schema\/person\/f80dc8938ea94e7f8aa1e8dc716d5a60","name":"PROA Communication","image":{"@type":"ImageObject","inLanguage":"en-GB","@id":"https:\/\/proacomunicacion.es\/#\/schema\/person\/image\/","url":"https:\/\/secure.gravatar.com\/avatar\/394c93c195ff19b00e79d66a42971657a01de9f2740b97148d0f14a1e1a359b7?s=96&r=g","contentUrl":"https:\/\/secure.gravatar.com\/avatar\/394c93c195ff19b00e79d66a42971657a01de9f2740b97148d0f14a1e1a359b7?s=96&r=g","caption":"PROA Comunicaci\u00f3n"}}]}},"_links":{"self":[{"href":"https:\/\/proacomunicacion.es\/en\/wp-json\/wp\/v2\/posts\/42302","targetHints":{"allow":["GET"]}}],"collection":[{"href":"https:\/\/proacomunicacion.es\/en\/wp-json\/wp\/v2\/posts"}],"about":[{"href":"https:\/\/proacomunicacion.es\/en\/wp-json\/wp\/v2\/types\/post"}],"author":[{"embeddable":true,"href":"https:\/\/proacomunicacion.es\/en\/wp-json\/wp\/v2\/users\/28"}],"replies":[{"embeddable":true,"href":"https:\/\/proacomunicacion.es\/en\/wp-json\/wp\/v2\/comments?post=42302"}],"version-history":[{"count":4,"href":"https:\/\/proacomunicacion.es\/en\/wp-json\/wp\/v2\/posts\/42302\/revisions"}],"predecessor-version":[{"id":42309,"href":"https:\/\/proacomunicacion.es\/en\/wp-json\/wp\/v2\/posts\/42302\/revisions\/42309"}],"wp:featuredmedia":[{"embeddable":true,"href":"https:\/\/proacomunicacion.es\/en\/wp-json\/wp\/v2\/media\/42305"}],"wp:attachment":[{"href":"https:\/\/proacomunicacion.es\/en\/wp-json\/wp\/v2\/media?parent=42302"}],"wp:term":[{"taxonomy":"category","embeddable":true,"href":"https:\/\/proacomunicacion.es\/en\/wp-json\/wp\/v2\/categories?post=42302"},{"taxonomy":"post_tag","embeddable":true,"href":"https:\/\/proacomunicacion.es\/en\/wp-json\/wp\/v2\/tags?post=42302"}],"curies":[{"name":"wp","href":"https:\/\/api.w.org\/{rel}","templated":true}]}}