{"id":46320,"date":"2025-11-14T09:56:02","date_gmt":"2025-11-14T08:56:02","guid":{"rendered":"https:\/\/proacomunicacion.es\/?p=46320"},"modified":"2025-11-14T09:56:28","modified_gmt":"2025-11-14T08:56:28","slug":"proa-comunicacion-the-scene-of-espinosa-de-los-monteros-latest-announcement-a-massive-deregulation-report-inspired-by-javier-milei","status":"publish","type":"post","link":"https:\/\/proacomunicacion.es\/en\/proa-comunicacion-escenario-del-ultimo-anuncio-de-espinosa-de-los-monteros-un-informe-de-desregulacion-masiva-inspirado-en-javier-milei\/","title":{"rendered":"PROA Comunicaci\u00f3n, setting for Espinosa de los Monteros' latest announcement: a massive deregulation report inspired by Javier Milei"},"content":{"rendered":"<p><strong>PROA Comunicaci\u00f3n has organised one of its Current Affairs Dialogues to host a presentation of Atenea, the Think Tank with which Iv\u00e1n Espinosa de los Monteros seeks to project ideas and attract talent from civil society to the public debate.<\/strong><\/p>\n\n\n\n<p>Spain needs to regain economic dynamism and reform its institutional architecture to face the current challenges. This is the idea that has been the focus of the last <strong>Current Affairs Dialogue of <\/strong><a href=\"https:\/\/proacomunicacion.es\/en\/\"><strong>PROA Communication<\/strong><\/a>, in which <strong>Iv\u00e1n Espinosa de los Monteros<\/strong> has reintroduced <strong>Athena<\/strong>, The meeting brought together yesterday a group of people from all over the world to discuss their project of civic thinking and mobilisation. The meeting yesterday brought together <strong>business leaders, institutional representatives and managers of national and international companies<\/strong>, The European Parliament and the Council of Ministers, who participated in an open debate on the structural reforms needed to boost growth and strengthen the quality of democracy in Spain.<\/p>\n\n\n\n<p>The event is part of the Dialogues of Current Affairs cycle of <a href=\"https:\/\/proacomunicacion.es\/en\/\">PROA Communication<\/a>, a consultancy firm specialising in strategic communications, corporate reputation and public affairs. During the opening, its founding partner, <strong>Luc\u00eda Casanueva<\/strong>, He recalled the consultancy firm's vocation to actively participate in the public conversation and to create spaces where those who lead the debate on the country's major challenges can be heard. He stressed that the reconstruction of institutional confidence and economic dynamism requires a more involved civil society, and highlighted the value of initiatives such as Atenea to project ideas, attract talent and enrich public debate.<\/p>\n\n\n\n<p>The participants agreed that Spain is going through a key moment in economic matters which, due to various institutional tensions, conditions the country's capacity to face structural challenges such as productivity, the sustainability of the welfare state and legal certainty. During the colloquium it was stressed that the improvement of the institutional architecture, the reduction of regulatory obstacles and greater economic dynamism require the following <strong>more active involvement of civil society<\/strong>, The EU has a key role to play in promoting reforms and building a more stable and attractive environment for investment and growth.<\/p>\n\n\n\n<p>To this end, Espinosa de los Monteros explained that Atenea is already working on two main blocks which, in his opinion, form the essential foundations on which the change the country needs should be based: \u201cthe recovery of the rule of law and a new economic impulse capable of placing Spain on a path of sustained growth\u201d. The first of these areas, he pointed out, involves <strong>strengthening the separation of powers, ensuring legal certainty and modernising the functioning of institutions<\/strong>, These factors are essential to attract investment, reduce uncertainties and consolidate a stable democratic framework. \u201c<strong>Without a sound and predictable institutional environment, it is impossible to aspire to sustainable economic growth.<\/strong>\u201dHe said, recalling that Atenea has already drafted an initial package of proposals aimed at improving the functioning of the three branches of government.<\/p>\n\n\n\n<p>The second major area of work described by Espinosa de los Monteros centres on the need to<strong> reviving economic dynamism and undertaking far-reaching structural reforms<\/strong>. According to him, Spain is burdened by a complex regulatory framework, high regulatory pressure and public spending that hinders competitiveness. In order to move towards a more productive model, he advocated administrative simplification, a tax reform that encourages economic activity and a more efficient use of public resources.<\/p>\n\n\n\n<p>In this context, Espinosa de los Monteros underlined that <strong>\u201cSpain deserves a second economic miracle\u201d,<\/strong> and appealed to the need for \u201cleaders with in-depth knowledge of the economy to undertake the structural reforms that the country needs\u201d. In addition, he announced that Atenea has already started the elaboration of a <strong>comprehensive deregulation report<\/strong>, inspired by the Argentinian model, with the aim of <strong>analyse all existing regulations and identify which regulations can be modified or repealed,<\/strong> to improve the efficiency of public spending. He said such a simplification would \u201csave tens of billions of euros\u201d for the state. He also indicated that any future government would face natural resistance from various quarters, and therefore called for a strong political will to implement the changes.<\/p>\n\n\n\n<p>Throughout the colloquium, Espinosa de los Monteros insisted that <strong>civil society needs to take a more active role in promoting reforms<\/strong>, He also stressed that the business and professional fabric has a \u201cgreater\u201d responsibility in this process, given its direct knowledge of the challenges facing the Spanish economy in terms of productivity, competitiveness and innovation. He also stressed that the business and professional fabric has a \u201cgreater\" responsibility in this process, given its direct knowledge of the challenges of productivity, competitiveness and innovation facing the Spanish economy. \"<strong>If we keep waiting for politicians, we cannot expect change.<\/strong>\u201dHe encouraged the audience to contribute with proposals, analysis and dissemination of the reports produced by Atenea. In his opinion, <strong>an informed, mobilised and demanding civil society is key to guiding the public agenda<\/strong> and to convey to policy makers a clear demand for reform.<\/p>\n\n\n\n<p>During question time, he addressed other strategic challenges, such as Spain's role in the technological revolution and its opportunity to become a relevant node for digital infrastructures and data centres. And he stressed the importance of a coherent foreign policy and a long-term approach in areas such as pensions and financial sustainability, issues which, in his opinion, require broad consensus and State plans.<\/p>\n\n\n\n<p>The meeting, held in a closed format and by invitation only, was attended by top business representatives, investors, managers of national and international companies, professionals from consultancy firms, diplomatic representatives and leaders of third sector organisations. After the speech, a space for exchange with the audience was opened, which showed the <strong>willingness to involve civil society<\/strong> in the face of the country's economic and institutional challenges.<\/p>\n\n\n\n<p><\/p>","protected":false},"excerpt":{"rendered":"<p>PROA Comunicaci\u00f3n ha organizado uno de sus Di\u00e1logos de Actualidad para acoger una presentaci\u00f3n de Atenea, el Think Tank con el que Iv\u00e1n Espinosa de los Monteros busca proyectar ideas y atraer talento de la sociedad civil al debate p\u00fablico. Espa\u00f1a necesita recuperar dinamismo econ\u00f3mico y reformar su arquitectura institucional para afrontar los desaf\u00edos actuales. [&hellip;]<\/p>\n","protected":false},"author":28,"featured_media":46317,"comment_status":"open","ping_status":"open","sticky":false,"template":"","format":"standard","meta":{"footnotes":""},"categories":[131],"tags":[],"class_list":["post-46320","post","type-post","status-publish","format-standard","has-post-thumbnail","hentry","category-noticias"],"yoast_head":"<!-- This site is optimized with the Yoast SEO plugin v27.0 - https:\/\/yoast.com\/product\/yoast-seo-wordpress\/ -->\n<title>PROA Comunicaci\u00f3n, escenario del \u00faltimo anuncio de Espinosa de los Monteros: un informe de desregulaci\u00f3n masiva inspirado en Javier Milei - PROA Comunicaci\u00f3n<\/title>\n<meta name=\"robots\" content=\"index, follow, max-snippet:-1, max-image-preview:large, max-video-preview:-1\" \/>\n<link rel=\"canonical\" href=\"https:\/\/proacomunicacion.es\/en\/proa-comunicacion-the-scene-of-espinosa-de-los-monteros-latest-announcement-a-massive-deregulation-report-inspired-by-javier-milei\/\" \/>\n<meta property=\"og:locale\" content=\"en_GB\" \/>\n<meta property=\"og:type\" content=\"article\" \/>\n<meta property=\"og:title\" content=\"PROA Comunicaci\u00f3n, escenario del \u00faltimo anuncio de Espinosa de los Monteros: un informe de desregulaci\u00f3n masiva inspirado en Javier Milei - PROA Comunicaci\u00f3n\" \/>\n<meta property=\"og:description\" content=\"PROA Comunicaci\u00f3n ha organizado uno de sus Di\u00e1logos de Actualidad para acoger una presentaci\u00f3n de Atenea, el Think Tank con el que Iv\u00e1n Espinosa de los Monteros busca proyectar ideas y atraer talento de la sociedad civil al debate p\u00fablico. Espa\u00f1a necesita recuperar dinamismo econ\u00f3mico y reformar su arquitectura institucional para afrontar los desaf\u00edos actuales. [&hellip;]\" \/>\n<meta property=\"og:url\" content=\"https:\/\/proacomunicacion.es\/en\/proa-comunicacion-the-scene-of-espinosa-de-los-monteros-latest-announcement-a-massive-deregulation-report-inspired-by-javier-milei\/\" \/>\n<meta property=\"og:site_name\" content=\"PROA Comunicaci\u00f3n\" \/>\n<meta property=\"article:published_time\" content=\"2025-11-14T08:56:02+00:00\" \/>\n<meta property=\"article:modified_time\" content=\"2025-11-14T08:56:28+00:00\" \/>\n<meta property=\"og:image\" content=\"https:\/\/proacomunicacion.es\/wp-content\/uploads\/2025\/11\/Imagen2.jpg\" \/>\n\t<meta property=\"og:image:width\" content=\"1299\" \/>\n\t<meta property=\"og:image:height\" content=\"866\" \/>\n\t<meta property=\"og:image:type\" content=\"image\/jpeg\" \/>\n<meta name=\"author\" content=\"PROA Comunicaci\u00f3n\" \/>\n<meta name=\"twitter:card\" content=\"summary_large_image\" \/>\n<meta name=\"twitter:creator\" content=\"@proacomunica\" \/>\n<meta name=\"twitter:site\" content=\"@proacomunica\" \/>\n<meta name=\"twitter:label1\" content=\"Written by\" \/>\n\t<meta name=\"twitter:data1\" content=\"PROA Comunicaci\u00f3n\" \/>\n\t<meta name=\"twitter:label2\" content=\"Estimated reading time\" \/>\n\t<meta name=\"twitter:data2\" content=\"1 minute\" \/>\n<script type=\"application\/ld+json\" class=\"yoast-schema-graph\">{\"@context\":\"https:\/\/schema.org\",\"@graph\":[{\"@type\":\"Article\",\"@id\":\"https:\/\/proacomunicacion.es\/proa-comunicacion-escenario-del-ultimo-anuncio-de-espinosa-de-los-monteros-un-informe-de-desregulacion-masiva-inspirado-en-javier-milei\/#article\",\"isPartOf\":{\"@id\":\"https:\/\/proacomunicacion.es\/proa-comunicacion-escenario-del-ultimo-anuncio-de-espinosa-de-los-monteros-un-informe-de-desregulacion-masiva-inspirado-en-javier-milei\/\"},\"author\":{\"name\":\"PROA Comunicaci\u00f3n\",\"@id\":\"https:\/\/proacomunicacion.es\/#\/schema\/person\/f80dc8938ea94e7f8aa1e8dc716d5a60\"},\"headline\":\"PROA Comunicaci\u00f3n, escenario del \u00faltimo anuncio de Espinosa de los Monteros: un informe de desregulaci\u00f3n masiva inspirado en Javier Milei\",\"datePublished\":\"2025-11-14T08:56:02+00:00\",\"dateModified\":\"2025-11-14T08:56:28+00:00\",\"mainEntityOfPage\":{\"@id\":\"https:\/\/proacomunicacion.es\/proa-comunicacion-escenario-del-ultimo-anuncio-de-espinosa-de-los-monteros-un-informe-de-desregulacion-masiva-inspirado-en-javier-milei\/\"},\"wordCount\":1100,\"commentCount\":0,\"publisher\":{\"@id\":\"https:\/\/proacomunicacion.es\/#organization\"},\"image\":{\"@id\":\"https:\/\/proacomunicacion.es\/proa-comunicacion-escenario-del-ultimo-anuncio-de-espinosa-de-los-monteros-un-informe-de-desregulacion-masiva-inspirado-en-javier-milei\/#primaryimage\"},\"thumbnailUrl\":\"https:\/\/proacomunicacion.es\/wp-content\/uploads\/2025\/11\/Imagen2.jpg\",\"articleSection\":[\"Noticias\"],\"inLanguage\":\"en-GB\",\"potentialAction\":[{\"@type\":\"CommentAction\",\"name\":\"Comment\",\"target\":[\"https:\/\/proacomunicacion.es\/proa-comunicacion-escenario-del-ultimo-anuncio-de-espinosa-de-los-monteros-un-informe-de-desregulacion-masiva-inspirado-en-javier-milei\/#respond\"]}]},{\"@type\":\"WebPage\",\"@id\":\"https:\/\/proacomunicacion.es\/proa-comunicacion-escenario-del-ultimo-anuncio-de-espinosa-de-los-monteros-un-informe-de-desregulacion-masiva-inspirado-en-javier-milei\/\",\"url\":\"https:\/\/proacomunicacion.es\/proa-comunicacion-escenario-del-ultimo-anuncio-de-espinosa-de-los-monteros-un-informe-de-desregulacion-masiva-inspirado-en-javier-milei\/\",\"name\":\"PROA Comunicaci\u00f3n, escenario del \u00faltimo anuncio de Espinosa de los Monteros: un informe de desregulaci\u00f3n masiva inspirado en Javier Milei - PROA Comunicaci\u00f3n\",\"isPartOf\":{\"@id\":\"https:\/\/proacomunicacion.es\/#website\"},\"primaryImageOfPage\":{\"@id\":\"https:\/\/proacomunicacion.es\/proa-comunicacion-escenario-del-ultimo-anuncio-de-espinosa-de-los-monteros-un-informe-de-desregulacion-masiva-inspirado-en-javier-milei\/#primaryimage\"},\"image\":{\"@id\":\"https:\/\/proacomunicacion.es\/proa-comunicacion-escenario-del-ultimo-anuncio-de-espinosa-de-los-monteros-un-informe-de-desregulacion-masiva-inspirado-en-javier-milei\/#primaryimage\"},\"thumbnailUrl\":\"https:\/\/proacomunicacion.es\/wp-content\/uploads\/2025\/11\/Imagen2.jpg\",\"datePublished\":\"2025-11-14T08:56:02+00:00\",\"dateModified\":\"2025-11-14T08:56:28+00:00\",\"breadcrumb\":{\"@id\":\"https:\/\/proacomunicacion.es\/proa-comunicacion-escenario-del-ultimo-anuncio-de-espinosa-de-los-monteros-un-informe-de-desregulacion-masiva-inspirado-en-javier-milei\/#breadcrumb\"},\"inLanguage\":\"en-GB\",\"potentialAction\":[{\"@type\":\"ReadAction\",\"target\":[\"https:\/\/proacomunicacion.es\/proa-comunicacion-escenario-del-ultimo-anuncio-de-espinosa-de-los-monteros-un-informe-de-desregulacion-masiva-inspirado-en-javier-milei\/\"]}]},{\"@type\":\"ImageObject\",\"inLanguage\":\"en-GB\",\"@id\":\"https:\/\/proacomunicacion.es\/proa-comunicacion-escenario-del-ultimo-anuncio-de-espinosa-de-los-monteros-un-informe-de-desregulacion-masiva-inspirado-en-javier-milei\/#primaryimage\",\"url\":\"https:\/\/proacomunicacion.es\/wp-content\/uploads\/2025\/11\/Imagen2.jpg\",\"contentUrl\":\"https:\/\/proacomunicacion.es\/wp-content\/uploads\/2025\/11\/Imagen2.jpg\",\"width\":1299,\"height\":866},{\"@type\":\"BreadcrumbList\",\"@id\":\"https:\/\/proacomunicacion.es\/proa-comunicacion-escenario-del-ultimo-anuncio-de-espinosa-de-los-monteros-un-informe-de-desregulacion-masiva-inspirado-en-javier-milei\/#breadcrumb\",\"itemListElement\":[{\"@type\":\"ListItem\",\"position\":1,\"name\":\"Portada\",\"item\":\"https:\/\/proacomunicacion.es\/\"},{\"@type\":\"ListItem\",\"position\":2,\"name\":\"PROA Comunicaci\u00f3n, escenario del \u00faltimo anuncio de Espinosa de los Monteros: un informe de desregulaci\u00f3n masiva inspirado en Javier Milei\"}]},{\"@type\":\"WebSite\",\"@id\":\"https:\/\/proacomunicacion.es\/#website\",\"url\":\"https:\/\/proacomunicacion.es\/\",\"name\":\"PROA Comunicaci\u00f3n\",\"description\":\"Agencia de Comunicaci\u00f3n Corporativa en Madrid, Barcelona y Galicia.\",\"publisher\":{\"@id\":\"https:\/\/proacomunicacion.es\/#organization\"},\"alternateName\":\"PROA Comunicaci\u00f3n\",\"potentialAction\":[{\"@type\":\"SearchAction\",\"target\":{\"@type\":\"EntryPoint\",\"urlTemplate\":\"https:\/\/proacomunicacion.es\/?s={search_term_string}\"},\"query-input\":{\"@type\":\"PropertyValueSpecification\",\"valueRequired\":true,\"valueName\":\"search_term_string\"}}],\"inLanguage\":\"en-GB\"},{\"@type\":\"Organization\",\"@id\":\"https:\/\/proacomunicacion.es\/#organization\",\"name\":\"PROA Comunicaci\u00f3n\",\"alternateName\":\"PROA Comunicaci\u00f3n\",\"url\":\"https:\/\/proacomunicacion.es\/\",\"logo\":{\"@type\":\"ImageObject\",\"inLanguage\":\"en-GB\",\"@id\":\"https:\/\/proacomunicacion.es\/#\/schema\/logo\/image\/\",\"url\":\"https:\/\/proacomunicacion.es\/wp-content\/uploads\/2024\/01\/Logo_Light.svg\",\"contentUrl\":\"https:\/\/proacomunicacion.es\/wp-content\/uploads\/2024\/01\/Logo_Light.svg\",\"width\":136,\"height\":33,\"caption\":\"PROA Comunicaci\u00f3n\"},\"image\":{\"@id\":\"https:\/\/proacomunicacion.es\/#\/schema\/logo\/image\/\"},\"sameAs\":[\"https:\/\/x.com\/proacomunica\",\"https:\/\/es.linkedin.com\/company\/proa-comunicacion_2\",\"https:\/\/www.instagram.com\/proacomunica\/\",\"https:\/\/www.youtube.com\/@proacomunicacion\",\"https:\/\/es.wikipedia.org\/wiki\/PROA_Comunicacin\"]},{\"@type\":\"Person\",\"@id\":\"https:\/\/proacomunicacion.es\/#\/schema\/person\/f80dc8938ea94e7f8aa1e8dc716d5a60\",\"name\":\"PROA Comunicaci\u00f3n\",\"image\":{\"@type\":\"ImageObject\",\"inLanguage\":\"en-GB\",\"@id\":\"https:\/\/proacomunicacion.es\/#\/schema\/person\/image\/\",\"url\":\"https:\/\/secure.gravatar.com\/avatar\/394c93c195ff19b00e79d66a42971657a01de9f2740b97148d0f14a1e1a359b7?s=96&r=g\",\"contentUrl\":\"https:\/\/secure.gravatar.com\/avatar\/394c93c195ff19b00e79d66a42971657a01de9f2740b97148d0f14a1e1a359b7?s=96&r=g\",\"caption\":\"PROA Comunicaci\u00f3n\"}}]}<\/script>\n<!-- \/ Yoast SEO plugin. -->","yoast_head_json":{"title":"PROA Comunicaci\u00f3n, scene of Espinosa de los Monteros' latest announcement: a massive deregulation report inspired by Javier Milei - PROA Comunicaci\u00f3n","robots":{"index":"index","follow":"follow","max-snippet":"max-snippet:-1","max-image-preview":"max-image-preview:large","max-video-preview":"max-video-preview:-1"},"canonical":"https:\/\/proacomunicacion.es\/en\/proa-comunicacion-the-scene-of-espinosa-de-los-monteros-latest-announcement-a-massive-deregulation-report-inspired-by-javier-milei\/","og_locale":"en_GB","og_type":"article","og_title":"PROA Comunicaci\u00f3n, escenario del \u00faltimo anuncio de Espinosa de los Monteros: un informe de desregulaci\u00f3n masiva inspirado en Javier Milei - PROA Comunicaci\u00f3n","og_description":"PROA Comunicaci\u00f3n ha organizado uno de sus Di\u00e1logos de Actualidad para acoger una presentaci\u00f3n de Atenea, el Think Tank con el que Iv\u00e1n Espinosa de los Monteros busca proyectar ideas y atraer talento de la sociedad civil al debate p\u00fablico. Espa\u00f1a necesita recuperar dinamismo econ\u00f3mico y reformar su arquitectura institucional para afrontar los desaf\u00edos actuales. [&hellip;]","og_url":"https:\/\/proacomunicacion.es\/en\/proa-comunicacion-the-scene-of-espinosa-de-los-monteros-latest-announcement-a-massive-deregulation-report-inspired-by-javier-milei\/","og_site_name":"PROA Comunicaci\u00f3n","article_published_time":"2025-11-14T08:56:02+00:00","article_modified_time":"2025-11-14T08:56:28+00:00","og_image":[{"width":1299,"height":866,"url":"https:\/\/proacomunicacion.es\/wp-content\/uploads\/2025\/11\/Imagen2.jpg","type":"image\/jpeg"}],"author":"PROA Comunicaci\u00f3n","twitter_card":"summary_large_image","twitter_creator":"@proacomunica","twitter_site":"@proacomunica","twitter_misc":{"Written by":"PROA Comunicaci\u00f3n","Estimated reading time":"1 minute"},"schema":{"@context":"https:\/\/schema.org","@graph":[{"@type":"Article","@id":"https:\/\/proacomunicacion.es\/proa-comunicacion-escenario-del-ultimo-anuncio-de-espinosa-de-los-monteros-un-informe-de-desregulacion-masiva-inspirado-en-javier-milei\/#article","isPartOf":{"@id":"https:\/\/proacomunicacion.es\/proa-comunicacion-escenario-del-ultimo-anuncio-de-espinosa-de-los-monteros-un-informe-de-desregulacion-masiva-inspirado-en-javier-milei\/"},"author":{"name":"PROA Comunicaci\u00f3n","@id":"https:\/\/proacomunicacion.es\/#\/schema\/person\/f80dc8938ea94e7f8aa1e8dc716d5a60"},"headline":"PROA Comunicaci\u00f3n, escenario del \u00faltimo anuncio de Espinosa de los Monteros: un informe de desregulaci\u00f3n masiva inspirado en Javier Milei","datePublished":"2025-11-14T08:56:02+00:00","dateModified":"2025-11-14T08:56:28+00:00","mainEntityOfPage":{"@id":"https:\/\/proacomunicacion.es\/proa-comunicacion-escenario-del-ultimo-anuncio-de-espinosa-de-los-monteros-un-informe-de-desregulacion-masiva-inspirado-en-javier-milei\/"},"wordCount":1100,"commentCount":0,"publisher":{"@id":"https:\/\/proacomunicacion.es\/#organization"},"image":{"@id":"https:\/\/proacomunicacion.es\/proa-comunicacion-escenario-del-ultimo-anuncio-de-espinosa-de-los-monteros-un-informe-de-desregulacion-masiva-inspirado-en-javier-milei\/#primaryimage"},"thumbnailUrl":"https:\/\/proacomunicacion.es\/wp-content\/uploads\/2025\/11\/Imagen2.jpg","articleSection":["Noticias"],"inLanguage":"en-GB","potentialAction":[{"@type":"CommentAction","name":"Comment","target":["https:\/\/proacomunicacion.es\/proa-comunicacion-escenario-del-ultimo-anuncio-de-espinosa-de-los-monteros-un-informe-de-desregulacion-masiva-inspirado-en-javier-milei\/#respond"]}]},{"@type":"WebPage","@id":"https:\/\/proacomunicacion.es\/proa-comunicacion-escenario-del-ultimo-anuncio-de-espinosa-de-los-monteros-un-informe-de-desregulacion-masiva-inspirado-en-javier-milei\/","url":"https:\/\/proacomunicacion.es\/proa-comunicacion-escenario-del-ultimo-anuncio-de-espinosa-de-los-monteros-un-informe-de-desregulacion-masiva-inspirado-en-javier-milei\/","name":"PROA Comunicaci\u00f3n, scene of Espinosa de los Monteros' latest announcement: a massive deregulation report inspired by Javier Milei - PROA Comunicaci\u00f3n","isPartOf":{"@id":"https:\/\/proacomunicacion.es\/#website"},"primaryImageOfPage":{"@id":"https:\/\/proacomunicacion.es\/proa-comunicacion-escenario-del-ultimo-anuncio-de-espinosa-de-los-monteros-un-informe-de-desregulacion-masiva-inspirado-en-javier-milei\/#primaryimage"},"image":{"@id":"https:\/\/proacomunicacion.es\/proa-comunicacion-escenario-del-ultimo-anuncio-de-espinosa-de-los-monteros-un-informe-de-desregulacion-masiva-inspirado-en-javier-milei\/#primaryimage"},"thumbnailUrl":"https:\/\/proacomunicacion.es\/wp-content\/uploads\/2025\/11\/Imagen2.jpg","datePublished":"2025-11-14T08:56:02+00:00","dateModified":"2025-11-14T08:56:28+00:00","breadcrumb":{"@id":"https:\/\/proacomunicacion.es\/proa-comunicacion-escenario-del-ultimo-anuncio-de-espinosa-de-los-monteros-un-informe-de-desregulacion-masiva-inspirado-en-javier-milei\/#breadcrumb"},"inLanguage":"en-GB","potentialAction":[{"@type":"ReadAction","target":["https:\/\/proacomunicacion.es\/proa-comunicacion-escenario-del-ultimo-anuncio-de-espinosa-de-los-monteros-un-informe-de-desregulacion-masiva-inspirado-en-javier-milei\/"]}]},{"@type":"ImageObject","inLanguage":"en-GB","@id":"https:\/\/proacomunicacion.es\/proa-comunicacion-escenario-del-ultimo-anuncio-de-espinosa-de-los-monteros-un-informe-de-desregulacion-masiva-inspirado-en-javier-milei\/#primaryimage","url":"https:\/\/proacomunicacion.es\/wp-content\/uploads\/2025\/11\/Imagen2.jpg","contentUrl":"https:\/\/proacomunicacion.es\/wp-content\/uploads\/2025\/11\/Imagen2.jpg","width":1299,"height":866},{"@type":"BreadcrumbList","@id":"https:\/\/proacomunicacion.es\/proa-comunicacion-escenario-del-ultimo-anuncio-de-espinosa-de-los-monteros-un-informe-de-desregulacion-masiva-inspirado-en-javier-milei\/#breadcrumb","itemListElement":[{"@type":"ListItem","position":1,"name":"Portada","item":"https:\/\/proacomunicacion.es\/"},{"@type":"ListItem","position":2,"name":"PROA Comunicaci\u00f3n, escenario del \u00faltimo anuncio de Espinosa de los Monteros: un informe de desregulaci\u00f3n masiva inspirado en Javier Milei"}]},{"@type":"WebSite","@id":"https:\/\/proacomunicacion.es\/#website","url":"https:\/\/proacomunicacion.es\/","name":"PROA Communication","description":"Corporate Communications Agency in Madrid, Barcelona and Galicia.","publisher":{"@id":"https:\/\/proacomunicacion.es\/#organization"},"alternateName":"PROA Comunicaci\u00f3n","potentialAction":[{"@type":"SearchAction","target":{"@type":"EntryPoint","urlTemplate":"https:\/\/proacomunicacion.es\/?s={search_term_string}"},"query-input":{"@type":"PropertyValueSpecification","valueRequired":true,"valueName":"search_term_string"}}],"inLanguage":"en-GB"},{"@type":"Organization","@id":"https:\/\/proacomunicacion.es\/#organization","name":"PROA Communication","alternateName":"PROA Comunicaci\u00f3n","url":"https:\/\/proacomunicacion.es\/","logo":{"@type":"ImageObject","inLanguage":"en-GB","@id":"https:\/\/proacomunicacion.es\/#\/schema\/logo\/image\/","url":"https:\/\/proacomunicacion.es\/wp-content\/uploads\/2024\/01\/Logo_Light.svg","contentUrl":"https:\/\/proacomunicacion.es\/wp-content\/uploads\/2024\/01\/Logo_Light.svg","width":136,"height":33,"caption":"PROA Comunicaci\u00f3n"},"image":{"@id":"https:\/\/proacomunicacion.es\/#\/schema\/logo\/image\/"},"sameAs":["https:\/\/x.com\/proacomunica","https:\/\/es.linkedin.com\/company\/proa-comunicacion_2","https:\/\/www.instagram.com\/proacomunica\/","https:\/\/www.youtube.com\/@proacomunicacion","https:\/\/es.wikipedia.org\/wiki\/PROA_Comunicacin"]},{"@type":"Person","@id":"https:\/\/proacomunicacion.es\/#\/schema\/person\/f80dc8938ea94e7f8aa1e8dc716d5a60","name":"PROA Communication","image":{"@type":"ImageObject","inLanguage":"en-GB","@id":"https:\/\/proacomunicacion.es\/#\/schema\/person\/image\/","url":"https:\/\/secure.gravatar.com\/avatar\/394c93c195ff19b00e79d66a42971657a01de9f2740b97148d0f14a1e1a359b7?s=96&r=g","contentUrl":"https:\/\/secure.gravatar.com\/avatar\/394c93c195ff19b00e79d66a42971657a01de9f2740b97148d0f14a1e1a359b7?s=96&r=g","caption":"PROA Comunicaci\u00f3n"}}]}},"_links":{"self":[{"href":"https:\/\/proacomunicacion.es\/en\/wp-json\/wp\/v2\/posts\/46320","targetHints":{"allow":["GET"]}}],"collection":[{"href":"https:\/\/proacomunicacion.es\/en\/wp-json\/wp\/v2\/posts"}],"about":[{"href":"https:\/\/proacomunicacion.es\/en\/wp-json\/wp\/v2\/types\/post"}],"author":[{"embeddable":true,"href":"https:\/\/proacomunicacion.es\/en\/wp-json\/wp\/v2\/users\/28"}],"replies":[{"embeddable":true,"href":"https:\/\/proacomunicacion.es\/en\/wp-json\/wp\/v2\/comments?post=46320"}],"version-history":[{"count":1,"href":"https:\/\/proacomunicacion.es\/en\/wp-json\/wp\/v2\/posts\/46320\/revisions"}],"predecessor-version":[{"id":46321,"href":"https:\/\/proacomunicacion.es\/en\/wp-json\/wp\/v2\/posts\/46320\/revisions\/46321"}],"wp:featuredmedia":[{"embeddable":true,"href":"https:\/\/proacomunicacion.es\/en\/wp-json\/wp\/v2\/media\/46317"}],"wp:attachment":[{"href":"https:\/\/proacomunicacion.es\/en\/wp-json\/wp\/v2\/media?parent=46320"}],"wp:term":[{"taxonomy":"category","embeddable":true,"href":"https:\/\/proacomunicacion.es\/en\/wp-json\/wp\/v2\/categories?post=46320"},{"taxonomy":"post_tag","embeddable":true,"href":"https:\/\/proacomunicacion.es\/en\/wp-json\/wp\/v2\/tags?post=46320"}],"curies":[{"name":"wp","href":"https:\/\/api.w.org\/{rel}","templated":true}]}}