{"id":46334,"date":"2025-12-12T09:58:12","date_gmt":"2025-12-12T08:58:12","guid":{"rendered":"https:\/\/proacomunicacion.es\/?p=46334"},"modified":"2025-12-12T09:58:43","modified_gmt":"2025-12-12T08:58:43","slug":"proa-moves-up-seven-places-to-reach-24th-position-in-the-ranking-of-the-best-communications-consultancies","status":"publish","type":"post","link":"https:\/\/proacomunicacion.es\/en\/proa-avanza-siete-posiciones-y-alcanza-el-puesto-24-del-ranking-de-las-mejores-consultoras-de-comunicacion\/","title":{"rendered":"PROA moves up seven places to rank 24th in the Best Communication Consultancies Ranking"},"content":{"rendered":"<p><strong>Professionals and companies have recognised the strategic role of corporate communication as a driver of competitiveness and reputation in the current economic environment.<\/strong><\/p>\n\n\n\n<p>The consultancy <a href=\"https:\/\/proacomunicacion.es\/en\/\">PROA Communication<\/a> has consolidated its position as one of the best communications consultancy firms in Spain, according to the ranking prepared by <em>The Advertiser<\/em> based on the assessment of companies and clients of these services. The Spanish firm, created in 2009, thus reflects one of the best performances in this ranking, climbing from 31st to 24th place in the ranking of the 100 best communication consultancies in our country.<\/p>\n\n\n\n<p>The report is based on the results of a study carried out by <a href=\"https:\/\/www.elpublicista.es\/contenido-bajo-registro\/ranking-mejores-agencias-comunicacion-rrpp-espana-20241\">The Advertiser<\/a> based on a macro-consultation with renowned communication directors and other professionals from the communication and external relations area of advertising companies. &nbsp;<\/p>\n\n\n\n<p>For Luc\u00eda Casanueva, Managing Partner at PROA Comunicaci\u00f3n, \u201cthis progress confirms that companies recognise our model based on excellence, purpose and senior talent, pillars that reinforce our ability to have a real impact on our clients\u201d reputation.\".<\/p>\n\n\n\n<p>Valvanuz Serna Ruiz, Managing Partner of the firm, emphasises: \u201cThe results show that clients are looking for consultancies that can offer a comprehensive vision and relationships built on trust. That is PROA's DNA and what guides each of our projects.\u201d.<\/p>\n\n\n\n<p>The consulting firm once again stands out for its unique approach that emphasises the creation of strong, lasting relationships. In this edition, the professionals consulted agree that, in a competitive and constantly changing environment, companies need to go beyond visibility: they must strengthen their positioning, consolidate their credibility and connect genuinely with their key audiences. PROA integrates these principles across all its communication and public affairs services, making them the basis of its value proposition.<\/p>","protected":false},"excerpt":{"rendered":"<p>Los profesionales y las empresas han valorado el papel estrat\u00e9gico de la comunicaci\u00f3n corporativa como motor de competitividad y reputaci\u00f3n en el actual entorno econ\u00f3mico. La consultora PROA Comunicaci\u00f3n se consolida como una de las mejores consultoras de comunicaci\u00f3n en Espa\u00f1a, seg\u00fan el ranking elaborado por El Publicista a partir de la valoraci\u00f3n de las [&hellip;]<\/p>\n","protected":false},"author":28,"featured_media":46335,"comment_status":"open","ping_status":"open","sticky":false,"template":"","format":"standard","meta":{"footnotes":""},"categories":[131],"tags":[],"class_list":["post-46334","post","type-post","status-publish","format-standard","has-post-thumbnail","hentry","category-noticias"],"yoast_head":"<!-- This site is optimized with the Yoast SEO plugin v27.0 - https:\/\/yoast.com\/product\/yoast-seo-wordpress\/ -->\n<title>PROA avanza siete posiciones y alcanza el puesto 24 del Ranking de las Mejores Consultoras de Comunicaci\u00f3n - PROA Comunicaci\u00f3n<\/title>\n<meta name=\"robots\" content=\"index, follow, max-snippet:-1, max-image-preview:large, max-video-preview:-1\" \/>\n<link rel=\"canonical\" href=\"https:\/\/proacomunicacion.es\/en\/proa-moves-up-seven-places-to-reach-24th-position-in-the-ranking-of-the-best-communications-consultancies\/\" \/>\n<meta property=\"og:locale\" content=\"en_GB\" \/>\n<meta property=\"og:type\" content=\"article\" \/>\n<meta property=\"og:title\" content=\"PROA avanza siete posiciones y alcanza el puesto 24 del Ranking de las Mejores Consultoras de Comunicaci\u00f3n - PROA Comunicaci\u00f3n\" \/>\n<meta property=\"og:description\" content=\"Los profesionales y las empresas han valorado el papel estrat\u00e9gico de la comunicaci\u00f3n corporativa como motor de competitividad y reputaci\u00f3n en el actual entorno econ\u00f3mico. La consultora PROA Comunicaci\u00f3n se consolida como una de las mejores consultoras de comunicaci\u00f3n en Espa\u00f1a, seg\u00fan el ranking elaborado por El Publicista a partir de la valoraci\u00f3n de las [&hellip;]\" \/>\n<meta property=\"og:url\" content=\"https:\/\/proacomunicacion.es\/en\/proa-moves-up-seven-places-to-reach-24th-position-in-the-ranking-of-the-best-communications-consultancies\/\" \/>\n<meta property=\"og:site_name\" content=\"PROA Comunicaci\u00f3n\" \/>\n<meta property=\"article:published_time\" content=\"2025-12-12T08:58:12+00:00\" \/>\n<meta property=\"article:modified_time\" content=\"2025-12-12T08:58:43+00:00\" \/>\n<meta property=\"og:image\" content=\"https:\/\/proacomunicacion.es\/wp-content\/uploads\/2025\/12\/Imagen-Puesto-24-PROA.png\" \/>\n\t<meta property=\"og:image:width\" content=\"1026\" \/>\n\t<meta property=\"og:image:height\" content=\"803\" \/>\n\t<meta property=\"og:image:type\" content=\"image\/png\" \/>\n<meta name=\"author\" content=\"PROA Comunicaci\u00f3n\" \/>\n<meta name=\"twitter:card\" content=\"summary_large_image\" \/>\n<meta name=\"twitter:creator\" content=\"@proacomunica\" \/>\n<meta name=\"twitter:site\" content=\"@proacomunica\" \/>\n<meta name=\"twitter:label1\" content=\"Written by\" \/>\n\t<meta name=\"twitter:data1\" content=\"PROA Comunicaci\u00f3n\" \/>\n\t<meta name=\"twitter:label2\" content=\"Estimated reading time\" \/>\n\t<meta name=\"twitter:data2\" content=\"2 minutes\" \/>\n<script type=\"application\/ld+json\" class=\"yoast-schema-graph\">{\"@context\":\"https:\/\/schema.org\",\"@graph\":[{\"@type\":\"Article\",\"@id\":\"https:\/\/proacomunicacion.es\/proa-avanza-siete-posiciones-y-alcanza-el-puesto-24-del-ranking-de-las-mejores-consultoras-de-comunicacion\/#article\",\"isPartOf\":{\"@id\":\"https:\/\/proacomunicacion.es\/proa-avanza-siete-posiciones-y-alcanza-el-puesto-24-del-ranking-de-las-mejores-consultoras-de-comunicacion\/\"},\"author\":{\"name\":\"PROA Comunicaci\u00f3n\",\"@id\":\"https:\/\/proacomunicacion.es\/#\/schema\/person\/f80dc8938ea94e7f8aa1e8dc716d5a60\"},\"headline\":\"PROA avanza siete posiciones y alcanza el puesto 24 del Ranking de las Mejores Consultoras de Comunicaci\u00f3n\",\"datePublished\":\"2025-12-12T08:58:12+00:00\",\"dateModified\":\"2025-12-12T08:58:43+00:00\",\"mainEntityOfPage\":{\"@id\":\"https:\/\/proacomunicacion.es\/proa-avanza-siete-posiciones-y-alcanza-el-puesto-24-del-ranking-de-las-mejores-consultoras-de-comunicacion\/\"},\"wordCount\":362,\"commentCount\":0,\"publisher\":{\"@id\":\"https:\/\/proacomunicacion.es\/#organization\"},\"image\":{\"@id\":\"https:\/\/proacomunicacion.es\/proa-avanza-siete-posiciones-y-alcanza-el-puesto-24-del-ranking-de-las-mejores-consultoras-de-comunicacion\/#primaryimage\"},\"thumbnailUrl\":\"https:\/\/proacomunicacion.es\/wp-content\/uploads\/2025\/12\/Imagen-Puesto-24-PROA.png\",\"articleSection\":[\"Noticias\"],\"inLanguage\":\"en-GB\",\"potentialAction\":[{\"@type\":\"CommentAction\",\"name\":\"Comment\",\"target\":[\"https:\/\/proacomunicacion.es\/proa-avanza-siete-posiciones-y-alcanza-el-puesto-24-del-ranking-de-las-mejores-consultoras-de-comunicacion\/#respond\"]}]},{\"@type\":\"WebPage\",\"@id\":\"https:\/\/proacomunicacion.es\/proa-avanza-siete-posiciones-y-alcanza-el-puesto-24-del-ranking-de-las-mejores-consultoras-de-comunicacion\/\",\"url\":\"https:\/\/proacomunicacion.es\/proa-avanza-siete-posiciones-y-alcanza-el-puesto-24-del-ranking-de-las-mejores-consultoras-de-comunicacion\/\",\"name\":\"PROA avanza siete posiciones y alcanza el puesto 24 del Ranking de las Mejores Consultoras de Comunicaci\u00f3n - PROA Comunicaci\u00f3n\",\"isPartOf\":{\"@id\":\"https:\/\/proacomunicacion.es\/#website\"},\"primaryImageOfPage\":{\"@id\":\"https:\/\/proacomunicacion.es\/proa-avanza-siete-posiciones-y-alcanza-el-puesto-24-del-ranking-de-las-mejores-consultoras-de-comunicacion\/#primaryimage\"},\"image\":{\"@id\":\"https:\/\/proacomunicacion.es\/proa-avanza-siete-posiciones-y-alcanza-el-puesto-24-del-ranking-de-las-mejores-consultoras-de-comunicacion\/#primaryimage\"},\"thumbnailUrl\":\"https:\/\/proacomunicacion.es\/wp-content\/uploads\/2025\/12\/Imagen-Puesto-24-PROA.png\",\"datePublished\":\"2025-12-12T08:58:12+00:00\",\"dateModified\":\"2025-12-12T08:58:43+00:00\",\"breadcrumb\":{\"@id\":\"https:\/\/proacomunicacion.es\/proa-avanza-siete-posiciones-y-alcanza-el-puesto-24-del-ranking-de-las-mejores-consultoras-de-comunicacion\/#breadcrumb\"},\"inLanguage\":\"en-GB\",\"potentialAction\":[{\"@type\":\"ReadAction\",\"target\":[\"https:\/\/proacomunicacion.es\/proa-avanza-siete-posiciones-y-alcanza-el-puesto-24-del-ranking-de-las-mejores-consultoras-de-comunicacion\/\"]}]},{\"@type\":\"ImageObject\",\"inLanguage\":\"en-GB\",\"@id\":\"https:\/\/proacomunicacion.es\/proa-avanza-siete-posiciones-y-alcanza-el-puesto-24-del-ranking-de-las-mejores-consultoras-de-comunicacion\/#primaryimage\",\"url\":\"https:\/\/proacomunicacion.es\/wp-content\/uploads\/2025\/12\/Imagen-Puesto-24-PROA.png\",\"contentUrl\":\"https:\/\/proacomunicacion.es\/wp-content\/uploads\/2025\/12\/Imagen-Puesto-24-PROA.png\",\"width\":1026,\"height\":803},{\"@type\":\"BreadcrumbList\",\"@id\":\"https:\/\/proacomunicacion.es\/proa-avanza-siete-posiciones-y-alcanza-el-puesto-24-del-ranking-de-las-mejores-consultoras-de-comunicacion\/#breadcrumb\",\"itemListElement\":[{\"@type\":\"ListItem\",\"position\":1,\"name\":\"Portada\",\"item\":\"https:\/\/proacomunicacion.es\/\"},{\"@type\":\"ListItem\",\"position\":2,\"name\":\"PROA avanza siete posiciones y alcanza el puesto 24 del Ranking de las Mejores Consultoras de Comunicaci\u00f3n\"}]},{\"@type\":\"WebSite\",\"@id\":\"https:\/\/proacomunicacion.es\/#website\",\"url\":\"https:\/\/proacomunicacion.es\/\",\"name\":\"PROA Comunicaci\u00f3n\",\"description\":\"Agencia de Comunicaci\u00f3n Corporativa en Madrid, Barcelona y Galicia.\",\"publisher\":{\"@id\":\"https:\/\/proacomunicacion.es\/#organization\"},\"alternateName\":\"PROA Comunicaci\u00f3n\",\"potentialAction\":[{\"@type\":\"SearchAction\",\"target\":{\"@type\":\"EntryPoint\",\"urlTemplate\":\"https:\/\/proacomunicacion.es\/?s={search_term_string}\"},\"query-input\":{\"@type\":\"PropertyValueSpecification\",\"valueRequired\":true,\"valueName\":\"search_term_string\"}}],\"inLanguage\":\"en-GB\"},{\"@type\":\"Organization\",\"@id\":\"https:\/\/proacomunicacion.es\/#organization\",\"name\":\"PROA Comunicaci\u00f3n\",\"alternateName\":\"PROA Comunicaci\u00f3n\",\"url\":\"https:\/\/proacomunicacion.es\/\",\"logo\":{\"@type\":\"ImageObject\",\"inLanguage\":\"en-GB\",\"@id\":\"https:\/\/proacomunicacion.es\/#\/schema\/logo\/image\/\",\"url\":\"https:\/\/proacomunicacion.es\/wp-content\/uploads\/2024\/01\/Logo_Light.svg\",\"contentUrl\":\"https:\/\/proacomunicacion.es\/wp-content\/uploads\/2024\/01\/Logo_Light.svg\",\"width\":136,\"height\":33,\"caption\":\"PROA Comunicaci\u00f3n\"},\"image\":{\"@id\":\"https:\/\/proacomunicacion.es\/#\/schema\/logo\/image\/\"},\"sameAs\":[\"https:\/\/x.com\/proacomunica\",\"https:\/\/es.linkedin.com\/company\/proa-comunicacion_2\",\"https:\/\/www.instagram.com\/proacomunica\/\",\"https:\/\/www.youtube.com\/@proacomunicacion\",\"https:\/\/es.wikipedia.org\/wiki\/PROA_Comunicacin\"]},{\"@type\":\"Person\",\"@id\":\"https:\/\/proacomunicacion.es\/#\/schema\/person\/f80dc8938ea94e7f8aa1e8dc716d5a60\",\"name\":\"PROA Comunicaci\u00f3n\",\"image\":{\"@type\":\"ImageObject\",\"inLanguage\":\"en-GB\",\"@id\":\"https:\/\/proacomunicacion.es\/#\/schema\/person\/image\/\",\"url\":\"https:\/\/secure.gravatar.com\/avatar\/394c93c195ff19b00e79d66a42971657a01de9f2740b97148d0f14a1e1a359b7?s=96&r=g\",\"contentUrl\":\"https:\/\/secure.gravatar.com\/avatar\/394c93c195ff19b00e79d66a42971657a01de9f2740b97148d0f14a1e1a359b7?s=96&r=g\",\"caption\":\"PROA Comunicaci\u00f3n\"}}]}<\/script>\n<!-- \/ Yoast SEO plugin. -->","yoast_head_json":{"title":"PROA moves up seven places to rank 24th in the Best Communication Consultancies Ranking - PROA Comunicaci\u00f3n","robots":{"index":"index","follow":"follow","max-snippet":"max-snippet:-1","max-image-preview":"max-image-preview:large","max-video-preview":"max-video-preview:-1"},"canonical":"https:\/\/proacomunicacion.es\/en\/proa-moves-up-seven-places-to-reach-24th-position-in-the-ranking-of-the-best-communications-consultancies\/","og_locale":"en_GB","og_type":"article","og_title":"PROA avanza siete posiciones y alcanza el puesto 24 del Ranking de las Mejores Consultoras de Comunicaci\u00f3n - PROA Comunicaci\u00f3n","og_description":"Los profesionales y las empresas han valorado el papel estrat\u00e9gico de la comunicaci\u00f3n corporativa como motor de competitividad y reputaci\u00f3n en el actual entorno econ\u00f3mico. La consultora PROA Comunicaci\u00f3n se consolida como una de las mejores consultoras de comunicaci\u00f3n en Espa\u00f1a, seg\u00fan el ranking elaborado por El Publicista a partir de la valoraci\u00f3n de las [&hellip;]","og_url":"https:\/\/proacomunicacion.es\/en\/proa-moves-up-seven-places-to-reach-24th-position-in-the-ranking-of-the-best-communications-consultancies\/","og_site_name":"PROA Comunicaci\u00f3n","article_published_time":"2025-12-12T08:58:12+00:00","article_modified_time":"2025-12-12T08:58:43+00:00","og_image":[{"width":1026,"height":803,"url":"https:\/\/proacomunicacion.es\/wp-content\/uploads\/2025\/12\/Imagen-Puesto-24-PROA.png","type":"image\/png"}],"author":"PROA Comunicaci\u00f3n","twitter_card":"summary_large_image","twitter_creator":"@proacomunica","twitter_site":"@proacomunica","twitter_misc":{"Written by":"PROA Comunicaci\u00f3n","Estimated reading time":"2 minutes"},"schema":{"@context":"https:\/\/schema.org","@graph":[{"@type":"Article","@id":"https:\/\/proacomunicacion.es\/proa-avanza-siete-posiciones-y-alcanza-el-puesto-24-del-ranking-de-las-mejores-consultoras-de-comunicacion\/#article","isPartOf":{"@id":"https:\/\/proacomunicacion.es\/proa-avanza-siete-posiciones-y-alcanza-el-puesto-24-del-ranking-de-las-mejores-consultoras-de-comunicacion\/"},"author":{"name":"PROA Comunicaci\u00f3n","@id":"https:\/\/proacomunicacion.es\/#\/schema\/person\/f80dc8938ea94e7f8aa1e8dc716d5a60"},"headline":"PROA avanza siete posiciones y alcanza el puesto 24 del Ranking de las Mejores Consultoras de Comunicaci\u00f3n","datePublished":"2025-12-12T08:58:12+00:00","dateModified":"2025-12-12T08:58:43+00:00","mainEntityOfPage":{"@id":"https:\/\/proacomunicacion.es\/proa-avanza-siete-posiciones-y-alcanza-el-puesto-24-del-ranking-de-las-mejores-consultoras-de-comunicacion\/"},"wordCount":362,"commentCount":0,"publisher":{"@id":"https:\/\/proacomunicacion.es\/#organization"},"image":{"@id":"https:\/\/proacomunicacion.es\/proa-avanza-siete-posiciones-y-alcanza-el-puesto-24-del-ranking-de-las-mejores-consultoras-de-comunicacion\/#primaryimage"},"thumbnailUrl":"https:\/\/proacomunicacion.es\/wp-content\/uploads\/2025\/12\/Imagen-Puesto-24-PROA.png","articleSection":["Noticias"],"inLanguage":"en-GB","potentialAction":[{"@type":"CommentAction","name":"Comment","target":["https:\/\/proacomunicacion.es\/proa-avanza-siete-posiciones-y-alcanza-el-puesto-24-del-ranking-de-las-mejores-consultoras-de-comunicacion\/#respond"]}]},{"@type":"WebPage","@id":"https:\/\/proacomunicacion.es\/proa-avanza-siete-posiciones-y-alcanza-el-puesto-24-del-ranking-de-las-mejores-consultoras-de-comunicacion\/","url":"https:\/\/proacomunicacion.es\/proa-avanza-siete-posiciones-y-alcanza-el-puesto-24-del-ranking-de-las-mejores-consultoras-de-comunicacion\/","name":"PROA moves up seven places to rank 24th in the Best Communication Consultancies Ranking - PROA Comunicaci\u00f3n","isPartOf":{"@id":"https:\/\/proacomunicacion.es\/#website"},"primaryImageOfPage":{"@id":"https:\/\/proacomunicacion.es\/proa-avanza-siete-posiciones-y-alcanza-el-puesto-24-del-ranking-de-las-mejores-consultoras-de-comunicacion\/#primaryimage"},"image":{"@id":"https:\/\/proacomunicacion.es\/proa-avanza-siete-posiciones-y-alcanza-el-puesto-24-del-ranking-de-las-mejores-consultoras-de-comunicacion\/#primaryimage"},"thumbnailUrl":"https:\/\/proacomunicacion.es\/wp-content\/uploads\/2025\/12\/Imagen-Puesto-24-PROA.png","datePublished":"2025-12-12T08:58:12+00:00","dateModified":"2025-12-12T08:58:43+00:00","breadcrumb":{"@id":"https:\/\/proacomunicacion.es\/proa-avanza-siete-posiciones-y-alcanza-el-puesto-24-del-ranking-de-las-mejores-consultoras-de-comunicacion\/#breadcrumb"},"inLanguage":"en-GB","potentialAction":[{"@type":"ReadAction","target":["https:\/\/proacomunicacion.es\/proa-avanza-siete-posiciones-y-alcanza-el-puesto-24-del-ranking-de-las-mejores-consultoras-de-comunicacion\/"]}]},{"@type":"ImageObject","inLanguage":"en-GB","@id":"https:\/\/proacomunicacion.es\/proa-avanza-siete-posiciones-y-alcanza-el-puesto-24-del-ranking-de-las-mejores-consultoras-de-comunicacion\/#primaryimage","url":"https:\/\/proacomunicacion.es\/wp-content\/uploads\/2025\/12\/Imagen-Puesto-24-PROA.png","contentUrl":"https:\/\/proacomunicacion.es\/wp-content\/uploads\/2025\/12\/Imagen-Puesto-24-PROA.png","width":1026,"height":803},{"@type":"BreadcrumbList","@id":"https:\/\/proacomunicacion.es\/proa-avanza-siete-posiciones-y-alcanza-el-puesto-24-del-ranking-de-las-mejores-consultoras-de-comunicacion\/#breadcrumb","itemListElement":[{"@type":"ListItem","position":1,"name":"Portada","item":"https:\/\/proacomunicacion.es\/"},{"@type":"ListItem","position":2,"name":"PROA avanza siete posiciones y alcanza el puesto 24 del Ranking de las Mejores Consultoras de Comunicaci\u00f3n"}]},{"@type":"WebSite","@id":"https:\/\/proacomunicacion.es\/#website","url":"https:\/\/proacomunicacion.es\/","name":"PROA Communication","description":"Corporate Communications Agency in Madrid, Barcelona and Galicia.","publisher":{"@id":"https:\/\/proacomunicacion.es\/#organization"},"alternateName":"PROA Comunicaci\u00f3n","potentialAction":[{"@type":"SearchAction","target":{"@type":"EntryPoint","urlTemplate":"https:\/\/proacomunicacion.es\/?s={search_term_string}"},"query-input":{"@type":"PropertyValueSpecification","valueRequired":true,"valueName":"search_term_string"}}],"inLanguage":"en-GB"},{"@type":"Organization","@id":"https:\/\/proacomunicacion.es\/#organization","name":"PROA Communication","alternateName":"PROA Comunicaci\u00f3n","url":"https:\/\/proacomunicacion.es\/","logo":{"@type":"ImageObject","inLanguage":"en-GB","@id":"https:\/\/proacomunicacion.es\/#\/schema\/logo\/image\/","url":"https:\/\/proacomunicacion.es\/wp-content\/uploads\/2024\/01\/Logo_Light.svg","contentUrl":"https:\/\/proacomunicacion.es\/wp-content\/uploads\/2024\/01\/Logo_Light.svg","width":136,"height":33,"caption":"PROA Comunicaci\u00f3n"},"image":{"@id":"https:\/\/proacomunicacion.es\/#\/schema\/logo\/image\/"},"sameAs":["https:\/\/x.com\/proacomunica","https:\/\/es.linkedin.com\/company\/proa-comunicacion_2","https:\/\/www.instagram.com\/proacomunica\/","https:\/\/www.youtube.com\/@proacomunicacion","https:\/\/es.wikipedia.org\/wiki\/PROA_Comunicacin"]},{"@type":"Person","@id":"https:\/\/proacomunicacion.es\/#\/schema\/person\/f80dc8938ea94e7f8aa1e8dc716d5a60","name":"PROA Communication","image":{"@type":"ImageObject","inLanguage":"en-GB","@id":"https:\/\/proacomunicacion.es\/#\/schema\/person\/image\/","url":"https:\/\/secure.gravatar.com\/avatar\/394c93c195ff19b00e79d66a42971657a01de9f2740b97148d0f14a1e1a359b7?s=96&r=g","contentUrl":"https:\/\/secure.gravatar.com\/avatar\/394c93c195ff19b00e79d66a42971657a01de9f2740b97148d0f14a1e1a359b7?s=96&r=g","caption":"PROA Comunicaci\u00f3n"}}]}},"_links":{"self":[{"href":"https:\/\/proacomunicacion.es\/en\/wp-json\/wp\/v2\/posts\/46334","targetHints":{"allow":["GET"]}}],"collection":[{"href":"https:\/\/proacomunicacion.es\/en\/wp-json\/wp\/v2\/posts"}],"about":[{"href":"https:\/\/proacomunicacion.es\/en\/wp-json\/wp\/v2\/types\/post"}],"author":[{"embeddable":true,"href":"https:\/\/proacomunicacion.es\/en\/wp-json\/wp\/v2\/users\/28"}],"replies":[{"embeddable":true,"href":"https:\/\/proacomunicacion.es\/en\/wp-json\/wp\/v2\/comments?post=46334"}],"version-history":[{"count":1,"href":"https:\/\/proacomunicacion.es\/en\/wp-json\/wp\/v2\/posts\/46334\/revisions"}],"predecessor-version":[{"id":46336,"href":"https:\/\/proacomunicacion.es\/en\/wp-json\/wp\/v2\/posts\/46334\/revisions\/46336"}],"wp:featuredmedia":[{"embeddable":true,"href":"https:\/\/proacomunicacion.es\/en\/wp-json\/wp\/v2\/media\/46335"}],"wp:attachment":[{"href":"https:\/\/proacomunicacion.es\/en\/wp-json\/wp\/v2\/media?parent=46334"}],"wp:term":[{"taxonomy":"category","embeddable":true,"href":"https:\/\/proacomunicacion.es\/en\/wp-json\/wp\/v2\/categories?post=46334"},{"taxonomy":"post_tag","embeddable":true,"href":"https:\/\/proacomunicacion.es\/en\/wp-json\/wp\/v2\/tags?post=46334"}],"curies":[{"name":"wp","href":"https:\/\/api.w.org\/{rel}","templated":true}]}}