{"id":46346,"date":"2025-12-22T15:54:49","date_gmt":"2025-12-22T14:54:49","guid":{"rendered":"https:\/\/proacomunicacion.es\/?p=46346"},"modified":"2025-12-22T15:56:46","modified_gmt":"2025-12-22T14:56:46","slug":"report-on-the-elections-in-extremadura","status":"publish","type":"post","link":"https:\/\/proacomunicacion.es\/en\/informe-elecciones-extremadura\/","title":{"rendered":"Elections in Extremadura. Shift to the right in the first stage of the new electoral cycle"},"content":{"rendered":"<p>The&nbsp;<strong>elections in Extremadura&nbsp;<\/strong>constitute the first stage of the new electoral cycle leading up to Moncloa, with a deadline of summer 2027 to complete the wave of regional, local and general elections that are to come. The result of this first contest confirms&nbsp;<strong>the shift to the right reflected in the polls<\/strong>, with the Popular Party fulfilling expectations of being the leading force, Vox on the rise and the PSOE in decline. However, at the regional level, Mar\u00eda Guardiola will be forced to reach agreements in order to be re-elected and ensure governability.<\/p>\n\n\n\n<p>The&nbsp;<strong>overall effect<\/strong>&nbsp;The impact of these results at the national level is still uncertain, but it reinforces trends already noted: the PP-VOX bloc is growing in the face of the fragility of the parties that make up the coalition government. The&nbsp;<strong>PSOE continues to lose ground<\/strong>, even in his traditional strongholds, which increases the pressure on Pedro S\u00e1nchez's upcoming decisions.<\/p>\n\n\n\n<p><a href=\"https:\/\/proacomunicacion.es\/wp-content\/uploads\/2025\/12\/PROA_Elecciones-Extremadura_dic25.pdf\"><strong>Download the report<\/strong><\/a> carried out by the <strong>PROA Communication Strategic Analysis and Intelligence Unit<\/strong> on the outcome of the elections in Extremadura.<\/p>\n\n\n\n<p><\/p>","protected":false},"excerpt":{"rendered":"<p>Las&nbsp;elecciones en Extremadura&nbsp;constituyen la primera etapa del nuevo ciclo electoral que desemboca en Moncloa, con la fecha l\u00edmite del verano de 2027 para culminar la ola de comicios auton\u00f3micos, locales y generales que est\u00e1n por venir. El resultado de esta primera contienda confirma&nbsp;el giro a la derecha que reflejan las encuestas, con un Partido Popular [&hellip;]<\/p>\n","protected":false},"author":28,"featured_media":46347,"comment_status":"open","ping_status":"open","sticky":false,"template":"","format":"standard","meta":{"footnotes":""},"categories":[131],"tags":[501,2497],"class_list":["post-46346","post","type-post","status-publish","format-standard","has-post-thumbnail","hentry","category-noticias","tag-elecciones","tag-extremadura"],"yoast_head":"<!-- This site is optimized with the Yoast SEO plugin v27.0 - https:\/\/yoast.com\/product\/yoast-seo-wordpress\/ -->\n<title>Elecciones en Extremadura. Giro a la derecha en la primera etapa del nuevo ciclo electoral - PROA Comunicaci\u00f3n<\/title>\n<meta name=\"robots\" content=\"index, follow, max-snippet:-1, max-image-preview:large, max-video-preview:-1\" \/>\n<link rel=\"canonical\" href=\"https:\/\/proacomunicacion.es\/en\/report-on-the-elections-in-extremadura\/\" \/>\n<meta property=\"og:locale\" content=\"en_GB\" \/>\n<meta property=\"og:type\" content=\"article\" \/>\n<meta property=\"og:title\" content=\"Elecciones en Extremadura. Giro a la derecha en la primera etapa del nuevo ciclo electoral - PROA Comunicaci\u00f3n\" \/>\n<meta property=\"og:description\" content=\"Las&nbsp;elecciones en Extremadura&nbsp;constituyen la primera etapa del nuevo ciclo electoral que desemboca en Moncloa, con la fecha l\u00edmite del verano de 2027 para culminar la ola de comicios auton\u00f3micos, locales y generales que est\u00e1n por venir. El resultado de esta primera contienda confirma&nbsp;el giro a la derecha que reflejan las encuestas, con un Partido Popular [&hellip;]\" \/>\n<meta property=\"og:url\" content=\"https:\/\/proacomunicacion.es\/en\/report-on-the-elections-in-extremadura\/\" \/>\n<meta property=\"og:site_name\" content=\"PROA Comunicaci\u00f3n\" \/>\n<meta property=\"article:published_time\" content=\"2025-12-22T14:54:49+00:00\" \/>\n<meta property=\"article:modified_time\" content=\"2025-12-22T14:56:46+00:00\" \/>\n<meta property=\"og:image\" content=\"https:\/\/proacomunicacion.es\/wp-content\/uploads\/2025\/12\/Extremadura.png\" \/>\n\t<meta property=\"og:image:width\" content=\"1920\" \/>\n\t<meta property=\"og:image:height\" content=\"1080\" \/>\n\t<meta property=\"og:image:type\" content=\"image\/png\" \/>\n<meta name=\"author\" content=\"PROA Comunicaci\u00f3n\" \/>\n<meta name=\"twitter:card\" content=\"summary_large_image\" \/>\n<meta name=\"twitter:creator\" content=\"@proacomunica\" \/>\n<meta name=\"twitter:site\" content=\"@proacomunica\" \/>\n<meta name=\"twitter:label1\" content=\"Written by\" \/>\n\t<meta name=\"twitter:data1\" content=\"PROA Comunicaci\u00f3n\" \/>\n\t<meta name=\"twitter:label2\" content=\"Estimated reading time\" \/>\n\t<meta name=\"twitter:data2\" content=\"2 minutes\" \/>\n<script type=\"application\/ld+json\" class=\"yoast-schema-graph\">{\"@context\":\"https:\/\/schema.org\",\"@graph\":[{\"@type\":\"Article\",\"@id\":\"https:\/\/proacomunicacion.es\/informe-elecciones-extremadura\/#article\",\"isPartOf\":{\"@id\":\"https:\/\/proacomunicacion.es\/informe-elecciones-extremadura\/\"},\"author\":{\"name\":\"PROA Comunicaci\u00f3n\",\"@id\":\"https:\/\/proacomunicacion.es\/#\/schema\/person\/f80dc8938ea94e7f8aa1e8dc716d5a60\"},\"headline\":\"Elecciones en Extremadura. Giro a la derecha en la primera etapa del nuevo ciclo electoral\",\"datePublished\":\"2025-12-22T14:54:49+00:00\",\"dateModified\":\"2025-12-22T14:56:46+00:00\",\"mainEntityOfPage\":{\"@id\":\"https:\/\/proacomunicacion.es\/informe-elecciones-extremadura\/\"},\"wordCount\":211,\"commentCount\":0,\"publisher\":{\"@id\":\"https:\/\/proacomunicacion.es\/#organization\"},\"image\":{\"@id\":\"https:\/\/proacomunicacion.es\/informe-elecciones-extremadura\/#primaryimage\"},\"thumbnailUrl\":\"https:\/\/proacomunicacion.es\/wp-content\/uploads\/2025\/12\/Extremadura.png\",\"keywords\":[\"elecciones\",\"Extremadura\"],\"articleSection\":[\"Noticias\"],\"inLanguage\":\"en-GB\",\"potentialAction\":[{\"@type\":\"CommentAction\",\"name\":\"Comment\",\"target\":[\"https:\/\/proacomunicacion.es\/informe-elecciones-extremadura\/#respond\"]}]},{\"@type\":\"WebPage\",\"@id\":\"https:\/\/proacomunicacion.es\/informe-elecciones-extremadura\/\",\"url\":\"https:\/\/proacomunicacion.es\/informe-elecciones-extremadura\/\",\"name\":\"Elecciones en Extremadura. Giro a la derecha en la primera etapa del nuevo ciclo electoral - PROA Comunicaci\u00f3n\",\"isPartOf\":{\"@id\":\"https:\/\/proacomunicacion.es\/#website\"},\"primaryImageOfPage\":{\"@id\":\"https:\/\/proacomunicacion.es\/informe-elecciones-extremadura\/#primaryimage\"},\"image\":{\"@id\":\"https:\/\/proacomunicacion.es\/informe-elecciones-extremadura\/#primaryimage\"},\"thumbnailUrl\":\"https:\/\/proacomunicacion.es\/wp-content\/uploads\/2025\/12\/Extremadura.png\",\"datePublished\":\"2025-12-22T14:54:49+00:00\",\"dateModified\":\"2025-12-22T14:56:46+00:00\",\"breadcrumb\":{\"@id\":\"https:\/\/proacomunicacion.es\/informe-elecciones-extremadura\/#breadcrumb\"},\"inLanguage\":\"en-GB\",\"potentialAction\":[{\"@type\":\"ReadAction\",\"target\":[\"https:\/\/proacomunicacion.es\/informe-elecciones-extremadura\/\"]}]},{\"@type\":\"ImageObject\",\"inLanguage\":\"en-GB\",\"@id\":\"https:\/\/proacomunicacion.es\/informe-elecciones-extremadura\/#primaryimage\",\"url\":\"https:\/\/proacomunicacion.es\/wp-content\/uploads\/2025\/12\/Extremadura.png\",\"contentUrl\":\"https:\/\/proacomunicacion.es\/wp-content\/uploads\/2025\/12\/Extremadura.png\",\"width\":1920,\"height\":1080},{\"@type\":\"BreadcrumbList\",\"@id\":\"https:\/\/proacomunicacion.es\/informe-elecciones-extremadura\/#breadcrumb\",\"itemListElement\":[{\"@type\":\"ListItem\",\"position\":1,\"name\":\"Portada\",\"item\":\"https:\/\/proacomunicacion.es\/\"},{\"@type\":\"ListItem\",\"position\":2,\"name\":\"Elecciones en Extremadura. Giro a la derecha en la primera etapa del nuevo ciclo electoral\"}]},{\"@type\":\"WebSite\",\"@id\":\"https:\/\/proacomunicacion.es\/#website\",\"url\":\"https:\/\/proacomunicacion.es\/\",\"name\":\"PROA Comunicaci\u00f3n\",\"description\":\"Agencia de Comunicaci\u00f3n Corporativa en Madrid, Barcelona y Galicia.\",\"publisher\":{\"@id\":\"https:\/\/proacomunicacion.es\/#organization\"},\"alternateName\":\"PROA Comunicaci\u00f3n\",\"potentialAction\":[{\"@type\":\"SearchAction\",\"target\":{\"@type\":\"EntryPoint\",\"urlTemplate\":\"https:\/\/proacomunicacion.es\/?s={search_term_string}\"},\"query-input\":{\"@type\":\"PropertyValueSpecification\",\"valueRequired\":true,\"valueName\":\"search_term_string\"}}],\"inLanguage\":\"en-GB\"},{\"@type\":\"Organization\",\"@id\":\"https:\/\/proacomunicacion.es\/#organization\",\"name\":\"PROA Comunicaci\u00f3n\",\"alternateName\":\"PROA Comunicaci\u00f3n\",\"url\":\"https:\/\/proacomunicacion.es\/\",\"logo\":{\"@type\":\"ImageObject\",\"inLanguage\":\"en-GB\",\"@id\":\"https:\/\/proacomunicacion.es\/#\/schema\/logo\/image\/\",\"url\":\"https:\/\/proacomunicacion.es\/wp-content\/uploads\/2024\/01\/Logo_Light.svg\",\"contentUrl\":\"https:\/\/proacomunicacion.es\/wp-content\/uploads\/2024\/01\/Logo_Light.svg\",\"width\":136,\"height\":33,\"caption\":\"PROA Comunicaci\u00f3n\"},\"image\":{\"@id\":\"https:\/\/proacomunicacion.es\/#\/schema\/logo\/image\/\"},\"sameAs\":[\"https:\/\/x.com\/proacomunica\",\"https:\/\/es.linkedin.com\/company\/proa-comunicacion_2\",\"https:\/\/www.instagram.com\/proacomunica\/\",\"https:\/\/www.youtube.com\/@proacomunicacion\",\"https:\/\/es.wikipedia.org\/wiki\/PROA_Comunicacin\"]},{\"@type\":\"Person\",\"@id\":\"https:\/\/proacomunicacion.es\/#\/schema\/person\/f80dc8938ea94e7f8aa1e8dc716d5a60\",\"name\":\"PROA Comunicaci\u00f3n\",\"image\":{\"@type\":\"ImageObject\",\"inLanguage\":\"en-GB\",\"@id\":\"https:\/\/proacomunicacion.es\/#\/schema\/person\/image\/\",\"url\":\"https:\/\/secure.gravatar.com\/avatar\/394c93c195ff19b00e79d66a42971657a01de9f2740b97148d0f14a1e1a359b7?s=96&r=g\",\"contentUrl\":\"https:\/\/secure.gravatar.com\/avatar\/394c93c195ff19b00e79d66a42971657a01de9f2740b97148d0f14a1e1a359b7?s=96&r=g\",\"caption\":\"PROA Comunicaci\u00f3n\"}}]}<\/script>\n<!-- \/ Yoast SEO plugin. -->","yoast_head_json":{"title":"Elections in Extremadura. Shift to the right in the first stage of the new electoral cycle - PROA Comunicaci\u00f3n","robots":{"index":"index","follow":"follow","max-snippet":"max-snippet:-1","max-image-preview":"max-image-preview:large","max-video-preview":"max-video-preview:-1"},"canonical":"https:\/\/proacomunicacion.es\/en\/report-on-the-elections-in-extremadura\/","og_locale":"en_GB","og_type":"article","og_title":"Elecciones en Extremadura. Giro a la derecha en la primera etapa del nuevo ciclo electoral - PROA Comunicaci\u00f3n","og_description":"Las&nbsp;elecciones en Extremadura&nbsp;constituyen la primera etapa del nuevo ciclo electoral que desemboca en Moncloa, con la fecha l\u00edmite del verano de 2027 para culminar la ola de comicios auton\u00f3micos, locales y generales que est\u00e1n por venir. El resultado de esta primera contienda confirma&nbsp;el giro a la derecha que reflejan las encuestas, con un Partido Popular [&hellip;]","og_url":"https:\/\/proacomunicacion.es\/en\/report-on-the-elections-in-extremadura\/","og_site_name":"PROA Comunicaci\u00f3n","article_published_time":"2025-12-22T14:54:49+00:00","article_modified_time":"2025-12-22T14:56:46+00:00","og_image":[{"width":1920,"height":1080,"url":"https:\/\/proacomunicacion.es\/wp-content\/uploads\/2025\/12\/Extremadura.png","type":"image\/png"}],"author":"PROA Comunicaci\u00f3n","twitter_card":"summary_large_image","twitter_creator":"@proacomunica","twitter_site":"@proacomunica","twitter_misc":{"Written by":"PROA Comunicaci\u00f3n","Estimated reading time":"2 minutes"},"schema":{"@context":"https:\/\/schema.org","@graph":[{"@type":"Article","@id":"https:\/\/proacomunicacion.es\/informe-elecciones-extremadura\/#article","isPartOf":{"@id":"https:\/\/proacomunicacion.es\/informe-elecciones-extremadura\/"},"author":{"name":"PROA Comunicaci\u00f3n","@id":"https:\/\/proacomunicacion.es\/#\/schema\/person\/f80dc8938ea94e7f8aa1e8dc716d5a60"},"headline":"Elecciones en Extremadura. Giro a la derecha en la primera etapa del nuevo ciclo electoral","datePublished":"2025-12-22T14:54:49+00:00","dateModified":"2025-12-22T14:56:46+00:00","mainEntityOfPage":{"@id":"https:\/\/proacomunicacion.es\/informe-elecciones-extremadura\/"},"wordCount":211,"commentCount":0,"publisher":{"@id":"https:\/\/proacomunicacion.es\/#organization"},"image":{"@id":"https:\/\/proacomunicacion.es\/informe-elecciones-extremadura\/#primaryimage"},"thumbnailUrl":"https:\/\/proacomunicacion.es\/wp-content\/uploads\/2025\/12\/Extremadura.png","keywords":["elecciones","Extremadura"],"articleSection":["Noticias"],"inLanguage":"en-GB","potentialAction":[{"@type":"CommentAction","name":"Comment","target":["https:\/\/proacomunicacion.es\/informe-elecciones-extremadura\/#respond"]}]},{"@type":"WebPage","@id":"https:\/\/proacomunicacion.es\/informe-elecciones-extremadura\/","url":"https:\/\/proacomunicacion.es\/informe-elecciones-extremadura\/","name":"Elections in Extremadura. Shift to the right in the first stage of the new electoral cycle - PROA Comunicaci\u00f3n","isPartOf":{"@id":"https:\/\/proacomunicacion.es\/#website"},"primaryImageOfPage":{"@id":"https:\/\/proacomunicacion.es\/informe-elecciones-extremadura\/#primaryimage"},"image":{"@id":"https:\/\/proacomunicacion.es\/informe-elecciones-extremadura\/#primaryimage"},"thumbnailUrl":"https:\/\/proacomunicacion.es\/wp-content\/uploads\/2025\/12\/Extremadura.png","datePublished":"2025-12-22T14:54:49+00:00","dateModified":"2025-12-22T14:56:46+00:00","breadcrumb":{"@id":"https:\/\/proacomunicacion.es\/informe-elecciones-extremadura\/#breadcrumb"},"inLanguage":"en-GB","potentialAction":[{"@type":"ReadAction","target":["https:\/\/proacomunicacion.es\/informe-elecciones-extremadura\/"]}]},{"@type":"ImageObject","inLanguage":"en-GB","@id":"https:\/\/proacomunicacion.es\/informe-elecciones-extremadura\/#primaryimage","url":"https:\/\/proacomunicacion.es\/wp-content\/uploads\/2025\/12\/Extremadura.png","contentUrl":"https:\/\/proacomunicacion.es\/wp-content\/uploads\/2025\/12\/Extremadura.png","width":1920,"height":1080},{"@type":"BreadcrumbList","@id":"https:\/\/proacomunicacion.es\/informe-elecciones-extremadura\/#breadcrumb","itemListElement":[{"@type":"ListItem","position":1,"name":"Portada","item":"https:\/\/proacomunicacion.es\/"},{"@type":"ListItem","position":2,"name":"Elecciones en Extremadura. Giro a la derecha en la primera etapa del nuevo ciclo electoral"}]},{"@type":"WebSite","@id":"https:\/\/proacomunicacion.es\/#website","url":"https:\/\/proacomunicacion.es\/","name":"PROA Communication","description":"Corporate Communications Agency in Madrid, Barcelona and Galicia.","publisher":{"@id":"https:\/\/proacomunicacion.es\/#organization"},"alternateName":"PROA Comunicaci\u00f3n","potentialAction":[{"@type":"SearchAction","target":{"@type":"EntryPoint","urlTemplate":"https:\/\/proacomunicacion.es\/?s={search_term_string}"},"query-input":{"@type":"PropertyValueSpecification","valueRequired":true,"valueName":"search_term_string"}}],"inLanguage":"en-GB"},{"@type":"Organization","@id":"https:\/\/proacomunicacion.es\/#organization","name":"PROA Communication","alternateName":"PROA Comunicaci\u00f3n","url":"https:\/\/proacomunicacion.es\/","logo":{"@type":"ImageObject","inLanguage":"en-GB","@id":"https:\/\/proacomunicacion.es\/#\/schema\/logo\/image\/","url":"https:\/\/proacomunicacion.es\/wp-content\/uploads\/2024\/01\/Logo_Light.svg","contentUrl":"https:\/\/proacomunicacion.es\/wp-content\/uploads\/2024\/01\/Logo_Light.svg","width":136,"height":33,"caption":"PROA Comunicaci\u00f3n"},"image":{"@id":"https:\/\/proacomunicacion.es\/#\/schema\/logo\/image\/"},"sameAs":["https:\/\/x.com\/proacomunica","https:\/\/es.linkedin.com\/company\/proa-comunicacion_2","https:\/\/www.instagram.com\/proacomunica\/","https:\/\/www.youtube.com\/@proacomunicacion","https:\/\/es.wikipedia.org\/wiki\/PROA_Comunicacin"]},{"@type":"Person","@id":"https:\/\/proacomunicacion.es\/#\/schema\/person\/f80dc8938ea94e7f8aa1e8dc716d5a60","name":"PROA Communication","image":{"@type":"ImageObject","inLanguage":"en-GB","@id":"https:\/\/proacomunicacion.es\/#\/schema\/person\/image\/","url":"https:\/\/secure.gravatar.com\/avatar\/394c93c195ff19b00e79d66a42971657a01de9f2740b97148d0f14a1e1a359b7?s=96&r=g","contentUrl":"https:\/\/secure.gravatar.com\/avatar\/394c93c195ff19b00e79d66a42971657a01de9f2740b97148d0f14a1e1a359b7?s=96&r=g","caption":"PROA Comunicaci\u00f3n"}}]}},"_links":{"self":[{"href":"https:\/\/proacomunicacion.es\/en\/wp-json\/wp\/v2\/posts\/46346","targetHints":{"allow":["GET"]}}],"collection":[{"href":"https:\/\/proacomunicacion.es\/en\/wp-json\/wp\/v2\/posts"}],"about":[{"href":"https:\/\/proacomunicacion.es\/en\/wp-json\/wp\/v2\/types\/post"}],"author":[{"embeddable":true,"href":"https:\/\/proacomunicacion.es\/en\/wp-json\/wp\/v2\/users\/28"}],"replies":[{"embeddable":true,"href":"https:\/\/proacomunicacion.es\/en\/wp-json\/wp\/v2\/comments?post=46346"}],"version-history":[{"count":1,"href":"https:\/\/proacomunicacion.es\/en\/wp-json\/wp\/v2\/posts\/46346\/revisions"}],"predecessor-version":[{"id":46348,"href":"https:\/\/proacomunicacion.es\/en\/wp-json\/wp\/v2\/posts\/46346\/revisions\/46348"}],"wp:featuredmedia":[{"embeddable":true,"href":"https:\/\/proacomunicacion.es\/en\/wp-json\/wp\/v2\/media\/46347"}],"wp:attachment":[{"href":"https:\/\/proacomunicacion.es\/en\/wp-json\/wp\/v2\/media?parent=46346"}],"wp:term":[{"taxonomy":"category","embeddable":true,"href":"https:\/\/proacomunicacion.es\/en\/wp-json\/wp\/v2\/categories?post=46346"},{"taxonomy":"post_tag","embeddable":true,"href":"https:\/\/proacomunicacion.es\/en\/wp-json\/wp\/v2\/tags?post=46346"}],"curies":[{"name":"wp","href":"https:\/\/api.w.org\/{rel}","templated":true}]}}