{"id":46384,"date":"2026-01-22T10:19:12","date_gmt":"2026-01-22T09:19:12","guid":{"rendered":"https:\/\/proacomunicacion.es\/?p=46384"},"modified":"2026-01-22T10:21:26","modified_gmt":"2026-01-22T09:21:26","slug":"proa-comunicacion-increases-its-revenues-by-36-in-2025-and-consolidates-the-basis-for-a-new-stage-of-growth-and-diversification","status":"publish","type":"post","link":"https:\/\/proacomunicacion.es\/en\/proa-comunicacion-incrementa-sus-ingresos-un-36-en-2025-y-consolida-las-bases-para-una-nueva-etapa-de-crecimiento-y-diversificacion\/","title":{"rendered":"PROA Comunicaci\u00f3n increases revenues by 36% in 2025 and consolidates the foundations for a new phase of growth and diversification."},"content":{"rendered":"<p><strong>The consultancy forecasts annual revenue growth of 25%-30% until 2028, which will double its turnover in three years.<\/strong><\/p>\n\n\n\n<p><strong>Thanks to a loyal portfolio of clients, the work carried out during 2025 and the greater influence PROA Comunicaci\u00f3n has in the public debate, the company has climbed seven places in the Ranking of the 100 Best Communication Consultancies in Spain drawn up by <em>The Advertiser<\/em> ranking 24th.<\/strong><\/p>\n\n\n\n<p>PROA Comunicaci\u00f3n, a consultancy firm specialising in strategic communications and public affairs, has increased its revenues in 2025 by 36.17 % compared to 2024, thus confirming the company's solid growth. Luc\u00eda Casanueva and Valvanuz Serna Ruiz, managing partners of PROA Comunicaci\u00f3n, explained that \u201cthis result consolidates the necessary foundations to start a new stage in the firm, focusing our objectives on further growth and diversification of our services, without losing the essence that characterises PROA: human capital, excellence and service\". <em>ad hoc<\/em> to customers.&nbsp;<\/p>\n\n\n\n<p>With the aim of being the best and not the biggest in the market, PROA Comunicaci\u00f3n has focused its value proposition on generating a real impact in each project it develops and being a strategic contribution for its clients. \u201cIt is essential to understand all aspects of our clients' business and not leave anything to chance, as well as to measure and make tangible the contribution of communication to the <em>core business<\/em>. The above, with a balanced mix of senior and junior talent, and a stable team over time\u201d, emphasised Luc\u00eda Casanueva and Valvanuz Serna Ruiz.<\/p>\n\n\n\n<p>The consultancy's business plan for the period 2026-2028 assumes revenue growth of around 25%-30% per annum, which will double turnover in this period.<\/p>\n\n\n\n<p>Another focus will be the diversification and consolidation of services. In this line, it is worth highlighting the recent strategic alliance made exclusively with BeAI, an expert company in Artificial Intelligence solutions. This agreement will enable the development of the first responsible AI model in the field of communication consultancy and innovative reputation tools, such as PROA AI Guard, a service designed to improve the visibility, narrative and consistency with which generative engines represent companies and business leaders.<\/p>\n\n\n\n<p>The dedicated work carried out over the last year for a diversified portfolio of clients in sectors such as real estate, energy, defence, finance, consultancy, associations, food and beverage, and industry, together with PROA Comunicaci\u00f3n's increased influence in the public debate, has been demonstrated by the seven positions gained in the Ranking of the 100 Best Communication Consultancy Firms in Spain by <em>The Advertiser<\/em>, ranking 24th.<\/p>\n\n\n\n<p>All of the above, together with the forecasts for the coming years, confirm that companies have recognised the model developed by PROA Comunicaci\u00f3n and that they are looking for consultancies capable of offering a holistic vision and relationships based on trust and transparency.<\/p>","protected":false},"excerpt":{"rendered":"<p>La consultora prev\u00e9 un crecimiento anual de sus ingresos entre un 25%-30% hasta 2028, lo que significar\u00e1 duplicar su facturaci\u00f3n en tres a\u00f1os. Gracias a una cartera fiel de clientes, al trabajo desarrollado durante 2025 y a la mayor influencia que tiene PROA Comunicaci\u00f3n en el debate p\u00fablico, la compa\u00f1\u00eda ha subido siete puestos en [&hellip;]<\/p>\n","protected":false},"author":28,"featured_media":46387,"comment_status":"open","ping_status":"open","sticky":false,"template":"","format":"standard","meta":{"footnotes":""},"categories":[2338],"tags":[],"class_list":["post-46384","post","type-post","status-publish","format-standard","has-post-thumbnail","hentry","category-actualidad"],"yoast_head":"<!-- This site is optimized with the Yoast SEO plugin v27.0 - https:\/\/yoast.com\/product\/yoast-seo-wordpress\/ -->\n<title>PROA Comunicaci\u00f3n incrementa sus ingresos un 36% en 2025 y consolida las bases para una nueva etapa de crecimiento y diversificaci\u00f3n - PROA Comunicaci\u00f3n<\/title>\n<meta name=\"robots\" content=\"index, follow, max-snippet:-1, max-image-preview:large, max-video-preview:-1\" \/>\n<link rel=\"canonical\" href=\"https:\/\/proacomunicacion.es\/en\/proa-comunicacion-increases-its-revenues-by-36-in-2025-and-consolidates-the-basis-for-a-new-stage-of-growth-and-diversification\/\" \/>\n<meta property=\"og:locale\" content=\"en_GB\" \/>\n<meta property=\"og:type\" content=\"article\" \/>\n<meta property=\"og:title\" content=\"PROA Comunicaci\u00f3n incrementa sus ingresos un 36% en 2025 y consolida las bases para una nueva etapa de crecimiento y diversificaci\u00f3n - PROA Comunicaci\u00f3n\" \/>\n<meta property=\"og:description\" content=\"La consultora prev\u00e9 un crecimiento anual de sus ingresos entre un 25%-30% hasta 2028, lo que significar\u00e1 duplicar su facturaci\u00f3n en tres a\u00f1os. Gracias a una cartera fiel de clientes, al trabajo desarrollado durante 2025 y a la mayor influencia que tiene PROA Comunicaci\u00f3n en el debate p\u00fablico, la compa\u00f1\u00eda ha subido siete puestos en [&hellip;]\" \/>\n<meta property=\"og:url\" content=\"https:\/\/proacomunicacion.es\/en\/proa-comunicacion-increases-its-revenues-by-36-in-2025-and-consolidates-the-basis-for-a-new-stage-of-growth-and-diversification\/\" \/>\n<meta property=\"og:site_name\" content=\"PROA Comunicaci\u00f3n\" \/>\n<meta property=\"article:published_time\" content=\"2026-01-22T09:19:12+00:00\" \/>\n<meta property=\"article:modified_time\" content=\"2026-01-22T09:21:26+00:00\" \/>\n<meta property=\"og:image\" content=\"https:\/\/proacomunicacion.es\/wp-content\/uploads\/2026\/01\/PROA_Socias-directoras_medios-1.jpg\" \/>\n\t<meta property=\"og:image:width\" content=\"1527\" \/>\n\t<meta property=\"og:image:height\" content=\"1118\" \/>\n\t<meta property=\"og:image:type\" content=\"image\/jpeg\" \/>\n<meta name=\"author\" content=\"PROA Comunicaci\u00f3n\" \/>\n<meta name=\"twitter:card\" content=\"summary_large_image\" \/>\n<meta name=\"twitter:creator\" content=\"@proacomunica\" \/>\n<meta name=\"twitter:site\" content=\"@proacomunica\" \/>\n<meta name=\"twitter:label1\" content=\"Written by\" \/>\n\t<meta name=\"twitter:data1\" content=\"PROA Comunicaci\u00f3n\" \/>\n\t<meta name=\"twitter:label2\" content=\"Estimated reading time\" \/>\n\t<meta name=\"twitter:data2\" content=\"3 minutes\" \/>\n<script type=\"application\/ld+json\" class=\"yoast-schema-graph\">{\"@context\":\"https:\/\/schema.org\",\"@graph\":[{\"@type\":\"Article\",\"@id\":\"https:\/\/proacomunicacion.es\/proa-comunicacion-incrementa-sus-ingresos-un-36-en-2025-y-consolida-las-bases-para-una-nueva-etapa-de-crecimiento-y-diversificacion\/#article\",\"isPartOf\":{\"@id\":\"https:\/\/proacomunicacion.es\/proa-comunicacion-incrementa-sus-ingresos-un-36-en-2025-y-consolida-las-bases-para-una-nueva-etapa-de-crecimiento-y-diversificacion\/\"},\"author\":{\"name\":\"PROA Comunicaci\u00f3n\",\"@id\":\"https:\/\/proacomunicacion.es\/#\/schema\/person\/f80dc8938ea94e7f8aa1e8dc716d5a60\"},\"headline\":\"PROA Comunicaci\u00f3n incrementa sus ingresos un 36% en 2025 y consolida las bases para una nueva etapa de crecimiento y diversificaci\u00f3n\",\"datePublished\":\"2026-01-22T09:19:12+00:00\",\"dateModified\":\"2026-01-22T09:21:26+00:00\",\"mainEntityOfPage\":{\"@id\":\"https:\/\/proacomunicacion.es\/proa-comunicacion-incrementa-sus-ingresos-un-36-en-2025-y-consolida-las-bases-para-una-nueva-etapa-de-crecimiento-y-diversificacion\/\"},\"wordCount\":568,\"commentCount\":0,\"publisher\":{\"@id\":\"https:\/\/proacomunicacion.es\/#organization\"},\"image\":{\"@id\":\"https:\/\/proacomunicacion.es\/proa-comunicacion-incrementa-sus-ingresos-un-36-en-2025-y-consolida-las-bases-para-una-nueva-etapa-de-crecimiento-y-diversificacion\/#primaryimage\"},\"thumbnailUrl\":\"https:\/\/proacomunicacion.es\/wp-content\/uploads\/2026\/01\/PROA_Socias-directoras_medios-1.jpg\",\"articleSection\":[\"Actualidad\"],\"inLanguage\":\"en-GB\",\"potentialAction\":[{\"@type\":\"CommentAction\",\"name\":\"Comment\",\"target\":[\"https:\/\/proacomunicacion.es\/proa-comunicacion-incrementa-sus-ingresos-un-36-en-2025-y-consolida-las-bases-para-una-nueva-etapa-de-crecimiento-y-diversificacion\/#respond\"]}]},{\"@type\":\"WebPage\",\"@id\":\"https:\/\/proacomunicacion.es\/proa-comunicacion-incrementa-sus-ingresos-un-36-en-2025-y-consolida-las-bases-para-una-nueva-etapa-de-crecimiento-y-diversificacion\/\",\"url\":\"https:\/\/proacomunicacion.es\/proa-comunicacion-incrementa-sus-ingresos-un-36-en-2025-y-consolida-las-bases-para-una-nueva-etapa-de-crecimiento-y-diversificacion\/\",\"name\":\"PROA Comunicaci\u00f3n incrementa sus ingresos un 36% en 2025 y consolida las bases para una nueva etapa de crecimiento y diversificaci\u00f3n - PROA Comunicaci\u00f3n\",\"isPartOf\":{\"@id\":\"https:\/\/proacomunicacion.es\/#website\"},\"primaryImageOfPage\":{\"@id\":\"https:\/\/proacomunicacion.es\/proa-comunicacion-incrementa-sus-ingresos-un-36-en-2025-y-consolida-las-bases-para-una-nueva-etapa-de-crecimiento-y-diversificacion\/#primaryimage\"},\"image\":{\"@id\":\"https:\/\/proacomunicacion.es\/proa-comunicacion-incrementa-sus-ingresos-un-36-en-2025-y-consolida-las-bases-para-una-nueva-etapa-de-crecimiento-y-diversificacion\/#primaryimage\"},\"thumbnailUrl\":\"https:\/\/proacomunicacion.es\/wp-content\/uploads\/2026\/01\/PROA_Socias-directoras_medios-1.jpg\",\"datePublished\":\"2026-01-22T09:19:12+00:00\",\"dateModified\":\"2026-01-22T09:21:26+00:00\",\"breadcrumb\":{\"@id\":\"https:\/\/proacomunicacion.es\/proa-comunicacion-incrementa-sus-ingresos-un-36-en-2025-y-consolida-las-bases-para-una-nueva-etapa-de-crecimiento-y-diversificacion\/#breadcrumb\"},\"inLanguage\":\"en-GB\",\"potentialAction\":[{\"@type\":\"ReadAction\",\"target\":[\"https:\/\/proacomunicacion.es\/proa-comunicacion-incrementa-sus-ingresos-un-36-en-2025-y-consolida-las-bases-para-una-nueva-etapa-de-crecimiento-y-diversificacion\/\"]}]},{\"@type\":\"ImageObject\",\"inLanguage\":\"en-GB\",\"@id\":\"https:\/\/proacomunicacion.es\/proa-comunicacion-incrementa-sus-ingresos-un-36-en-2025-y-consolida-las-bases-para-una-nueva-etapa-de-crecimiento-y-diversificacion\/#primaryimage\",\"url\":\"https:\/\/proacomunicacion.es\/wp-content\/uploads\/2026\/01\/PROA_Socias-directoras_medios-1.jpg\",\"contentUrl\":\"https:\/\/proacomunicacion.es\/wp-content\/uploads\/2026\/01\/PROA_Socias-directoras_medios-1.jpg\",\"width\":1527,\"height\":1118},{\"@type\":\"BreadcrumbList\",\"@id\":\"https:\/\/proacomunicacion.es\/proa-comunicacion-incrementa-sus-ingresos-un-36-en-2025-y-consolida-las-bases-para-una-nueva-etapa-de-crecimiento-y-diversificacion\/#breadcrumb\",\"itemListElement\":[{\"@type\":\"ListItem\",\"position\":1,\"name\":\"Portada\",\"item\":\"https:\/\/proacomunicacion.es\/\"},{\"@type\":\"ListItem\",\"position\":2,\"name\":\"PROA Comunicaci\u00f3n incrementa sus ingresos un 36% en 2025 y consolida las bases para una nueva etapa de crecimiento y diversificaci\u00f3n\"}]},{\"@type\":\"WebSite\",\"@id\":\"https:\/\/proacomunicacion.es\/#website\",\"url\":\"https:\/\/proacomunicacion.es\/\",\"name\":\"PROA Comunicaci\u00f3n\",\"description\":\"Agencia de Comunicaci\u00f3n Corporativa en Madrid, Barcelona y Galicia.\",\"publisher\":{\"@id\":\"https:\/\/proacomunicacion.es\/#organization\"},\"alternateName\":\"PROA Comunicaci\u00f3n\",\"potentialAction\":[{\"@type\":\"SearchAction\",\"target\":{\"@type\":\"EntryPoint\",\"urlTemplate\":\"https:\/\/proacomunicacion.es\/?s={search_term_string}\"},\"query-input\":{\"@type\":\"PropertyValueSpecification\",\"valueRequired\":true,\"valueName\":\"search_term_string\"}}],\"inLanguage\":\"en-GB\"},{\"@type\":\"Organization\",\"@id\":\"https:\/\/proacomunicacion.es\/#organization\",\"name\":\"PROA Comunicaci\u00f3n\",\"alternateName\":\"PROA Comunicaci\u00f3n\",\"url\":\"https:\/\/proacomunicacion.es\/\",\"logo\":{\"@type\":\"ImageObject\",\"inLanguage\":\"en-GB\",\"@id\":\"https:\/\/proacomunicacion.es\/#\/schema\/logo\/image\/\",\"url\":\"https:\/\/proacomunicacion.es\/wp-content\/uploads\/2024\/01\/Logo_Light.svg\",\"contentUrl\":\"https:\/\/proacomunicacion.es\/wp-content\/uploads\/2024\/01\/Logo_Light.svg\",\"width\":136,\"height\":33,\"caption\":\"PROA Comunicaci\u00f3n\"},\"image\":{\"@id\":\"https:\/\/proacomunicacion.es\/#\/schema\/logo\/image\/\"},\"sameAs\":[\"https:\/\/x.com\/proacomunica\",\"https:\/\/es.linkedin.com\/company\/proa-comunicacion_2\",\"https:\/\/www.instagram.com\/proacomunica\/\",\"https:\/\/www.youtube.com\/@proacomunicacion\",\"https:\/\/es.wikipedia.org\/wiki\/PROA_Comunicacin\"]},{\"@type\":\"Person\",\"@id\":\"https:\/\/proacomunicacion.es\/#\/schema\/person\/f80dc8938ea94e7f8aa1e8dc716d5a60\",\"name\":\"PROA Comunicaci\u00f3n\",\"image\":{\"@type\":\"ImageObject\",\"inLanguage\":\"en-GB\",\"@id\":\"https:\/\/proacomunicacion.es\/#\/schema\/person\/image\/\",\"url\":\"https:\/\/secure.gravatar.com\/avatar\/394c93c195ff19b00e79d66a42971657a01de9f2740b97148d0f14a1e1a359b7?s=96&r=g\",\"contentUrl\":\"https:\/\/secure.gravatar.com\/avatar\/394c93c195ff19b00e79d66a42971657a01de9f2740b97148d0f14a1e1a359b7?s=96&r=g\",\"caption\":\"PROA Comunicaci\u00f3n\"}}]}<\/script>\n<!-- \/ Yoast SEO plugin. -->","yoast_head_json":{"title":"PROA Comunicaci\u00f3n increases its revenues by 36% in 2025 and consolidates the basis for a new stage of growth and diversification - PROA Comunicaci\u00f3n","robots":{"index":"index","follow":"follow","max-snippet":"max-snippet:-1","max-image-preview":"max-image-preview:large","max-video-preview":"max-video-preview:-1"},"canonical":"https:\/\/proacomunicacion.es\/en\/proa-comunicacion-increases-its-revenues-by-36-in-2025-and-consolidates-the-basis-for-a-new-stage-of-growth-and-diversification\/","og_locale":"en_GB","og_type":"article","og_title":"PROA Comunicaci\u00f3n incrementa sus ingresos un 36% en 2025 y consolida las bases para una nueva etapa de crecimiento y diversificaci\u00f3n - PROA Comunicaci\u00f3n","og_description":"La consultora prev\u00e9 un crecimiento anual de sus ingresos entre un 25%-30% hasta 2028, lo que significar\u00e1 duplicar su facturaci\u00f3n en tres a\u00f1os. Gracias a una cartera fiel de clientes, al trabajo desarrollado durante 2025 y a la mayor influencia que tiene PROA Comunicaci\u00f3n en el debate p\u00fablico, la compa\u00f1\u00eda ha subido siete puestos en [&hellip;]","og_url":"https:\/\/proacomunicacion.es\/en\/proa-comunicacion-increases-its-revenues-by-36-in-2025-and-consolidates-the-basis-for-a-new-stage-of-growth-and-diversification\/","og_site_name":"PROA Comunicaci\u00f3n","article_published_time":"2026-01-22T09:19:12+00:00","article_modified_time":"2026-01-22T09:21:26+00:00","og_image":[{"width":1527,"height":1118,"url":"https:\/\/proacomunicacion.es\/wp-content\/uploads\/2026\/01\/PROA_Socias-directoras_medios-1.jpg","type":"image\/jpeg"}],"author":"PROA Comunicaci\u00f3n","twitter_card":"summary_large_image","twitter_creator":"@proacomunica","twitter_site":"@proacomunica","twitter_misc":{"Written by":"PROA Comunicaci\u00f3n","Estimated reading time":"3 minutes"},"schema":{"@context":"https:\/\/schema.org","@graph":[{"@type":"Article","@id":"https:\/\/proacomunicacion.es\/proa-comunicacion-incrementa-sus-ingresos-un-36-en-2025-y-consolida-las-bases-para-una-nueva-etapa-de-crecimiento-y-diversificacion\/#article","isPartOf":{"@id":"https:\/\/proacomunicacion.es\/proa-comunicacion-incrementa-sus-ingresos-un-36-en-2025-y-consolida-las-bases-para-una-nueva-etapa-de-crecimiento-y-diversificacion\/"},"author":{"name":"PROA Comunicaci\u00f3n","@id":"https:\/\/proacomunicacion.es\/#\/schema\/person\/f80dc8938ea94e7f8aa1e8dc716d5a60"},"headline":"PROA Comunicaci\u00f3n incrementa sus ingresos un 36% en 2025 y consolida las bases para una nueva etapa de crecimiento y diversificaci\u00f3n","datePublished":"2026-01-22T09:19:12+00:00","dateModified":"2026-01-22T09:21:26+00:00","mainEntityOfPage":{"@id":"https:\/\/proacomunicacion.es\/proa-comunicacion-incrementa-sus-ingresos-un-36-en-2025-y-consolida-las-bases-para-una-nueva-etapa-de-crecimiento-y-diversificacion\/"},"wordCount":568,"commentCount":0,"publisher":{"@id":"https:\/\/proacomunicacion.es\/#organization"},"image":{"@id":"https:\/\/proacomunicacion.es\/proa-comunicacion-incrementa-sus-ingresos-un-36-en-2025-y-consolida-las-bases-para-una-nueva-etapa-de-crecimiento-y-diversificacion\/#primaryimage"},"thumbnailUrl":"https:\/\/proacomunicacion.es\/wp-content\/uploads\/2026\/01\/PROA_Socias-directoras_medios-1.jpg","articleSection":["Actualidad"],"inLanguage":"en-GB","potentialAction":[{"@type":"CommentAction","name":"Comment","target":["https:\/\/proacomunicacion.es\/proa-comunicacion-incrementa-sus-ingresos-un-36-en-2025-y-consolida-las-bases-para-una-nueva-etapa-de-crecimiento-y-diversificacion\/#respond"]}]},{"@type":"WebPage","@id":"https:\/\/proacomunicacion.es\/proa-comunicacion-incrementa-sus-ingresos-un-36-en-2025-y-consolida-las-bases-para-una-nueva-etapa-de-crecimiento-y-diversificacion\/","url":"https:\/\/proacomunicacion.es\/proa-comunicacion-incrementa-sus-ingresos-un-36-en-2025-y-consolida-las-bases-para-una-nueva-etapa-de-crecimiento-y-diversificacion\/","name":"PROA Comunicaci\u00f3n increases its revenues by 36% in 2025 and consolidates the basis for a new stage of growth and diversification - PROA Comunicaci\u00f3n","isPartOf":{"@id":"https:\/\/proacomunicacion.es\/#website"},"primaryImageOfPage":{"@id":"https:\/\/proacomunicacion.es\/proa-comunicacion-incrementa-sus-ingresos-un-36-en-2025-y-consolida-las-bases-para-una-nueva-etapa-de-crecimiento-y-diversificacion\/#primaryimage"},"image":{"@id":"https:\/\/proacomunicacion.es\/proa-comunicacion-incrementa-sus-ingresos-un-36-en-2025-y-consolida-las-bases-para-una-nueva-etapa-de-crecimiento-y-diversificacion\/#primaryimage"},"thumbnailUrl":"https:\/\/proacomunicacion.es\/wp-content\/uploads\/2026\/01\/PROA_Socias-directoras_medios-1.jpg","datePublished":"2026-01-22T09:19:12+00:00","dateModified":"2026-01-22T09:21:26+00:00","breadcrumb":{"@id":"https:\/\/proacomunicacion.es\/proa-comunicacion-incrementa-sus-ingresos-un-36-en-2025-y-consolida-las-bases-para-una-nueva-etapa-de-crecimiento-y-diversificacion\/#breadcrumb"},"inLanguage":"en-GB","potentialAction":[{"@type":"ReadAction","target":["https:\/\/proacomunicacion.es\/proa-comunicacion-incrementa-sus-ingresos-un-36-en-2025-y-consolida-las-bases-para-una-nueva-etapa-de-crecimiento-y-diversificacion\/"]}]},{"@type":"ImageObject","inLanguage":"en-GB","@id":"https:\/\/proacomunicacion.es\/proa-comunicacion-incrementa-sus-ingresos-un-36-en-2025-y-consolida-las-bases-para-una-nueva-etapa-de-crecimiento-y-diversificacion\/#primaryimage","url":"https:\/\/proacomunicacion.es\/wp-content\/uploads\/2026\/01\/PROA_Socias-directoras_medios-1.jpg","contentUrl":"https:\/\/proacomunicacion.es\/wp-content\/uploads\/2026\/01\/PROA_Socias-directoras_medios-1.jpg","width":1527,"height":1118},{"@type":"BreadcrumbList","@id":"https:\/\/proacomunicacion.es\/proa-comunicacion-incrementa-sus-ingresos-un-36-en-2025-y-consolida-las-bases-para-una-nueva-etapa-de-crecimiento-y-diversificacion\/#breadcrumb","itemListElement":[{"@type":"ListItem","position":1,"name":"Portada","item":"https:\/\/proacomunicacion.es\/"},{"@type":"ListItem","position":2,"name":"PROA Comunicaci\u00f3n incrementa sus ingresos un 36% en 2025 y consolida las bases para una nueva etapa de crecimiento y diversificaci\u00f3n"}]},{"@type":"WebSite","@id":"https:\/\/proacomunicacion.es\/#website","url":"https:\/\/proacomunicacion.es\/","name":"PROA Communication","description":"Corporate Communications Agency in Madrid, Barcelona and Galicia.","publisher":{"@id":"https:\/\/proacomunicacion.es\/#organization"},"alternateName":"PROA Comunicaci\u00f3n","potentialAction":[{"@type":"SearchAction","target":{"@type":"EntryPoint","urlTemplate":"https:\/\/proacomunicacion.es\/?s={search_term_string}"},"query-input":{"@type":"PropertyValueSpecification","valueRequired":true,"valueName":"search_term_string"}}],"inLanguage":"en-GB"},{"@type":"Organization","@id":"https:\/\/proacomunicacion.es\/#organization","name":"PROA Communication","alternateName":"PROA Comunicaci\u00f3n","url":"https:\/\/proacomunicacion.es\/","logo":{"@type":"ImageObject","inLanguage":"en-GB","@id":"https:\/\/proacomunicacion.es\/#\/schema\/logo\/image\/","url":"https:\/\/proacomunicacion.es\/wp-content\/uploads\/2024\/01\/Logo_Light.svg","contentUrl":"https:\/\/proacomunicacion.es\/wp-content\/uploads\/2024\/01\/Logo_Light.svg","width":136,"height":33,"caption":"PROA Comunicaci\u00f3n"},"image":{"@id":"https:\/\/proacomunicacion.es\/#\/schema\/logo\/image\/"},"sameAs":["https:\/\/x.com\/proacomunica","https:\/\/es.linkedin.com\/company\/proa-comunicacion_2","https:\/\/www.instagram.com\/proacomunica\/","https:\/\/www.youtube.com\/@proacomunicacion","https:\/\/es.wikipedia.org\/wiki\/PROA_Comunicacin"]},{"@type":"Person","@id":"https:\/\/proacomunicacion.es\/#\/schema\/person\/f80dc8938ea94e7f8aa1e8dc716d5a60","name":"PROA Communication","image":{"@type":"ImageObject","inLanguage":"en-GB","@id":"https:\/\/proacomunicacion.es\/#\/schema\/person\/image\/","url":"https:\/\/secure.gravatar.com\/avatar\/394c93c195ff19b00e79d66a42971657a01de9f2740b97148d0f14a1e1a359b7?s=96&r=g","contentUrl":"https:\/\/secure.gravatar.com\/avatar\/394c93c195ff19b00e79d66a42971657a01de9f2740b97148d0f14a1e1a359b7?s=96&r=g","caption":"PROA Comunicaci\u00f3n"}}]}},"_links":{"self":[{"href":"https:\/\/proacomunicacion.es\/en\/wp-json\/wp\/v2\/posts\/46384","targetHints":{"allow":["GET"]}}],"collection":[{"href":"https:\/\/proacomunicacion.es\/en\/wp-json\/wp\/v2\/posts"}],"about":[{"href":"https:\/\/proacomunicacion.es\/en\/wp-json\/wp\/v2\/types\/post"}],"author":[{"embeddable":true,"href":"https:\/\/proacomunicacion.es\/en\/wp-json\/wp\/v2\/users\/28"}],"replies":[{"embeddable":true,"href":"https:\/\/proacomunicacion.es\/en\/wp-json\/wp\/v2\/comments?post=46384"}],"version-history":[{"count":1,"href":"https:\/\/proacomunicacion.es\/en\/wp-json\/wp\/v2\/posts\/46384\/revisions"}],"predecessor-version":[{"id":46386,"href":"https:\/\/proacomunicacion.es\/en\/wp-json\/wp\/v2\/posts\/46384\/revisions\/46386"}],"wp:featuredmedia":[{"embeddable":true,"href":"https:\/\/proacomunicacion.es\/en\/wp-json\/wp\/v2\/media\/46387"}],"wp:attachment":[{"href":"https:\/\/proacomunicacion.es\/en\/wp-json\/wp\/v2\/media?parent=46384"}],"wp:term":[{"taxonomy":"category","embeddable":true,"href":"https:\/\/proacomunicacion.es\/en\/wp-json\/wp\/v2\/categories?post=46384"},{"taxonomy":"post_tag","embeddable":true,"href":"https:\/\/proacomunicacion.es\/en\/wp-json\/wp\/v2\/tags?post=46384"}],"curies":[{"name":"wp","href":"https:\/\/api.w.org\/{rel}","templated":true}]}}