{"id":465,"date":"2014-02-11T19:16:54","date_gmt":"2014-02-11T18:16:54","guid":{"rendered":"http:\/\/proacomunicacion.es\/?p=465"},"modified":"2014-02-11T19:16:54","modified_gmt":"2014-02-11T18:16:54","slug":"the-positive-influence-of-enrique-alcat","status":"publish","type":"post","link":"https:\/\/proacomunicacion.es\/en\/la-influencia-positiva-de-enrique-alcat\/","title":{"rendered":"Enrique Alcat's positive influence"},"content":{"rendered":"<p><a href=\" https:\/\/proacomunicacion.es\/wp-content\/uploads\/2013\/04\/DSC_0768.jpg\"><img fetchpriority=\"high\" decoding=\"async\" class=\"size-medium wp-image-280 alignnone\" src=\" https:\/\/proacomunicacion.es\/wp-content\/uploads\/2013\/04\/DSC_0768-300x199.jpg\" alt=\"DSC_0768\" width=\"300\" height=\"199\" \/><\/a><img decoding=\"async\" class=\"alignnone\" src=\"http:\/\/s01.s3c.es\/imag\/_v3\/ECONOMISTA\/Personas\/225x250\/enrique-alcat.jpg\" alt=\"\" width=\"201\" height=\"198\" \/><\/p>\n<p>&nbsp;<\/p>\n<p>Last week one of Spain's leading experts in crisis communication died in Pamplona. <strong>Enrique Alcat<\/strong> gone too soon. Only 51 years old. I still remember how I helped him plan his trip to Santander in August last year. He wanted to prepare it carefully because his guest was his mother. He would send me photos of the different places he was visiting... and as we went along we would improvise new visits.<\/p>\n<p>Enrique has been one of Spain's leading communication experts. Where there was talk of <strong>crisis communication<\/strong>, <strong>regaining reputation<\/strong> or the <strong>business prestige<\/strong>... companies and institutions quickly turned to him.  Throughout his prolific business career, he participated in the management of 120 business crises and implemented different strategies to deal with them. Enrique said that \"the problem is that 95% of companies don't have a manual for dealing with these situations\". Alcat, who directed the Communication Programme at IE Business School, also reminded us that there is only one key to repairing the damage: to anticipate.<\/p>\n<p>\"The problem has to be seen beforehand. You have to be prepared. People analyse the crisis when it is already in the media. In Spain, managers only worry about the numbers,\" he warned the group of business people attending the Observatory.<\/p>\n<p>For Enrique, it was a mistake to revive the image with advertising alone. In recent times, he cited the financial system as an example of mismanagement in communication. \"Something that was sacred has been touched: the relationship of trust between the bank and the customer. This rupture cannot be changed with a patch of advertising or a change of slogan. When things are done badly, it is necessary to carry out a communication campaign, to recognise the blame and to rectify the damage caused\".  He had a maxim for crisis communication that he repeated ad nauseam: \"it is better to inform too little in time than too much at the wrong time. There are crises that cannot wait 15 days for the words of the person in charge because a newspaper headline can sink a company\".<\/p>\n<p>Accomplished to the end. On the same day of his death, last Thursday, \"La tormenta perfecta\" (The perfect storm) was released, in which 10 crisis cases (N\u00f3os, the ERE in Andalusia, B\u00e1rcenas, the Gibraltar conflict...) are exposed, the way they have been managed and how they should have been managed.<\/p>\n<p>Enrique was always looking for a gap in his busy schedule of meetings and trips to meet for lunch, give good advice or lend a hand. Always. That is why, in April last year, we were lucky enough to have him as a guest at the \"Observatorio Proa de la Comunicaci\u00f3n\". At that time he was promoting his book: \"Influye\" (Influence). I will keep the phrase he always repeated and which serves as a reminder: \"the important thing is to influence in a positive way\". Thank you for everything, Enrique. Farewell.<\/p>\n<p>Luc\u00eda Casanueva<\/p>","protected":false},"excerpt":{"rendered":"<p>&nbsp; La semana pasada\u00a0muri\u00f3 en Pamplona uno de los grandes expertos en comunicaci\u00f3n de crisis de Espa\u00f1a. Enrique Alcat se ha ido demasiado pronto. Con s\u00f3lo 51 a\u00f1os. Todav\u00eda recuerdo c\u00f3mo le ayud\u00e9 a planificar su viaje a Santander en\u00a0agosto del a\u00f1o pasado. Quer\u00eda prepararlo con esmero\u00a0porque su invitada era su madre. Me iba mandando [&hellip;]<\/p>\n","protected":false},"author":28,"featured_media":6200,"comment_status":"open","ping_status":"open","sticky":false,"template":"","format":"standard","meta":{"footnotes":""},"categories":[1],"tags":[42,43,44,38],"class_list":["post-465","post","type-post","status-publish","format-standard","has-post-thumbnail","hentry","category-actualidad-proa","tag-comunicacion-de-crisis","tag-crisis-reputacional","tag-gestion-comunicacion-de-crisis","tag-gestionar-comunicacion-de-crisis"],"yoast_head":"<!-- This site is optimized with the Yoast SEO plugin v27.0 - https:\/\/yoast.com\/product\/yoast-seo-wordpress\/ -->\n<title>La influencia positiva de Enrique Alcat - Blog Comunicaci\u00f3n y Reputaci\u00f3n<\/title>\n<meta name=\"robots\" content=\"index, follow, max-snippet:-1, max-image-preview:large, max-video-preview:-1\" \/>\n<link rel=\"canonical\" href=\"https:\/\/proacomunicacion.es\/en\/the-positive-influence-of-enrique-alcat\/\" \/>\n<meta property=\"og:locale\" content=\"en_GB\" \/>\n<meta property=\"og:type\" content=\"article\" \/>\n<meta property=\"og:title\" content=\"La influencia positiva de Enrique Alcat - Blog Comunicaci\u00f3n y Reputaci\u00f3n\" \/>\n<meta property=\"og:description\" content=\"&nbsp; La semana pasada\u00a0muri\u00f3 en Pamplona uno de los grandes expertos en comunicaci\u00f3n de crisis de Espa\u00f1a. Enrique Alcat se ha ido demasiado pronto. Con s\u00f3lo 51 a\u00f1os. Todav\u00eda recuerdo c\u00f3mo le ayud\u00e9 a planificar su viaje a Santander en\u00a0agosto del a\u00f1o pasado. Quer\u00eda prepararlo con esmero\u00a0porque su invitada era su madre. Me iba mandando [&hellip;]\" \/>\n<meta property=\"og:url\" content=\"https:\/\/proacomunicacion.es\/en\/the-positive-influence-of-enrique-alcat\/\" \/>\n<meta property=\"og:site_name\" content=\"PROA Comunicaci\u00f3n\" \/>\n<meta property=\"article:published_time\" content=\"2014-02-11T18:16:54+00:00\" \/>\n<meta property=\"og:image\" content=\"https:\/\/proacomunicacion.es\/wp-content\/uploads\/2025\/08\/Firefly_radio-de-barco-scaled.jpg\" \/>\n\t<meta property=\"og:image:width\" content=\"2560\" \/>\n\t<meta property=\"og:image:height\" content=\"1414\" \/>\n\t<meta property=\"og:image:type\" content=\"image\/jpeg\" \/>\n<meta name=\"author\" content=\"PROA Comunicaci\u00f3n\" \/>\n<meta name=\"twitter:card\" content=\"summary_large_image\" \/>\n<meta name=\"twitter:creator\" content=\"@proacomunica\" \/>\n<meta name=\"twitter:site\" content=\"@proacomunica\" \/>\n<meta name=\"twitter:label1\" content=\"Written by\" \/>\n\t<meta name=\"twitter:data1\" content=\"PROA Comunicaci\u00f3n\" \/>\n\t<meta name=\"twitter:label2\" content=\"Estimated reading time\" \/>\n\t<meta name=\"twitter:data2\" content=\"3 minutes\" \/>\n<script type=\"application\/ld+json\" class=\"yoast-schema-graph\">{\"@context\":\"https:\/\/schema.org\",\"@graph\":[{\"@type\":\"Article\",\"@id\":\"https:\/\/proacomunicacion.es\/la-influencia-positiva-de-enrique-alcat\/#article\",\"isPartOf\":{\"@id\":\"https:\/\/proacomunicacion.es\/la-influencia-positiva-de-enrique-alcat\/\"},\"author\":{\"name\":\"PROA Comunicaci\u00f3n\",\"@id\":\"https:\/\/proacomunicacion.es\/#\/schema\/person\/f80dc8938ea94e7f8aa1e8dc716d5a60\"},\"headline\":\"La influencia positiva de Enrique Alcat\",\"datePublished\":\"2014-02-11T18:16:54+00:00\",\"mainEntityOfPage\":{\"@id\":\"https:\/\/proacomunicacion.es\/la-influencia-positiva-de-enrique-alcat\/\"},\"wordCount\":530,\"commentCount\":0,\"publisher\":{\"@id\":\"https:\/\/proacomunicacion.es\/#organization\"},\"image\":{\"@id\":\"https:\/\/proacomunicacion.es\/la-influencia-positiva-de-enrique-alcat\/#primaryimage\"},\"thumbnailUrl\":\"\",\"keywords\":[\"Comunicaci\u00f3n de crisis\",\"crisis reputacional\",\"gesti\u00f3n comunicaci\u00f3n de crisis\",\"gestionar comunicaci\u00f3n de crisis\"],\"articleSection\":[\"Actualidad\"],\"inLanguage\":\"en-GB\",\"potentialAction\":[{\"@type\":\"CommentAction\",\"name\":\"Comment\",\"target\":[\"https:\/\/proacomunicacion.es\/la-influencia-positiva-de-enrique-alcat\/#respond\"]}]},{\"@type\":\"WebPage\",\"@id\":\"https:\/\/proacomunicacion.es\/la-influencia-positiva-de-enrique-alcat\/\",\"url\":\"https:\/\/proacomunicacion.es\/la-influencia-positiva-de-enrique-alcat\/\",\"name\":\"La influencia positiva de Enrique Alcat - Blog Comunicaci\u00f3n y Reputaci\u00f3n\",\"isPartOf\":{\"@id\":\"https:\/\/proacomunicacion.es\/#website\"},\"primaryImageOfPage\":{\"@id\":\"https:\/\/proacomunicacion.es\/la-influencia-positiva-de-enrique-alcat\/#primaryimage\"},\"image\":{\"@id\":\"https:\/\/proacomunicacion.es\/la-influencia-positiva-de-enrique-alcat\/#primaryimage\"},\"thumbnailUrl\":\"\",\"datePublished\":\"2014-02-11T18:16:54+00:00\",\"breadcrumb\":{\"@id\":\"https:\/\/proacomunicacion.es\/la-influencia-positiva-de-enrique-alcat\/#breadcrumb\"},\"inLanguage\":\"en-GB\",\"potentialAction\":[{\"@type\":\"ReadAction\",\"target\":[\"https:\/\/proacomunicacion.es\/la-influencia-positiva-de-enrique-alcat\/\"]}]},{\"@type\":\"ImageObject\",\"inLanguage\":\"en-GB\",\"@id\":\"https:\/\/proacomunicacion.es\/la-influencia-positiva-de-enrique-alcat\/#primaryimage\",\"url\":\"\",\"contentUrl\":\"\"},{\"@type\":\"BreadcrumbList\",\"@id\":\"https:\/\/proacomunicacion.es\/la-influencia-positiva-de-enrique-alcat\/#breadcrumb\",\"itemListElement\":[{\"@type\":\"ListItem\",\"position\":1,\"name\":\"Portada\",\"item\":\"https:\/\/proacomunicacion.es\/\"},{\"@type\":\"ListItem\",\"position\":2,\"name\":\"La influencia positiva de Enrique Alcat\"}]},{\"@type\":\"WebSite\",\"@id\":\"https:\/\/proacomunicacion.es\/#website\",\"url\":\"https:\/\/proacomunicacion.es\/\",\"name\":\"PROA Comunicaci\u00f3n\",\"description\":\"Agencia de Comunicaci\u00f3n Corporativa en Madrid, Barcelona y Galicia.\",\"publisher\":{\"@id\":\"https:\/\/proacomunicacion.es\/#organization\"},\"alternateName\":\"PROA Comunicaci\u00f3n\",\"potentialAction\":[{\"@type\":\"SearchAction\",\"target\":{\"@type\":\"EntryPoint\",\"urlTemplate\":\"https:\/\/proacomunicacion.es\/?s={search_term_string}\"},\"query-input\":{\"@type\":\"PropertyValueSpecification\",\"valueRequired\":true,\"valueName\":\"search_term_string\"}}],\"inLanguage\":\"en-GB\"},{\"@type\":\"Organization\",\"@id\":\"https:\/\/proacomunicacion.es\/#organization\",\"name\":\"PROA Comunicaci\u00f3n\",\"alternateName\":\"PROA Comunicaci\u00f3n\",\"url\":\"https:\/\/proacomunicacion.es\/\",\"logo\":{\"@type\":\"ImageObject\",\"inLanguage\":\"en-GB\",\"@id\":\"https:\/\/proacomunicacion.es\/#\/schema\/logo\/image\/\",\"url\":\"https:\/\/proacomunicacion.es\/wp-content\/uploads\/2024\/01\/Logo_Light.svg\",\"contentUrl\":\"https:\/\/proacomunicacion.es\/wp-content\/uploads\/2024\/01\/Logo_Light.svg\",\"width\":136,\"height\":33,\"caption\":\"PROA Comunicaci\u00f3n\"},\"image\":{\"@id\":\"https:\/\/proacomunicacion.es\/#\/schema\/logo\/image\/\"},\"sameAs\":[\"https:\/\/x.com\/proacomunica\",\"https:\/\/es.linkedin.com\/company\/proa-comunicacion_2\",\"https:\/\/www.instagram.com\/proacomunica\/\",\"https:\/\/www.youtube.com\/@proacomunicacion\",\"https:\/\/es.wikipedia.org\/wiki\/PROA_Comunicacin\"]},{\"@type\":\"Person\",\"@id\":\"https:\/\/proacomunicacion.es\/#\/schema\/person\/f80dc8938ea94e7f8aa1e8dc716d5a60\",\"name\":\"PROA Comunicaci\u00f3n\",\"image\":{\"@type\":\"ImageObject\",\"inLanguage\":\"en-GB\",\"@id\":\"https:\/\/proacomunicacion.es\/#\/schema\/person\/image\/\",\"url\":\"https:\/\/secure.gravatar.com\/avatar\/394c93c195ff19b00e79d66a42971657a01de9f2740b97148d0f14a1e1a359b7?s=96&r=g\",\"contentUrl\":\"https:\/\/secure.gravatar.com\/avatar\/394c93c195ff19b00e79d66a42971657a01de9f2740b97148d0f14a1e1a359b7?s=96&r=g\",\"caption\":\"PROA Comunicaci\u00f3n\"}}]}<\/script>\n<!-- \/ Yoast SEO plugin. -->","yoast_head_json":{"title":"Enrique Alcat's positive influence - Blog Comunicaci\u00f3n y Reputaci\u00f3n","robots":{"index":"index","follow":"follow","max-snippet":"max-snippet:-1","max-image-preview":"max-image-preview:large","max-video-preview":"max-video-preview:-1"},"canonical":"https:\/\/proacomunicacion.es\/en\/the-positive-influence-of-enrique-alcat\/","og_locale":"en_GB","og_type":"article","og_title":"La influencia positiva de Enrique Alcat - Blog Comunicaci\u00f3n y Reputaci\u00f3n","og_description":"&nbsp; La semana pasada\u00a0muri\u00f3 en Pamplona uno de los grandes expertos en comunicaci\u00f3n de crisis de Espa\u00f1a. Enrique Alcat se ha ido demasiado pronto. Con s\u00f3lo 51 a\u00f1os. Todav\u00eda recuerdo c\u00f3mo le ayud\u00e9 a planificar su viaje a Santander en\u00a0agosto del a\u00f1o pasado. Quer\u00eda prepararlo con esmero\u00a0porque su invitada era su madre. Me iba mandando [&hellip;]","og_url":"https:\/\/proacomunicacion.es\/en\/the-positive-influence-of-enrique-alcat\/","og_site_name":"PROA Comunicaci\u00f3n","article_published_time":"2014-02-11T18:16:54+00:00","og_image":[{"width":2560,"height":1414,"url":"https:\/\/proacomunicacion.es\/wp-content\/uploads\/2025\/08\/Firefly_radio-de-barco-scaled.jpg","type":"image\/jpeg"}],"author":"PROA Comunicaci\u00f3n","twitter_card":"summary_large_image","twitter_creator":"@proacomunica","twitter_site":"@proacomunica","twitter_misc":{"Written by":"PROA Comunicaci\u00f3n","Estimated reading time":"3 minutes"},"schema":{"@context":"https:\/\/schema.org","@graph":[{"@type":"Article","@id":"https:\/\/proacomunicacion.es\/la-influencia-positiva-de-enrique-alcat\/#article","isPartOf":{"@id":"https:\/\/proacomunicacion.es\/la-influencia-positiva-de-enrique-alcat\/"},"author":{"name":"PROA Comunicaci\u00f3n","@id":"https:\/\/proacomunicacion.es\/#\/schema\/person\/f80dc8938ea94e7f8aa1e8dc716d5a60"},"headline":"La influencia positiva de Enrique Alcat","datePublished":"2014-02-11T18:16:54+00:00","mainEntityOfPage":{"@id":"https:\/\/proacomunicacion.es\/la-influencia-positiva-de-enrique-alcat\/"},"wordCount":530,"commentCount":0,"publisher":{"@id":"https:\/\/proacomunicacion.es\/#organization"},"image":{"@id":"https:\/\/proacomunicacion.es\/la-influencia-positiva-de-enrique-alcat\/#primaryimage"},"thumbnailUrl":"","keywords":["Comunicaci\u00f3n de crisis","crisis reputacional","gesti\u00f3n comunicaci\u00f3n de crisis","gestionar comunicaci\u00f3n de crisis"],"articleSection":["Actualidad"],"inLanguage":"en-GB","potentialAction":[{"@type":"CommentAction","name":"Comment","target":["https:\/\/proacomunicacion.es\/la-influencia-positiva-de-enrique-alcat\/#respond"]}]},{"@type":"WebPage","@id":"https:\/\/proacomunicacion.es\/la-influencia-positiva-de-enrique-alcat\/","url":"https:\/\/proacomunicacion.es\/la-influencia-positiva-de-enrique-alcat\/","name":"Enrique Alcat's positive influence - Blog Comunicaci\u00f3n y Reputaci\u00f3n","isPartOf":{"@id":"https:\/\/proacomunicacion.es\/#website"},"primaryImageOfPage":{"@id":"https:\/\/proacomunicacion.es\/la-influencia-positiva-de-enrique-alcat\/#primaryimage"},"image":{"@id":"https:\/\/proacomunicacion.es\/la-influencia-positiva-de-enrique-alcat\/#primaryimage"},"thumbnailUrl":"","datePublished":"2014-02-11T18:16:54+00:00","breadcrumb":{"@id":"https:\/\/proacomunicacion.es\/la-influencia-positiva-de-enrique-alcat\/#breadcrumb"},"inLanguage":"en-GB","potentialAction":[{"@type":"ReadAction","target":["https:\/\/proacomunicacion.es\/la-influencia-positiva-de-enrique-alcat\/"]}]},{"@type":"ImageObject","inLanguage":"en-GB","@id":"https:\/\/proacomunicacion.es\/la-influencia-positiva-de-enrique-alcat\/#primaryimage","url":"","contentUrl":""},{"@type":"BreadcrumbList","@id":"https:\/\/proacomunicacion.es\/la-influencia-positiva-de-enrique-alcat\/#breadcrumb","itemListElement":[{"@type":"ListItem","position":1,"name":"Portada","item":"https:\/\/proacomunicacion.es\/"},{"@type":"ListItem","position":2,"name":"La influencia positiva de Enrique Alcat"}]},{"@type":"WebSite","@id":"https:\/\/proacomunicacion.es\/#website","url":"https:\/\/proacomunicacion.es\/","name":"PROA Communication","description":"Corporate Communications Agency in Madrid, Barcelona and Galicia.","publisher":{"@id":"https:\/\/proacomunicacion.es\/#organization"},"alternateName":"PROA Comunicaci\u00f3n","potentialAction":[{"@type":"SearchAction","target":{"@type":"EntryPoint","urlTemplate":"https:\/\/proacomunicacion.es\/?s={search_term_string}"},"query-input":{"@type":"PropertyValueSpecification","valueRequired":true,"valueName":"search_term_string"}}],"inLanguage":"en-GB"},{"@type":"Organization","@id":"https:\/\/proacomunicacion.es\/#organization","name":"PROA Communication","alternateName":"PROA Comunicaci\u00f3n","url":"https:\/\/proacomunicacion.es\/","logo":{"@type":"ImageObject","inLanguage":"en-GB","@id":"https:\/\/proacomunicacion.es\/#\/schema\/logo\/image\/","url":"https:\/\/proacomunicacion.es\/wp-content\/uploads\/2024\/01\/Logo_Light.svg","contentUrl":"https:\/\/proacomunicacion.es\/wp-content\/uploads\/2024\/01\/Logo_Light.svg","width":136,"height":33,"caption":"PROA Comunicaci\u00f3n"},"image":{"@id":"https:\/\/proacomunicacion.es\/#\/schema\/logo\/image\/"},"sameAs":["https:\/\/x.com\/proacomunica","https:\/\/es.linkedin.com\/company\/proa-comunicacion_2","https:\/\/www.instagram.com\/proacomunica\/","https:\/\/www.youtube.com\/@proacomunicacion","https:\/\/es.wikipedia.org\/wiki\/PROA_Comunicacin"]},{"@type":"Person","@id":"https:\/\/proacomunicacion.es\/#\/schema\/person\/f80dc8938ea94e7f8aa1e8dc716d5a60","name":"PROA Communication","image":{"@type":"ImageObject","inLanguage":"en-GB","@id":"https:\/\/proacomunicacion.es\/#\/schema\/person\/image\/","url":"https:\/\/secure.gravatar.com\/avatar\/394c93c195ff19b00e79d66a42971657a01de9f2740b97148d0f14a1e1a359b7?s=96&r=g","contentUrl":"https:\/\/secure.gravatar.com\/avatar\/394c93c195ff19b00e79d66a42971657a01de9f2740b97148d0f14a1e1a359b7?s=96&r=g","caption":"PROA Comunicaci\u00f3n"}}]}},"_links":{"self":[{"href":"https:\/\/proacomunicacion.es\/en\/wp-json\/wp\/v2\/posts\/465","targetHints":{"allow":["GET"]}}],"collection":[{"href":"https:\/\/proacomunicacion.es\/en\/wp-json\/wp\/v2\/posts"}],"about":[{"href":"https:\/\/proacomunicacion.es\/en\/wp-json\/wp\/v2\/types\/post"}],"author":[{"embeddable":true,"href":"https:\/\/proacomunicacion.es\/en\/wp-json\/wp\/v2\/users\/28"}],"replies":[{"embeddable":true,"href":"https:\/\/proacomunicacion.es\/en\/wp-json\/wp\/v2\/comments?post=465"}],"version-history":[{"count":0,"href":"https:\/\/proacomunicacion.es\/en\/wp-json\/wp\/v2\/posts\/465\/revisions"}],"wp:featuredmedia":[{"embeddable":true,"href":"https:\/\/proacomunicacion.es\/en\/wp-json\/"}],"wp:attachment":[{"href":"https:\/\/proacomunicacion.es\/en\/wp-json\/wp\/v2\/media?parent=465"}],"wp:term":[{"taxonomy":"category","embeddable":true,"href":"https:\/\/proacomunicacion.es\/en\/wp-json\/wp\/v2\/categories?post=465"},{"taxonomy":"post_tag","embeddable":true,"href":"https:\/\/proacomunicacion.es\/en\/wp-json\/wp\/v2\/tags?post=465"}],"curies":[{"name":"wp","href":"https:\/\/api.w.org\/{rel}","templated":true}]}}