{"id":57,"date":"2012-11-13T11:19:47","date_gmt":"2012-11-13T10:19:47","guid":{"rendered":"http:\/\/proacomunicacion.es\/?p=57"},"modified":"2012-11-13T11:19:47","modified_gmt":"2012-11-13T10:19:47","slug":"luisdevega","status":"publish","type":"post","link":"https:\/\/proacomunicacion.es\/en\/luisdevega\/","title":{"rendered":"Luis de Vega, ABC journalist: \"We have not known how to recycle or adapt to the new forms of communication\"."},"content":{"rendered":"<p>On Monday 12 November, the fifth edition of the \"<a href=\"https:\/\/proacomunicacion.es\/en\/observatorio-comunicacion-estrategica-reputacion-corporativa\/\">Proa Communication Observatory<\/a>\". On this occasion, the guest was Luis de Vega, former correspondent for the <a target=\"_blank\" href=\"https:\/\/www.abc.es\" rel=\"noopener\">ABC newspaper<\/a> He has been a special envoy to many international conflicts, with special emphasis on those on the African continent, and is currently editor of the International section of the same newspaper, where he has been working for almost 20 years.<\/p>\n<p>In this session of the Proa Observatory, the speaker opened the debate with a reflection on the widespread belief that information and communication are not necessary. He pointed to the control of information and the scarcity of media as a common feature of totalitarian regimes and pointed out that, in order to avoid this, the existence of an independent media that strengthens and underpins democracy is necessary.<\/p>\n<p>Continuing this reflection, Luis de Vega highlighted the importance of international information. In his opinion, this is a basic pillar for society, despite the belief that what is closest to home is what most affects the citizen, when in reality everything that happens in the world is what most influences day-to-day life and what will have to be studied in the future.<\/p>\n<p>After these initial ideas, the speaker began an analysis of the situation of the media, in which he highlighted two reasons why they have collapsed. On the one hand, the emergence of the internet has brought about a technological revolution more important than the emergence of television and radio, and on the other hand, the economic crisis has led to a very pronounced decline in media consumption.<\/p>\n<p>De Vega did not want to overlook the poor management of the media, which have not been able to adapt to the new times. He also left room for self-criticism, saying that journalists \"have not known how to recycle or adapt to the new forms of communication\".<\/p>\n<p>According to the veteran journalist, the bad situation in which the media find themselves has had an immediate consequence in the field of international news with the closure of the majority of correspondents due to the cost involved. He stressed that the figure of the correspondent has been replaced by that of the occasional collaborator, giving priority to the immediacy of the information as opposed to the quality of having a person moving around the city on a daily basis, getting to know the way of life, being in contact with the people and the reality of the country.<\/p>\n<p>Luis de Vega ended his speech with a reflection on the new organisation of the media. In his opinion, he believes that nothing is going to change and that it is necessary to realise that there is no going back and that paper is mortally wounded.<\/p>","protected":false},"excerpt":{"rendered":"<p>El pasado lunes 12 de noviembre se celebr\u00f3 la\u00a0quinta edici\u00f3n del \u201cObservatorio Proa de la Comunicaci\u00f3n\u201d. En esta ocasi\u00f3n el invitado fue Luis de Vega, excorresponsal del diario ABC en el Magreb, enviado especial a m\u00faltiples conflictos internacionales, con especial incidencia en los ocurridos en el continente africano, y actualmente redactor de la secci\u00f3n de [&hellip;]<\/p>\n","protected":false},"author":28,"featured_media":0,"comment_status":"open","ping_status":"open","sticky":false,"template":"","format":"standard","meta":{"footnotes":""},"categories":[1],"tags":[15,16,3,4,5,6],"class_list":["post-57","post","type-post","status-publish","format-standard","hentry","category-actualidad-proa","tag-abc","tag-medios-comunicacion","tag-observatorio-comunicacion-estrategica","tag-observatorio-proa","tag-observatorio-proa-comunicacion","tag-observatorio-reputacion-corporativa"],"yoast_head":"<!-- This site is optimized with the Yoast SEO plugin v27.0 - https:\/\/yoast.com\/product\/yoast-seo-wordpress\/ -->\n<title>Luis de Vega, periodista de ABC: &quot;No nos hemos sabido reciclar ni adaptar a las nuevas formas de comunicaci\u00f3n\u201d - Blog Comunicaci\u00f3n y Reputaci\u00f3n<\/title>\n<meta name=\"robots\" content=\"index, follow, max-snippet:-1, max-image-preview:large, max-video-preview:-1\" \/>\n<link rel=\"canonical\" href=\"https:\/\/proacomunicacion.es\/en\/luisdevega\/\" \/>\n<meta property=\"og:locale\" content=\"en_GB\" \/>\n<meta property=\"og:type\" content=\"article\" \/>\n<meta property=\"og:title\" content=\"Luis de Vega, periodista de ABC: &quot;No nos hemos sabido reciclar ni adaptar a las nuevas formas de comunicaci\u00f3n\u201d - Blog Comunicaci\u00f3n y Reputaci\u00f3n\" \/>\n<meta property=\"og:description\" content=\"El pasado lunes 12 de noviembre se celebr\u00f3 la\u00a0quinta edici\u00f3n del \u201cObservatorio Proa de la Comunicaci\u00f3n\u201d. En esta ocasi\u00f3n el invitado fue Luis de Vega, excorresponsal del diario ABC en el Magreb, enviado especial a m\u00faltiples conflictos internacionales, con especial incidencia en los ocurridos en el continente africano, y actualmente redactor de la secci\u00f3n de [&hellip;]\" \/>\n<meta property=\"og:url\" content=\"https:\/\/proacomunicacion.es\/en\/luisdevega\/\" \/>\n<meta property=\"og:site_name\" content=\"PROA Comunicaci\u00f3n\" \/>\n<meta property=\"article:published_time\" content=\"2012-11-13T10:19:47+00:00\" \/>\n<meta property=\"og:image\" content=\"https:\/\/proacomunicacion.es\/wp-content\/uploads\/2025\/08\/Firefly_radio-de-barco-scaled.jpg\" \/>\n\t<meta property=\"og:image:width\" content=\"2560\" \/>\n\t<meta property=\"og:image:height\" content=\"1414\" \/>\n\t<meta property=\"og:image:type\" content=\"image\/jpeg\" \/>\n<meta name=\"author\" content=\"PROA Comunicaci\u00f3n\" \/>\n<meta name=\"twitter:card\" content=\"summary_large_image\" \/>\n<meta name=\"twitter:creator\" content=\"@proacomunica\" \/>\n<meta name=\"twitter:site\" content=\"@proacomunica\" \/>\n<meta name=\"twitter:label1\" content=\"Written by\" \/>\n\t<meta name=\"twitter:data1\" content=\"PROA Comunicaci\u00f3n\" \/>\n\t<meta name=\"twitter:label2\" content=\"Estimated reading time\" \/>\n\t<meta name=\"twitter:data2\" content=\"3 minutes\" \/>\n<script type=\"application\/ld+json\" class=\"yoast-schema-graph\">{\"@context\":\"https:\/\/schema.org\",\"@graph\":[{\"@type\":\"Article\",\"@id\":\"https:\/\/proacomunicacion.es\/luisdevega\/#article\",\"isPartOf\":{\"@id\":\"https:\/\/proacomunicacion.es\/luisdevega\/\"},\"author\":{\"name\":\"PROA Comunicaci\u00f3n\",\"@id\":\"https:\/\/proacomunicacion.es\/#\/schema\/person\/f80dc8938ea94e7f8aa1e8dc716d5a60\"},\"headline\":\"Luis de Vega, periodista de ABC: \u00abNo nos hemos sabido reciclar ni adaptar a las nuevas formas de comunicaci\u00f3n\u201d\",\"datePublished\":\"2012-11-13T10:19:47+00:00\",\"mainEntityOfPage\":{\"@id\":\"https:\/\/proacomunicacion.es\/luisdevega\/\"},\"wordCount\":541,\"commentCount\":0,\"publisher\":{\"@id\":\"https:\/\/proacomunicacion.es\/#organization\"},\"keywords\":[\"ABC\",\"medios comunicaci\u00f3n\",\"observatorio comunicaci\u00f3n estrat\u00e9gica\",\"Observatorio Proa\",\"Observatorio Proa Comunicaci\u00f3n\",\"observatorio reputaci\u00f3n corporativa\"],\"articleSection\":[\"Actualidad\"],\"inLanguage\":\"en-GB\",\"potentialAction\":[{\"@type\":\"CommentAction\",\"name\":\"Comment\",\"target\":[\"https:\/\/proacomunicacion.es\/luisdevega\/#respond\"]}]},{\"@type\":\"WebPage\",\"@id\":\"https:\/\/proacomunicacion.es\/luisdevega\/\",\"url\":\"https:\/\/proacomunicacion.es\/luisdevega\/\",\"name\":\"Luis de Vega, periodista de ABC: \\\"No nos hemos sabido reciclar ni adaptar a las nuevas formas de comunicaci\u00f3n\u201d - Blog Comunicaci\u00f3n y Reputaci\u00f3n\",\"isPartOf\":{\"@id\":\"https:\/\/proacomunicacion.es\/#website\"},\"datePublished\":\"2012-11-13T10:19:47+00:00\",\"breadcrumb\":{\"@id\":\"https:\/\/proacomunicacion.es\/luisdevega\/#breadcrumb\"},\"inLanguage\":\"en-GB\",\"potentialAction\":[{\"@type\":\"ReadAction\",\"target\":[\"https:\/\/proacomunicacion.es\/luisdevega\/\"]}]},{\"@type\":\"BreadcrumbList\",\"@id\":\"https:\/\/proacomunicacion.es\/luisdevega\/#breadcrumb\",\"itemListElement\":[{\"@type\":\"ListItem\",\"position\":1,\"name\":\"Portada\",\"item\":\"https:\/\/proacomunicacion.es\/\"},{\"@type\":\"ListItem\",\"position\":2,\"name\":\"Luis de Vega, periodista de ABC: \u00abNo nos hemos sabido reciclar ni adaptar a las nuevas formas de comunicaci\u00f3n\u201d\"}]},{\"@type\":\"WebSite\",\"@id\":\"https:\/\/proacomunicacion.es\/#website\",\"url\":\"https:\/\/proacomunicacion.es\/\",\"name\":\"PROA Comunicaci\u00f3n\",\"description\":\"Agencia de Comunicaci\u00f3n Corporativa en Madrid, Barcelona y Galicia.\",\"publisher\":{\"@id\":\"https:\/\/proacomunicacion.es\/#organization\"},\"alternateName\":\"PROA Comunicaci\u00f3n\",\"potentialAction\":[{\"@type\":\"SearchAction\",\"target\":{\"@type\":\"EntryPoint\",\"urlTemplate\":\"https:\/\/proacomunicacion.es\/?s={search_term_string}\"},\"query-input\":{\"@type\":\"PropertyValueSpecification\",\"valueRequired\":true,\"valueName\":\"search_term_string\"}}],\"inLanguage\":\"en-GB\"},{\"@type\":\"Organization\",\"@id\":\"https:\/\/proacomunicacion.es\/#organization\",\"name\":\"PROA Comunicaci\u00f3n\",\"alternateName\":\"PROA Comunicaci\u00f3n\",\"url\":\"https:\/\/proacomunicacion.es\/\",\"logo\":{\"@type\":\"ImageObject\",\"inLanguage\":\"en-GB\",\"@id\":\"https:\/\/proacomunicacion.es\/#\/schema\/logo\/image\/\",\"url\":\"https:\/\/proacomunicacion.es\/wp-content\/uploads\/2024\/01\/Logo_Light.svg\",\"contentUrl\":\"https:\/\/proacomunicacion.es\/wp-content\/uploads\/2024\/01\/Logo_Light.svg\",\"width\":136,\"height\":33,\"caption\":\"PROA Comunicaci\u00f3n\"},\"image\":{\"@id\":\"https:\/\/proacomunicacion.es\/#\/schema\/logo\/image\/\"},\"sameAs\":[\"https:\/\/x.com\/proacomunica\",\"https:\/\/es.linkedin.com\/company\/proa-comunicacion_2\",\"https:\/\/www.instagram.com\/proacomunica\/\",\"https:\/\/www.youtube.com\/@proacomunicacion\",\"https:\/\/es.wikipedia.org\/wiki\/PROA_Comunicacin\"]},{\"@type\":\"Person\",\"@id\":\"https:\/\/proacomunicacion.es\/#\/schema\/person\/f80dc8938ea94e7f8aa1e8dc716d5a60\",\"name\":\"PROA Comunicaci\u00f3n\",\"image\":{\"@type\":\"ImageObject\",\"inLanguage\":\"en-GB\",\"@id\":\"https:\/\/proacomunicacion.es\/#\/schema\/person\/image\/\",\"url\":\"https:\/\/secure.gravatar.com\/avatar\/394c93c195ff19b00e79d66a42971657a01de9f2740b97148d0f14a1e1a359b7?s=96&r=g\",\"contentUrl\":\"https:\/\/secure.gravatar.com\/avatar\/394c93c195ff19b00e79d66a42971657a01de9f2740b97148d0f14a1e1a359b7?s=96&r=g\",\"caption\":\"PROA Comunicaci\u00f3n\"}}]}<\/script>\n<!-- \/ Yoast SEO plugin. -->","yoast_head_json":{"title":"Luis de Vega, ABC journalist: \"We have not known how to recycle or adapt to the new forms of communication\" - Blog Comunicaci\u00f3n y Reputaci\u00f3n","robots":{"index":"index","follow":"follow","max-snippet":"max-snippet:-1","max-image-preview":"max-image-preview:large","max-video-preview":"max-video-preview:-1"},"canonical":"https:\/\/proacomunicacion.es\/en\/luisdevega\/","og_locale":"en_GB","og_type":"article","og_title":"Luis de Vega, periodista de ABC: \"No nos hemos sabido reciclar ni adaptar a las nuevas formas de comunicaci\u00f3n\u201d - Blog Comunicaci\u00f3n y Reputaci\u00f3n","og_description":"El pasado lunes 12 de noviembre se celebr\u00f3 la\u00a0quinta edici\u00f3n del \u201cObservatorio Proa de la Comunicaci\u00f3n\u201d. En esta ocasi\u00f3n el invitado fue Luis de Vega, excorresponsal del diario ABC en el Magreb, enviado especial a m\u00faltiples conflictos internacionales, con especial incidencia en los ocurridos en el continente africano, y actualmente redactor de la secci\u00f3n de [&hellip;]","og_url":"https:\/\/proacomunicacion.es\/en\/luisdevega\/","og_site_name":"PROA Comunicaci\u00f3n","article_published_time":"2012-11-13T10:19:47+00:00","og_image":[{"width":2560,"height":1414,"url":"https:\/\/proacomunicacion.es\/wp-content\/uploads\/2025\/08\/Firefly_radio-de-barco-scaled.jpg","type":"image\/jpeg"}],"author":"PROA Comunicaci\u00f3n","twitter_card":"summary_large_image","twitter_creator":"@proacomunica","twitter_site":"@proacomunica","twitter_misc":{"Written by":"PROA Comunicaci\u00f3n","Estimated reading time":"3 minutes"},"schema":{"@context":"https:\/\/schema.org","@graph":[{"@type":"Article","@id":"https:\/\/proacomunicacion.es\/luisdevega\/#article","isPartOf":{"@id":"https:\/\/proacomunicacion.es\/luisdevega\/"},"author":{"name":"PROA Comunicaci\u00f3n","@id":"https:\/\/proacomunicacion.es\/#\/schema\/person\/f80dc8938ea94e7f8aa1e8dc716d5a60"},"headline":"Luis de Vega, periodista de ABC: \u00abNo nos hemos sabido reciclar ni adaptar a las nuevas formas de comunicaci\u00f3n\u201d","datePublished":"2012-11-13T10:19:47+00:00","mainEntityOfPage":{"@id":"https:\/\/proacomunicacion.es\/luisdevega\/"},"wordCount":541,"commentCount":0,"publisher":{"@id":"https:\/\/proacomunicacion.es\/#organization"},"keywords":["ABC","medios comunicaci\u00f3n","observatorio comunicaci\u00f3n estrat\u00e9gica","Observatorio Proa","Observatorio Proa Comunicaci\u00f3n","observatorio reputaci\u00f3n corporativa"],"articleSection":["Actualidad"],"inLanguage":"en-GB","potentialAction":[{"@type":"CommentAction","name":"Comment","target":["https:\/\/proacomunicacion.es\/luisdevega\/#respond"]}]},{"@type":"WebPage","@id":"https:\/\/proacomunicacion.es\/luisdevega\/","url":"https:\/\/proacomunicacion.es\/luisdevega\/","name":"Luis de Vega, ABC journalist: \"We have not known how to recycle or adapt to the new forms of communication\" - Blog Comunicaci\u00f3n y Reputaci\u00f3n","isPartOf":{"@id":"https:\/\/proacomunicacion.es\/#website"},"datePublished":"2012-11-13T10:19:47+00:00","breadcrumb":{"@id":"https:\/\/proacomunicacion.es\/luisdevega\/#breadcrumb"},"inLanguage":"en-GB","potentialAction":[{"@type":"ReadAction","target":["https:\/\/proacomunicacion.es\/luisdevega\/"]}]},{"@type":"BreadcrumbList","@id":"https:\/\/proacomunicacion.es\/luisdevega\/#breadcrumb","itemListElement":[{"@type":"ListItem","position":1,"name":"Portada","item":"https:\/\/proacomunicacion.es\/"},{"@type":"ListItem","position":2,"name":"Luis de Vega, periodista de ABC: \u00abNo nos hemos sabido reciclar ni adaptar a las nuevas formas de comunicaci\u00f3n\u201d"}]},{"@type":"WebSite","@id":"https:\/\/proacomunicacion.es\/#website","url":"https:\/\/proacomunicacion.es\/","name":"PROA Communication","description":"Corporate Communications Agency in Madrid, Barcelona and Galicia.","publisher":{"@id":"https:\/\/proacomunicacion.es\/#organization"},"alternateName":"PROA Comunicaci\u00f3n","potentialAction":[{"@type":"SearchAction","target":{"@type":"EntryPoint","urlTemplate":"https:\/\/proacomunicacion.es\/?s={search_term_string}"},"query-input":{"@type":"PropertyValueSpecification","valueRequired":true,"valueName":"search_term_string"}}],"inLanguage":"en-GB"},{"@type":"Organization","@id":"https:\/\/proacomunicacion.es\/#organization","name":"PROA Communication","alternateName":"PROA Comunicaci\u00f3n","url":"https:\/\/proacomunicacion.es\/","logo":{"@type":"ImageObject","inLanguage":"en-GB","@id":"https:\/\/proacomunicacion.es\/#\/schema\/logo\/image\/","url":"https:\/\/proacomunicacion.es\/wp-content\/uploads\/2024\/01\/Logo_Light.svg","contentUrl":"https:\/\/proacomunicacion.es\/wp-content\/uploads\/2024\/01\/Logo_Light.svg","width":136,"height":33,"caption":"PROA Comunicaci\u00f3n"},"image":{"@id":"https:\/\/proacomunicacion.es\/#\/schema\/logo\/image\/"},"sameAs":["https:\/\/x.com\/proacomunica","https:\/\/es.linkedin.com\/company\/proa-comunicacion_2","https:\/\/www.instagram.com\/proacomunica\/","https:\/\/www.youtube.com\/@proacomunicacion","https:\/\/es.wikipedia.org\/wiki\/PROA_Comunicacin"]},{"@type":"Person","@id":"https:\/\/proacomunicacion.es\/#\/schema\/person\/f80dc8938ea94e7f8aa1e8dc716d5a60","name":"PROA Communication","image":{"@type":"ImageObject","inLanguage":"en-GB","@id":"https:\/\/proacomunicacion.es\/#\/schema\/person\/image\/","url":"https:\/\/secure.gravatar.com\/avatar\/394c93c195ff19b00e79d66a42971657a01de9f2740b97148d0f14a1e1a359b7?s=96&r=g","contentUrl":"https:\/\/secure.gravatar.com\/avatar\/394c93c195ff19b00e79d66a42971657a01de9f2740b97148d0f14a1e1a359b7?s=96&r=g","caption":"PROA Comunicaci\u00f3n"}}]}},"_links":{"self":[{"href":"https:\/\/proacomunicacion.es\/en\/wp-json\/wp\/v2\/posts\/57","targetHints":{"allow":["GET"]}}],"collection":[{"href":"https:\/\/proacomunicacion.es\/en\/wp-json\/wp\/v2\/posts"}],"about":[{"href":"https:\/\/proacomunicacion.es\/en\/wp-json\/wp\/v2\/types\/post"}],"author":[{"embeddable":true,"href":"https:\/\/proacomunicacion.es\/en\/wp-json\/wp\/v2\/users\/28"}],"replies":[{"embeddable":true,"href":"https:\/\/proacomunicacion.es\/en\/wp-json\/wp\/v2\/comments?post=57"}],"version-history":[{"count":0,"href":"https:\/\/proacomunicacion.es\/en\/wp-json\/wp\/v2\/posts\/57\/revisions"}],"wp:attachment":[{"href":"https:\/\/proacomunicacion.es\/en\/wp-json\/wp\/v2\/media?parent=57"}],"wp:term":[{"taxonomy":"category","embeddable":true,"href":"https:\/\/proacomunicacion.es\/en\/wp-json\/wp\/v2\/categories?post=57"},{"taxonomy":"post_tag","embeddable":true,"href":"https:\/\/proacomunicacion.es\/en\/wp-json\/wp\/v2\/tags?post=57"}],"curies":[{"name":"wp","href":"https:\/\/api.w.org\/{rel}","templated":true}]}}