{"id":6231,"date":"2016-11-29T18:35:58","date_gmt":"2016-11-29T17:35:58","guid":{"rendered":"http:\/\/proacomunicacion.es\/?p=6231"},"modified":"2016-11-29T18:35:58","modified_gmt":"2016-11-29T17:35:58","slug":"proa-comunicacion-participates-hands-2016","status":"publish","type":"post","link":"https:\/\/proacomunicacion.es\/en\/proa-comunicacion-participa-hands-2016\/","title":{"rendered":"Proa Comunicaci\u00f3n participates in Hands 2016"},"content":{"rendered":"<p><a href=\" https:\/\/proacomunicacion.es\/wp-content\/uploads\/2016\/11\/fundacion.jpg\"><img fetchpriority=\"high\" decoding=\"async\" class=\"aligncenter wp-image-6233 size-full\" src=\" https:\/\/proacomunicacion.es\/wp-content\/uploads\/2016\/11\/fundacion.jpg\" alt=\"foundation\" width=\"900\" height=\"473\" \/><\/a><\/p>\n<p style=\"text-align: justify;\">Proa Comunicaci\u00f3n will participate in the Hands 16 charity auction, held by the <a href=\"http:\/\/fundacionemalaikat.es\/index.php\/evento\/5022\/\" target=\"_blank\" rel=\"noopener noreferrer\">Emalaikat Foundation, an NGO dedicated to the creation and development of sustainable water resources in Africa.<\/a>. The auction will take place on 30 November in Madrid (Casa Club C\/Pinar 17) and the entire proceeds will go to the Foundation, which focuses its activity on long-term programmes. Its current projects in Kenya and Ethiopia stand out.<\/p>\n<p style=\"text-align: justify;\">The entrance to this charity auction costs 25 euros and gives the right to bid for the different products auctioned. It is also possible to collaborate by donating gifts for the auction or raffle, helping to spread the word about the initiative, participating in the organisation or sending a donation to fila 0 (BBVA ES17 0182 2012 98 0201528472).<\/p>\n<p style=\"text-align: justify;\">Many benefactors have decided to do their bit for this cause, being the first to donate money or products to ensure the success of an event that deserves to be championed as excellence in solidarity.<strong> Among the benefactors will be Marqu\u00e9s del Atrio, a client of Proa Comunicaci\u00f3n.<\/strong> y <a href=\"http:\/\/marquesdelatrio.com\/es\/noticias\/marques-del-atrio-vino-oficial-de-la-liga\" target=\"_blank\" rel=\"noopener noreferrer\">official wine of the LaLiga Santander and LaLiga1l2l3 Championship<\/a>. The winery managed by the Rivero family will donate <a href=\"http:\/\/marquesdelatrio.com\/es\/encuentra-tu-vino\" target=\"_blank\" rel=\"noopener noreferrer\">50 bottles Marques del Atrio Crianza 2013<\/a>which will be tasted during the event.<\/p>\n<p style=\"text-align: justify;\">From Proa Comunicaci\u00f3n we are confident in the success of an event whose aid will focus on the Turkana region in Kenya, an area that depends entirely on its livestock, which generates a situation of great fragility in the face of droughts, which especially affects the most vulnerable population: pregnant and lactating women, the elderly and children under 6 years of age.<\/p>\n<p style=\"text-align: center;\"><strong>\"The footprints of people who walk together are never erased\" - African proverb.<\/strong><\/p>","protected":false},"excerpt":{"rendered":"<p>Proa Comunicaci\u00f3n participar\u00e1 en la subasta ben\u00e9fica Hands 16, de la Fundaci\u00f3n Emalaikat, una ONG dedicada a la creaci\u00f3n y desarrollo de recursos acu\u00edferos sostenibles en \u00c1frica. La subasta se realizar\u00e1 el 30 de noviembre en Madrid (Casa Club C\/Pinar 17) y la recaudaci\u00f3n \u00edntegra se destinar\u00e1 a la Fundaci\u00f3n, que centra su actividad en [&hellip;]<\/p>\n","protected":false},"author":28,"featured_media":6233,"comment_status":"open","ping_status":"open","sticky":false,"template":"","format":"standard","meta":{"footnotes":""},"categories":[131],"tags":[9,10,11,522,14,523,524,7,525],"class_list":["post-6231","post","type-post","status-publish","format-standard","has-post-thumbnail","hentry","category-noticias","tag-agencia-comunicacion-empresarial","tag-agencia-de-comunicacion","tag-agencia-de-comunicacion-corporativa","tag-casa-club","tag-consultora-de-comunicacion","tag-fundacion-emalaikat","tag-marques-del-atrio","tag-proa-comunicacion","tag-subasta-hands-2016"],"yoast_head":"<!-- This site is optimized with the Yoast SEO plugin v27.0 - https:\/\/yoast.com\/product\/yoast-seo-wordpress\/ -->\n<title>Proa Comunicaci\u00f3n participa en Hands 2016 - PROA Comunicaci\u00f3n<\/title>\n<meta name=\"robots\" content=\"index, follow, max-snippet:-1, max-image-preview:large, max-video-preview:-1\" \/>\n<link rel=\"canonical\" href=\"https:\/\/proacomunicacion.es\/en\/proa-comunicacion-participates-hands-2016\/\" \/>\n<meta property=\"og:locale\" content=\"en_GB\" \/>\n<meta property=\"og:type\" content=\"article\" \/>\n<meta property=\"og:title\" content=\"Proa Comunicaci\u00f3n participa en Hands 2016 - PROA Comunicaci\u00f3n\" \/>\n<meta property=\"og:description\" content=\"Proa Comunicaci\u00f3n participar\u00e1 en la subasta ben\u00e9fica Hands 16, de la Fundaci\u00f3n Emalaikat, una ONG dedicada a la creaci\u00f3n y desarrollo de recursos acu\u00edferos sostenibles en \u00c1frica. La subasta se realizar\u00e1 el 30 de noviembre en Madrid (Casa Club C\/Pinar 17) y la recaudaci\u00f3n \u00edntegra se destinar\u00e1 a la Fundaci\u00f3n, que centra su actividad en [&hellip;]\" \/>\n<meta property=\"og:url\" content=\"https:\/\/proacomunicacion.es\/en\/proa-comunicacion-participates-hands-2016\/\" \/>\n<meta property=\"og:site_name\" content=\"PROA Comunicaci\u00f3n\" \/>\n<meta property=\"article:published_time\" content=\"2016-11-29T17:35:58+00:00\" \/>\n<meta property=\"og:image\" content=\"https:\/\/proacomunicacion.es\/wp-content\/uploads\/2025\/08\/Firefly_radio-de-barco-scaled.jpg\" \/>\n\t<meta property=\"og:image:width\" content=\"2560\" \/>\n\t<meta property=\"og:image:height\" content=\"1414\" \/>\n\t<meta property=\"og:image:type\" content=\"image\/jpeg\" \/>\n<meta name=\"author\" content=\"PROA Comunicaci\u00f3n\" \/>\n<meta name=\"twitter:card\" content=\"summary_large_image\" \/>\n<meta name=\"twitter:creator\" content=\"@proacomunica\" \/>\n<meta name=\"twitter:site\" content=\"@proacomunica\" \/>\n<meta name=\"twitter:label1\" content=\"Written by\" \/>\n\t<meta name=\"twitter:data1\" content=\"PROA Comunicaci\u00f3n\" \/>\n\t<meta name=\"twitter:label2\" content=\"Estimated reading time\" \/>\n\t<meta name=\"twitter:data2\" content=\"1 minute\" \/>\n<script type=\"application\/ld+json\" class=\"yoast-schema-graph\">{\"@context\":\"https:\/\/schema.org\",\"@graph\":[{\"@type\":\"Article\",\"@id\":\"https:\/\/proacomunicacion.es\/proa-comunicacion-participa-hands-2016\/#article\",\"isPartOf\":{\"@id\":\"https:\/\/proacomunicacion.es\/proa-comunicacion-participa-hands-2016\/\"},\"author\":{\"name\":\"PROA Comunicaci\u00f3n\",\"@id\":\"https:\/\/proacomunicacion.es\/#\/schema\/person\/f80dc8938ea94e7f8aa1e8dc716d5a60\"},\"headline\":\"Proa Comunicaci\u00f3n participa en Hands 2016\",\"datePublished\":\"2016-11-29T17:35:58+00:00\",\"mainEntityOfPage\":{\"@id\":\"https:\/\/proacomunicacion.es\/proa-comunicacion-participa-hands-2016\/\"},\"wordCount\":299,\"commentCount\":0,\"publisher\":{\"@id\":\"https:\/\/proacomunicacion.es\/#organization\"},\"image\":{\"@id\":\"https:\/\/proacomunicacion.es\/proa-comunicacion-participa-hands-2016\/#primaryimage\"},\"thumbnailUrl\":\"\",\"keywords\":[\"agencia comunicaci\u00f3n empresarial\",\"agencia de comunicaci\u00f3n\",\"agencia de comunicaci\u00f3n corporativa\",\"casa club\",\"consultora de comunicaci\u00f3n\",\"fundacion emalaikat\",\"marques del atrio\",\"Proa Comunicaci\u00f3n\",\"subasta hands 2016\"],\"articleSection\":[\"Noticias\"],\"inLanguage\":\"en-GB\",\"potentialAction\":[{\"@type\":\"CommentAction\",\"name\":\"Comment\",\"target\":[\"https:\/\/proacomunicacion.es\/proa-comunicacion-participa-hands-2016\/#respond\"]}]},{\"@type\":\"WebPage\",\"@id\":\"https:\/\/proacomunicacion.es\/proa-comunicacion-participa-hands-2016\/\",\"url\":\"https:\/\/proacomunicacion.es\/proa-comunicacion-participa-hands-2016\/\",\"name\":\"Proa Comunicaci\u00f3n participa en Hands 2016 - PROA Comunicaci\u00f3n\",\"isPartOf\":{\"@id\":\"https:\/\/proacomunicacion.es\/#website\"},\"primaryImageOfPage\":{\"@id\":\"https:\/\/proacomunicacion.es\/proa-comunicacion-participa-hands-2016\/#primaryimage\"},\"image\":{\"@id\":\"https:\/\/proacomunicacion.es\/proa-comunicacion-participa-hands-2016\/#primaryimage\"},\"thumbnailUrl\":\"\",\"datePublished\":\"2016-11-29T17:35:58+00:00\",\"breadcrumb\":{\"@id\":\"https:\/\/proacomunicacion.es\/proa-comunicacion-participa-hands-2016\/#breadcrumb\"},\"inLanguage\":\"en-GB\",\"potentialAction\":[{\"@type\":\"ReadAction\",\"target\":[\"https:\/\/proacomunicacion.es\/proa-comunicacion-participa-hands-2016\/\"]}]},{\"@type\":\"ImageObject\",\"inLanguage\":\"en-GB\",\"@id\":\"https:\/\/proacomunicacion.es\/proa-comunicacion-participa-hands-2016\/#primaryimage\",\"url\":\"\",\"contentUrl\":\"\"},{\"@type\":\"BreadcrumbList\",\"@id\":\"https:\/\/proacomunicacion.es\/proa-comunicacion-participa-hands-2016\/#breadcrumb\",\"itemListElement\":[{\"@type\":\"ListItem\",\"position\":1,\"name\":\"Portada\",\"item\":\"https:\/\/proacomunicacion.es\/\"},{\"@type\":\"ListItem\",\"position\":2,\"name\":\"Proa Comunicaci\u00f3n participa en Hands 2016\"}]},{\"@type\":\"WebSite\",\"@id\":\"https:\/\/proacomunicacion.es\/#website\",\"url\":\"https:\/\/proacomunicacion.es\/\",\"name\":\"PROA Comunicaci\u00f3n\",\"description\":\"Agencia de Comunicaci\u00f3n Corporativa en Madrid, Barcelona y Galicia.\",\"publisher\":{\"@id\":\"https:\/\/proacomunicacion.es\/#organization\"},\"alternateName\":\"PROA Comunicaci\u00f3n\",\"potentialAction\":[{\"@type\":\"SearchAction\",\"target\":{\"@type\":\"EntryPoint\",\"urlTemplate\":\"https:\/\/proacomunicacion.es\/?s={search_term_string}\"},\"query-input\":{\"@type\":\"PropertyValueSpecification\",\"valueRequired\":true,\"valueName\":\"search_term_string\"}}],\"inLanguage\":\"en-GB\"},{\"@type\":\"Organization\",\"@id\":\"https:\/\/proacomunicacion.es\/#organization\",\"name\":\"PROA Comunicaci\u00f3n\",\"alternateName\":\"PROA Comunicaci\u00f3n\",\"url\":\"https:\/\/proacomunicacion.es\/\",\"logo\":{\"@type\":\"ImageObject\",\"inLanguage\":\"en-GB\",\"@id\":\"https:\/\/proacomunicacion.es\/#\/schema\/logo\/image\/\",\"url\":\"https:\/\/proacomunicacion.es\/wp-content\/uploads\/2024\/01\/Logo_Light.svg\",\"contentUrl\":\"https:\/\/proacomunicacion.es\/wp-content\/uploads\/2024\/01\/Logo_Light.svg\",\"width\":136,\"height\":33,\"caption\":\"PROA Comunicaci\u00f3n\"},\"image\":{\"@id\":\"https:\/\/proacomunicacion.es\/#\/schema\/logo\/image\/\"},\"sameAs\":[\"https:\/\/x.com\/proacomunica\",\"https:\/\/es.linkedin.com\/company\/proa-comunicacion_2\",\"https:\/\/www.instagram.com\/proacomunica\/\",\"https:\/\/www.youtube.com\/@proacomunicacion\",\"https:\/\/es.wikipedia.org\/wiki\/PROA_Comunicacin\"]},{\"@type\":\"Person\",\"@id\":\"https:\/\/proacomunicacion.es\/#\/schema\/person\/f80dc8938ea94e7f8aa1e8dc716d5a60\",\"name\":\"PROA Comunicaci\u00f3n\",\"image\":{\"@type\":\"ImageObject\",\"inLanguage\":\"en-GB\",\"@id\":\"https:\/\/proacomunicacion.es\/#\/schema\/person\/image\/\",\"url\":\"https:\/\/secure.gravatar.com\/avatar\/394c93c195ff19b00e79d66a42971657a01de9f2740b97148d0f14a1e1a359b7?s=96&r=g\",\"contentUrl\":\"https:\/\/secure.gravatar.com\/avatar\/394c93c195ff19b00e79d66a42971657a01de9f2740b97148d0f14a1e1a359b7?s=96&r=g\",\"caption\":\"PROA Comunicaci\u00f3n\"}}]}<\/script>\n<!-- \/ Yoast SEO plugin. -->","yoast_head_json":{"title":"Proa Comunicaci\u00f3n participates in Hands 2016 - PROA Comunicaci\u00f3n","robots":{"index":"index","follow":"follow","max-snippet":"max-snippet:-1","max-image-preview":"max-image-preview:large","max-video-preview":"max-video-preview:-1"},"canonical":"https:\/\/proacomunicacion.es\/en\/proa-comunicacion-participates-hands-2016\/","og_locale":"en_GB","og_type":"article","og_title":"Proa Comunicaci\u00f3n participa en Hands 2016 - PROA Comunicaci\u00f3n","og_description":"Proa Comunicaci\u00f3n participar\u00e1 en la subasta ben\u00e9fica Hands 16, de la Fundaci\u00f3n Emalaikat, una ONG dedicada a la creaci\u00f3n y desarrollo de recursos acu\u00edferos sostenibles en \u00c1frica. La subasta se realizar\u00e1 el 30 de noviembre en Madrid (Casa Club C\/Pinar 17) y la recaudaci\u00f3n \u00edntegra se destinar\u00e1 a la Fundaci\u00f3n, que centra su actividad en [&hellip;]","og_url":"https:\/\/proacomunicacion.es\/en\/proa-comunicacion-participates-hands-2016\/","og_site_name":"PROA Comunicaci\u00f3n","article_published_time":"2016-11-29T17:35:58+00:00","og_image":[{"width":2560,"height":1414,"url":"https:\/\/proacomunicacion.es\/wp-content\/uploads\/2025\/08\/Firefly_radio-de-barco-scaled.jpg","type":"image\/jpeg"}],"author":"PROA Comunicaci\u00f3n","twitter_card":"summary_large_image","twitter_creator":"@proacomunica","twitter_site":"@proacomunica","twitter_misc":{"Written by":"PROA Comunicaci\u00f3n","Estimated reading time":"1 minute"},"schema":{"@context":"https:\/\/schema.org","@graph":[{"@type":"Article","@id":"https:\/\/proacomunicacion.es\/proa-comunicacion-participa-hands-2016\/#article","isPartOf":{"@id":"https:\/\/proacomunicacion.es\/proa-comunicacion-participa-hands-2016\/"},"author":{"name":"PROA Comunicaci\u00f3n","@id":"https:\/\/proacomunicacion.es\/#\/schema\/person\/f80dc8938ea94e7f8aa1e8dc716d5a60"},"headline":"Proa Comunicaci\u00f3n participa en Hands 2016","datePublished":"2016-11-29T17:35:58+00:00","mainEntityOfPage":{"@id":"https:\/\/proacomunicacion.es\/proa-comunicacion-participa-hands-2016\/"},"wordCount":299,"commentCount":0,"publisher":{"@id":"https:\/\/proacomunicacion.es\/#organization"},"image":{"@id":"https:\/\/proacomunicacion.es\/proa-comunicacion-participa-hands-2016\/#primaryimage"},"thumbnailUrl":"","keywords":["agencia comunicaci\u00f3n empresarial","agencia de comunicaci\u00f3n","agencia de comunicaci\u00f3n corporativa","casa club","consultora de comunicaci\u00f3n","fundacion emalaikat","marques del atrio","Proa Comunicaci\u00f3n","subasta hands 2016"],"articleSection":["Noticias"],"inLanguage":"en-GB","potentialAction":[{"@type":"CommentAction","name":"Comment","target":["https:\/\/proacomunicacion.es\/proa-comunicacion-participa-hands-2016\/#respond"]}]},{"@type":"WebPage","@id":"https:\/\/proacomunicacion.es\/proa-comunicacion-participa-hands-2016\/","url":"https:\/\/proacomunicacion.es\/proa-comunicacion-participa-hands-2016\/","name":"Proa Comunicaci\u00f3n participates in Hands 2016 - PROA Comunicaci\u00f3n","isPartOf":{"@id":"https:\/\/proacomunicacion.es\/#website"},"primaryImageOfPage":{"@id":"https:\/\/proacomunicacion.es\/proa-comunicacion-participa-hands-2016\/#primaryimage"},"image":{"@id":"https:\/\/proacomunicacion.es\/proa-comunicacion-participa-hands-2016\/#primaryimage"},"thumbnailUrl":"","datePublished":"2016-11-29T17:35:58+00:00","breadcrumb":{"@id":"https:\/\/proacomunicacion.es\/proa-comunicacion-participa-hands-2016\/#breadcrumb"},"inLanguage":"en-GB","potentialAction":[{"@type":"ReadAction","target":["https:\/\/proacomunicacion.es\/proa-comunicacion-participa-hands-2016\/"]}]},{"@type":"ImageObject","inLanguage":"en-GB","@id":"https:\/\/proacomunicacion.es\/proa-comunicacion-participa-hands-2016\/#primaryimage","url":"","contentUrl":""},{"@type":"BreadcrumbList","@id":"https:\/\/proacomunicacion.es\/proa-comunicacion-participa-hands-2016\/#breadcrumb","itemListElement":[{"@type":"ListItem","position":1,"name":"Portada","item":"https:\/\/proacomunicacion.es\/"},{"@type":"ListItem","position":2,"name":"Proa Comunicaci\u00f3n participa en Hands 2016"}]},{"@type":"WebSite","@id":"https:\/\/proacomunicacion.es\/#website","url":"https:\/\/proacomunicacion.es\/","name":"PROA Communication","description":"Corporate Communications Agency in Madrid, Barcelona and Galicia.","publisher":{"@id":"https:\/\/proacomunicacion.es\/#organization"},"alternateName":"PROA Comunicaci\u00f3n","potentialAction":[{"@type":"SearchAction","target":{"@type":"EntryPoint","urlTemplate":"https:\/\/proacomunicacion.es\/?s={search_term_string}"},"query-input":{"@type":"PropertyValueSpecification","valueRequired":true,"valueName":"search_term_string"}}],"inLanguage":"en-GB"},{"@type":"Organization","@id":"https:\/\/proacomunicacion.es\/#organization","name":"PROA Communication","alternateName":"PROA Comunicaci\u00f3n","url":"https:\/\/proacomunicacion.es\/","logo":{"@type":"ImageObject","inLanguage":"en-GB","@id":"https:\/\/proacomunicacion.es\/#\/schema\/logo\/image\/","url":"https:\/\/proacomunicacion.es\/wp-content\/uploads\/2024\/01\/Logo_Light.svg","contentUrl":"https:\/\/proacomunicacion.es\/wp-content\/uploads\/2024\/01\/Logo_Light.svg","width":136,"height":33,"caption":"PROA Comunicaci\u00f3n"},"image":{"@id":"https:\/\/proacomunicacion.es\/#\/schema\/logo\/image\/"},"sameAs":["https:\/\/x.com\/proacomunica","https:\/\/es.linkedin.com\/company\/proa-comunicacion_2","https:\/\/www.instagram.com\/proacomunica\/","https:\/\/www.youtube.com\/@proacomunicacion","https:\/\/es.wikipedia.org\/wiki\/PROA_Comunicacin"]},{"@type":"Person","@id":"https:\/\/proacomunicacion.es\/#\/schema\/person\/f80dc8938ea94e7f8aa1e8dc716d5a60","name":"PROA Communication","image":{"@type":"ImageObject","inLanguage":"en-GB","@id":"https:\/\/proacomunicacion.es\/#\/schema\/person\/image\/","url":"https:\/\/secure.gravatar.com\/avatar\/394c93c195ff19b00e79d66a42971657a01de9f2740b97148d0f14a1e1a359b7?s=96&r=g","contentUrl":"https:\/\/secure.gravatar.com\/avatar\/394c93c195ff19b00e79d66a42971657a01de9f2740b97148d0f14a1e1a359b7?s=96&r=g","caption":"PROA Comunicaci\u00f3n"}}]}},"_links":{"self":[{"href":"https:\/\/proacomunicacion.es\/en\/wp-json\/wp\/v2\/posts\/6231","targetHints":{"allow":["GET"]}}],"collection":[{"href":"https:\/\/proacomunicacion.es\/en\/wp-json\/wp\/v2\/posts"}],"about":[{"href":"https:\/\/proacomunicacion.es\/en\/wp-json\/wp\/v2\/types\/post"}],"author":[{"embeddable":true,"href":"https:\/\/proacomunicacion.es\/en\/wp-json\/wp\/v2\/users\/28"}],"replies":[{"embeddable":true,"href":"https:\/\/proacomunicacion.es\/en\/wp-json\/wp\/v2\/comments?post=6231"}],"version-history":[{"count":0,"href":"https:\/\/proacomunicacion.es\/en\/wp-json\/wp\/v2\/posts\/6231\/revisions"}],"wp:featuredmedia":[{"embeddable":true,"href":"https:\/\/proacomunicacion.es\/en\/wp-json\/"}],"wp:attachment":[{"href":"https:\/\/proacomunicacion.es\/en\/wp-json\/wp\/v2\/media?parent=6231"}],"wp:term":[{"taxonomy":"category","embeddable":true,"href":"https:\/\/proacomunicacion.es\/en\/wp-json\/wp\/v2\/categories?post=6231"},{"taxonomy":"post_tag","embeddable":true,"href":"https:\/\/proacomunicacion.es\/en\/wp-json\/wp\/v2\/tags?post=6231"}],"curies":[{"name":"wp","href":"https:\/\/api.w.org\/{rel}","templated":true}]}}