{"id":67,"date":"2012-11-20T16:58:56","date_gmt":"2012-11-20T15:58:56","guid":{"rendered":"http:\/\/proacomunicacion.es\/?p=67"},"modified":"2012-11-20T16:58:56","modified_gmt":"2012-11-20T15:58:56","slug":"proacommunication-in-movement","status":"publish","type":"post","link":"https:\/\/proacomunicacion.es\/en\/proacomunicacion-in-movement\/","title":{"rendered":"Proa Comunicaci\u00f3n collaborates with \" In Movement \"."},"content":{"rendered":"<p>The <a href=\"http:\/\/www.inmovement.org\/\"><em>In Movement Foundation: Art for the<\/em> <\/a><em><a href=\"http:\/\/www.inmovement.org\/\">social change<\/a>, <\/em>in cooperation with <a href=\"http:\/\/www.ivorypress.com\/\">Ivory Press<\/a>, <a href=\"https:\/\/www.lacasaencendida.es\/\">The burning house<\/a> and among others<em>,<\/em>\u00a0has organised an art exhibition and auction with works by 4 renowned contemporary Ugandan artists: Ronex Ahimbisibwe, Ismael Katerega, Edison Mugalu and Jonhmary Mukiza. The auction and exhibition will take place on Tuesday 27 November from 19.30 to 21.30 at the Casa Encendida in Madrid, calle Ronda de Valencia 2.<\/p>\n<p>&nbsp;<\/p>\n<p><a href=\"https:\/\/proacomunicacion.es\/wp-content\/uploads\/2012\/11\/Flyer-expo-y-subasta-1.jpg\" target=\"_blank\" rel=\"noopener noreferrer\"><img fetchpriority=\"high\" decoding=\"async\" class=\"size-medium wp-image-68 aligncenter\" title=\"Flyer expo and auction -1\" src=\" https:\/\/proacomunicacion.es\/wp-content\/uploads\/2012\/11\/Flyer-expo-y-subasta-1-300x300.jpg\" alt=\"\" width=\"300\" height=\"300\" \/><\/a>\u00a0<a href=\"https:\/\/proacomunicacion.es\/wp-content\/uploads\/2012\/11\/Flyer-expo-y-subasta-2.jpg\" target=\"_blank\" rel=\"noopener noreferrer\"><img decoding=\"async\" class=\"size-medium wp-image-69 aligncenter\" title=\"Flyer expo and auction -2\" src=\" https:\/\/proacomunicacion.es\/wp-content\/uploads\/2012\/11\/Flyer-expo-y-subasta-2-298x300.jpg\" alt=\"\" width=\"298\" height=\"300\" \/><\/a><\/p>","protected":false},"excerpt":{"rendered":"<p>La Fundaci\u00f3n In Movement: Arte para el cambio social, en colaboraci\u00f3n con Ivory Press, La casa encendida y\u00a0entre otros,\u00a0ha organizado una exposici\u00f3n y subasta de arte con obras de 4 reconocidos artistas contempor\u00e1neos ugandeses: Ronex Ahimbisibwe, Ismael Katerega, Edison Mugalu y Jonhmary Mukiza.\u00a0La subasta y exposici\u00f3n tendr\u00e1\u00a0lugar\u00a0el martes 27 de Noviembre\u00a0de 19.30 a 21.30 en [&hellip;]<\/p>\n","protected":false},"author":28,"featured_media":0,"comment_status":"open","ping_status":"open","sticky":false,"template":"","format":"standard","meta":{"footnotes":""},"categories":[131],"tags":[9,10,11,17,18,14,19,7,20],"class_list":["post-67","post","type-post","status-publish","format-standard","hentry","category-noticias","tag-agencia-comunicacion-empresarial","tag-agencia-de-comunicacion","tag-agencia-de-comunicacion-corporativa","tag-comunicacion-rsc","tag-comunicacion-rse","tag-consultora-de-comunicacion","tag-in-movement","tag-proa-comunicacion","tag-rsc"],"yoast_head":"<!-- This site is optimized with the Yoast SEO plugin v27.0 - https:\/\/yoast.com\/product\/yoast-seo-wordpress\/ -->\n<title>Proa Comunicaci\u00f3n colabora con &quot; In Movement &quot; - PROA Comunicaci\u00f3n<\/title>\n<meta name=\"robots\" content=\"index, follow, max-snippet:-1, max-image-preview:large, max-video-preview:-1\" \/>\n<link rel=\"canonical\" href=\"https:\/\/proacomunicacion.es\/en\/proacommunication-in-movement\/\" \/>\n<meta property=\"og:locale\" content=\"en_GB\" \/>\n<meta property=\"og:type\" content=\"article\" \/>\n<meta property=\"og:title\" content=\"Proa Comunicaci\u00f3n colabora con &quot; In Movement &quot; - PROA Comunicaci\u00f3n\" \/>\n<meta property=\"og:description\" content=\"La Fundaci\u00f3n In Movement: Arte para el cambio social, en colaboraci\u00f3n con Ivory Press, La casa encendida y\u00a0entre otros,\u00a0ha organizado una exposici\u00f3n y subasta de arte con obras de 4 reconocidos artistas contempor\u00e1neos ugandeses: Ronex Ahimbisibwe, Ismael Katerega, Edison Mugalu y Jonhmary Mukiza.\u00a0La subasta y exposici\u00f3n tendr\u00e1\u00a0lugar\u00a0el martes 27 de Noviembre\u00a0de 19.30 a 21.30 en [&hellip;]\" \/>\n<meta property=\"og:url\" content=\"https:\/\/proacomunicacion.es\/en\/proacommunication-in-movement\/\" \/>\n<meta property=\"og:site_name\" content=\"PROA Comunicaci\u00f3n\" \/>\n<meta property=\"article:published_time\" content=\"2012-11-20T15:58:56+00:00\" \/>\n<meta property=\"og:image\" content=\"https:\/\/proacomunicacion.es\/wp-content\/uploads\/2025\/08\/Firefly_radio-de-barco-scaled.jpg\" \/>\n\t<meta property=\"og:image:width\" content=\"2560\" \/>\n\t<meta property=\"og:image:height\" content=\"1414\" \/>\n\t<meta property=\"og:image:type\" content=\"image\/jpeg\" \/>\n<meta name=\"author\" content=\"PROA Comunicaci\u00f3n\" \/>\n<meta name=\"twitter:card\" content=\"summary_large_image\" \/>\n<meta name=\"twitter:creator\" content=\"@proacomunica\" \/>\n<meta name=\"twitter:site\" content=\"@proacomunica\" \/>\n<meta name=\"twitter:label1\" content=\"Written by\" \/>\n\t<meta name=\"twitter:data1\" content=\"PROA Comunicaci\u00f3n\" \/>\n<script type=\"application\/ld+json\" class=\"yoast-schema-graph\">{\"@context\":\"https:\/\/schema.org\",\"@graph\":[{\"@type\":\"Article\",\"@id\":\"https:\/\/proacomunicacion.es\/proacomunicacion-in-movement\/#article\",\"isPartOf\":{\"@id\":\"https:\/\/proacomunicacion.es\/proacomunicacion-in-movement\/\"},\"author\":{\"name\":\"PROA Comunicaci\u00f3n\",\"@id\":\"https:\/\/proacomunicacion.es\/#\/schema\/person\/f80dc8938ea94e7f8aa1e8dc716d5a60\"},\"headline\":\"Proa Comunicaci\u00f3n colabora con \u00bb In Movement \u00ab\",\"datePublished\":\"2012-11-20T15:58:56+00:00\",\"mainEntityOfPage\":{\"@id\":\"https:\/\/proacomunicacion.es\/proacomunicacion-in-movement\/\"},\"wordCount\":79,\"commentCount\":0,\"publisher\":{\"@id\":\"https:\/\/proacomunicacion.es\/#organization\"},\"keywords\":[\"agencia comunicaci\u00f3n empresarial\",\"agencia de comunicaci\u00f3n\",\"agencia de comunicaci\u00f3n corporativa\",\"Comunicaci\u00f3n RSC\",\"Comunicaci\u00f3n RSE\",\"consultora de comunicaci\u00f3n\",\"In Movement\",\"Proa Comunicaci\u00f3n\",\"RSC\"],\"articleSection\":[\"Noticias\"],\"inLanguage\":\"en-GB\",\"potentialAction\":[{\"@type\":\"CommentAction\",\"name\":\"Comment\",\"target\":[\"https:\/\/proacomunicacion.es\/proacomunicacion-in-movement\/#respond\"]}]},{\"@type\":\"WebPage\",\"@id\":\"https:\/\/proacomunicacion.es\/proacomunicacion-in-movement\/\",\"url\":\"https:\/\/proacomunicacion.es\/proacomunicacion-in-movement\/\",\"name\":\"Proa Comunicaci\u00f3n colabora con \\\" In Movement \\\" - PROA Comunicaci\u00f3n\",\"isPartOf\":{\"@id\":\"https:\/\/proacomunicacion.es\/#website\"},\"datePublished\":\"2012-11-20T15:58:56+00:00\",\"breadcrumb\":{\"@id\":\"https:\/\/proacomunicacion.es\/proacomunicacion-in-movement\/#breadcrumb\"},\"inLanguage\":\"en-GB\",\"potentialAction\":[{\"@type\":\"ReadAction\",\"target\":[\"https:\/\/proacomunicacion.es\/proacomunicacion-in-movement\/\"]}]},{\"@type\":\"BreadcrumbList\",\"@id\":\"https:\/\/proacomunicacion.es\/proacomunicacion-in-movement\/#breadcrumb\",\"itemListElement\":[{\"@type\":\"ListItem\",\"position\":1,\"name\":\"Portada\",\"item\":\"https:\/\/proacomunicacion.es\/\"},{\"@type\":\"ListItem\",\"position\":2,\"name\":\"Proa Comunicaci\u00f3n colabora con \u00bb In Movement \u00ab\"}]},{\"@type\":\"WebSite\",\"@id\":\"https:\/\/proacomunicacion.es\/#website\",\"url\":\"https:\/\/proacomunicacion.es\/\",\"name\":\"PROA Comunicaci\u00f3n\",\"description\":\"Agencia de Comunicaci\u00f3n Corporativa en Madrid, Barcelona y Galicia.\",\"publisher\":{\"@id\":\"https:\/\/proacomunicacion.es\/#organization\"},\"alternateName\":\"PROA Comunicaci\u00f3n\",\"potentialAction\":[{\"@type\":\"SearchAction\",\"target\":{\"@type\":\"EntryPoint\",\"urlTemplate\":\"https:\/\/proacomunicacion.es\/?s={search_term_string}\"},\"query-input\":{\"@type\":\"PropertyValueSpecification\",\"valueRequired\":true,\"valueName\":\"search_term_string\"}}],\"inLanguage\":\"en-GB\"},{\"@type\":\"Organization\",\"@id\":\"https:\/\/proacomunicacion.es\/#organization\",\"name\":\"PROA Comunicaci\u00f3n\",\"alternateName\":\"PROA Comunicaci\u00f3n\",\"url\":\"https:\/\/proacomunicacion.es\/\",\"logo\":{\"@type\":\"ImageObject\",\"inLanguage\":\"en-GB\",\"@id\":\"https:\/\/proacomunicacion.es\/#\/schema\/logo\/image\/\",\"url\":\"https:\/\/proacomunicacion.es\/wp-content\/uploads\/2024\/01\/Logo_Light.svg\",\"contentUrl\":\"https:\/\/proacomunicacion.es\/wp-content\/uploads\/2024\/01\/Logo_Light.svg\",\"width\":136,\"height\":33,\"caption\":\"PROA Comunicaci\u00f3n\"},\"image\":{\"@id\":\"https:\/\/proacomunicacion.es\/#\/schema\/logo\/image\/\"},\"sameAs\":[\"https:\/\/x.com\/proacomunica\",\"https:\/\/es.linkedin.com\/company\/proa-comunicacion_2\",\"https:\/\/www.instagram.com\/proacomunica\/\",\"https:\/\/www.youtube.com\/@proacomunicacion\",\"https:\/\/es.wikipedia.org\/wiki\/PROA_Comunicacin\"]},{\"@type\":\"Person\",\"@id\":\"https:\/\/proacomunicacion.es\/#\/schema\/person\/f80dc8938ea94e7f8aa1e8dc716d5a60\",\"name\":\"PROA Comunicaci\u00f3n\",\"image\":{\"@type\":\"ImageObject\",\"inLanguage\":\"en-GB\",\"@id\":\"https:\/\/proacomunicacion.es\/#\/schema\/person\/image\/\",\"url\":\"https:\/\/secure.gravatar.com\/avatar\/394c93c195ff19b00e79d66a42971657a01de9f2740b97148d0f14a1e1a359b7?s=96&r=g\",\"contentUrl\":\"https:\/\/secure.gravatar.com\/avatar\/394c93c195ff19b00e79d66a42971657a01de9f2740b97148d0f14a1e1a359b7?s=96&r=g\",\"caption\":\"PROA Comunicaci\u00f3n\"}}]}<\/script>\n<!-- \/ Yoast SEO plugin. -->","yoast_head_json":{"title":"Proa Comunicaci\u00f3n collaborates with \"In Movement\" - PROA Comunicaci\u00f3n","robots":{"index":"index","follow":"follow","max-snippet":"max-snippet:-1","max-image-preview":"max-image-preview:large","max-video-preview":"max-video-preview:-1"},"canonical":"https:\/\/proacomunicacion.es\/en\/proacommunication-in-movement\/","og_locale":"en_GB","og_type":"article","og_title":"Proa Comunicaci\u00f3n colabora con \" In Movement \" - PROA Comunicaci\u00f3n","og_description":"La Fundaci\u00f3n In Movement: Arte para el cambio social, en colaboraci\u00f3n con Ivory Press, La casa encendida y\u00a0entre otros,\u00a0ha organizado una exposici\u00f3n y subasta de arte con obras de 4 reconocidos artistas contempor\u00e1neos ugandeses: Ronex Ahimbisibwe, Ismael Katerega, Edison Mugalu y Jonhmary Mukiza.\u00a0La subasta y exposici\u00f3n tendr\u00e1\u00a0lugar\u00a0el martes 27 de Noviembre\u00a0de 19.30 a 21.30 en [&hellip;]","og_url":"https:\/\/proacomunicacion.es\/en\/proacommunication-in-movement\/","og_site_name":"PROA Comunicaci\u00f3n","article_published_time":"2012-11-20T15:58:56+00:00","og_image":[{"width":2560,"height":1414,"url":"https:\/\/proacomunicacion.es\/wp-content\/uploads\/2025\/08\/Firefly_radio-de-barco-scaled.jpg","type":"image\/jpeg"}],"author":"PROA Comunicaci\u00f3n","twitter_card":"summary_large_image","twitter_creator":"@proacomunica","twitter_site":"@proacomunica","twitter_misc":{"Written by":"PROA Comunicaci\u00f3n"},"schema":{"@context":"https:\/\/schema.org","@graph":[{"@type":"Article","@id":"https:\/\/proacomunicacion.es\/proacomunicacion-in-movement\/#article","isPartOf":{"@id":"https:\/\/proacomunicacion.es\/proacomunicacion-in-movement\/"},"author":{"name":"PROA Comunicaci\u00f3n","@id":"https:\/\/proacomunicacion.es\/#\/schema\/person\/f80dc8938ea94e7f8aa1e8dc716d5a60"},"headline":"Proa Comunicaci\u00f3n colabora con \u00bb In Movement \u00ab","datePublished":"2012-11-20T15:58:56+00:00","mainEntityOfPage":{"@id":"https:\/\/proacomunicacion.es\/proacomunicacion-in-movement\/"},"wordCount":79,"commentCount":0,"publisher":{"@id":"https:\/\/proacomunicacion.es\/#organization"},"keywords":["agencia comunicaci\u00f3n empresarial","agencia de comunicaci\u00f3n","agencia de comunicaci\u00f3n corporativa","Comunicaci\u00f3n RSC","Comunicaci\u00f3n RSE","consultora de comunicaci\u00f3n","In Movement","Proa Comunicaci\u00f3n","RSC"],"articleSection":["Noticias"],"inLanguage":"en-GB","potentialAction":[{"@type":"CommentAction","name":"Comment","target":["https:\/\/proacomunicacion.es\/proacomunicacion-in-movement\/#respond"]}]},{"@type":"WebPage","@id":"https:\/\/proacomunicacion.es\/proacomunicacion-in-movement\/","url":"https:\/\/proacomunicacion.es\/proacomunicacion-in-movement\/","name":"Proa Comunicaci\u00f3n collaborates with \"In Movement\" - PROA Comunicaci\u00f3n","isPartOf":{"@id":"https:\/\/proacomunicacion.es\/#website"},"datePublished":"2012-11-20T15:58:56+00:00","breadcrumb":{"@id":"https:\/\/proacomunicacion.es\/proacomunicacion-in-movement\/#breadcrumb"},"inLanguage":"en-GB","potentialAction":[{"@type":"ReadAction","target":["https:\/\/proacomunicacion.es\/proacomunicacion-in-movement\/"]}]},{"@type":"BreadcrumbList","@id":"https:\/\/proacomunicacion.es\/proacomunicacion-in-movement\/#breadcrumb","itemListElement":[{"@type":"ListItem","position":1,"name":"Portada","item":"https:\/\/proacomunicacion.es\/"},{"@type":"ListItem","position":2,"name":"Proa Comunicaci\u00f3n colabora con \u00bb In Movement \u00ab"}]},{"@type":"WebSite","@id":"https:\/\/proacomunicacion.es\/#website","url":"https:\/\/proacomunicacion.es\/","name":"PROA Communication","description":"Corporate Communications Agency in Madrid, Barcelona and Galicia.","publisher":{"@id":"https:\/\/proacomunicacion.es\/#organization"},"alternateName":"PROA Comunicaci\u00f3n","potentialAction":[{"@type":"SearchAction","target":{"@type":"EntryPoint","urlTemplate":"https:\/\/proacomunicacion.es\/?s={search_term_string}"},"query-input":{"@type":"PropertyValueSpecification","valueRequired":true,"valueName":"search_term_string"}}],"inLanguage":"en-GB"},{"@type":"Organization","@id":"https:\/\/proacomunicacion.es\/#organization","name":"PROA Communication","alternateName":"PROA Comunicaci\u00f3n","url":"https:\/\/proacomunicacion.es\/","logo":{"@type":"ImageObject","inLanguage":"en-GB","@id":"https:\/\/proacomunicacion.es\/#\/schema\/logo\/image\/","url":"https:\/\/proacomunicacion.es\/wp-content\/uploads\/2024\/01\/Logo_Light.svg","contentUrl":"https:\/\/proacomunicacion.es\/wp-content\/uploads\/2024\/01\/Logo_Light.svg","width":136,"height":33,"caption":"PROA Comunicaci\u00f3n"},"image":{"@id":"https:\/\/proacomunicacion.es\/#\/schema\/logo\/image\/"},"sameAs":["https:\/\/x.com\/proacomunica","https:\/\/es.linkedin.com\/company\/proa-comunicacion_2","https:\/\/www.instagram.com\/proacomunica\/","https:\/\/www.youtube.com\/@proacomunicacion","https:\/\/es.wikipedia.org\/wiki\/PROA_Comunicacin"]},{"@type":"Person","@id":"https:\/\/proacomunicacion.es\/#\/schema\/person\/f80dc8938ea94e7f8aa1e8dc716d5a60","name":"PROA Communication","image":{"@type":"ImageObject","inLanguage":"en-GB","@id":"https:\/\/proacomunicacion.es\/#\/schema\/person\/image\/","url":"https:\/\/secure.gravatar.com\/avatar\/394c93c195ff19b00e79d66a42971657a01de9f2740b97148d0f14a1e1a359b7?s=96&r=g","contentUrl":"https:\/\/secure.gravatar.com\/avatar\/394c93c195ff19b00e79d66a42971657a01de9f2740b97148d0f14a1e1a359b7?s=96&r=g","caption":"PROA Comunicaci\u00f3n"}}]}},"_links":{"self":[{"href":"https:\/\/proacomunicacion.es\/en\/wp-json\/wp\/v2\/posts\/67","targetHints":{"allow":["GET"]}}],"collection":[{"href":"https:\/\/proacomunicacion.es\/en\/wp-json\/wp\/v2\/posts"}],"about":[{"href":"https:\/\/proacomunicacion.es\/en\/wp-json\/wp\/v2\/types\/post"}],"author":[{"embeddable":true,"href":"https:\/\/proacomunicacion.es\/en\/wp-json\/wp\/v2\/users\/28"}],"replies":[{"embeddable":true,"href":"https:\/\/proacomunicacion.es\/en\/wp-json\/wp\/v2\/comments?post=67"}],"version-history":[{"count":0,"href":"https:\/\/proacomunicacion.es\/en\/wp-json\/wp\/v2\/posts\/67\/revisions"}],"wp:attachment":[{"href":"https:\/\/proacomunicacion.es\/en\/wp-json\/wp\/v2\/media?parent=67"}],"wp:term":[{"taxonomy":"category","embeddable":true,"href":"https:\/\/proacomunicacion.es\/en\/wp-json\/wp\/v2\/categories?post=67"},{"taxonomy":"post_tag","embeddable":true,"href":"https:\/\/proacomunicacion.es\/en\/wp-json\/wp\/v2\/tags?post=67"}],"curies":[{"name":"wp","href":"https:\/\/api.w.org\/{rel}","templated":true}]}}