{"id":7429,"date":"2017-07-19T16:24:14","date_gmt":"2017-07-19T14:24:14","guid":{"rendered":"http:\/\/proacomunicacion.es\/?p=7429"},"modified":"2017-07-19T16:24:14","modified_gmt":"2017-07-19T14:24:14","slug":"aig-chooses-proa-comunicacion","status":"publish","type":"post","link":"https:\/\/proacomunicacion.es\/en\/aig-elige-proa-comunicacion\/","title":{"rendered":"AIG chooses Proa Comunicaci\u00f3n to develop its communication strategy"},"content":{"rendered":"<p style=\"text-align: justify;\"><strong>AIG<\/strong>\u00a0has selected\u00a0<strong>Proa Communication<\/strong>\u00a0to develop its communications strategy in Spain. AIG Europe Limited, Sucursal Espa\u00f1a, is a member company of AIG,<strong> one of the world's leading insurance and financial services companies<\/strong>serving millions of commercial, institutional and individual customers in more than 80 countries and jurisdictions.<\/p>\n<p style=\"text-align: justify;\"><!--more--><\/p>\n<p style=\"text-align: justify;\">The company, which has more than\u00a0<strong>500 experts specialising in multinationals worldwide,<\/strong>\u00a0offers comprehensive insurance protection to businesses, especially in coverages related to Financial Lines, Trade Credit, Marine and Energy Insurance, as well as Terrorism Coverage. It is a market leader in segments such as Financial Institutions, Commercial Institutions, Construction and enjoys an excellent reputation as a leader in D&amp;O insurance, with customised European and global programmes including US coverage.<\/p>","protected":false},"excerpt":{"rendered":"<p>AIG has selected Proa Comunicaci\u00f3n to develop its communications strategy in Spain. AIG Europe Limited, Sucursal Espa\u00f1a, is a member company of AIG, one of the world's leading insurance and financial services companies, serving millions of commercial, institutional and individual clients in more than 80 countries and jurisdictions.<\/p>","protected":false},"author":28,"featured_media":7432,"comment_status":"open","ping_status":"open","sticky":false,"template":"","format":"standard","meta":{"footnotes":""},"categories":[131],"tags":[9,10,11,146,67,14,549,178,7,550],"class_list":["post-7429","post","type-post","status-publish","format-standard","has-post-thumbnail","hentry","category-noticias","tag-agencia-comunicacion-empresarial","tag-agencia-de-comunicacion","tag-agencia-de-comunicacion-corporativa","tag-aig","tag-comunicacion","tag-consultora-de-comunicacion","tag-estrategia","tag-finanzas","tag-proa-comunicacion","tag-seguros"],"yoast_head":"<!-- This site is optimized with the Yoast SEO plugin v27.0 - https:\/\/yoast.com\/product\/yoast-seo-wordpress\/ -->\n<title>AIG elige a Proa Comunicaci\u00f3n para su estrategia de comunicaci\u00f3n<\/title>\n<meta name=\"description\" content=\"AIG\u00a0ha seleccionado a\u00a0Proa Comunicaci\u00f3n\u00a0para desarrollar su estrategia de comunicaci\u00f3n en Espa\u00f1a, uno de los l\u00edderes mundiales en seguros y finanzas.\" \/>\n<meta name=\"robots\" content=\"index, follow, max-snippet:-1, max-image-preview:large, max-video-preview:-1\" \/>\n<link rel=\"canonical\" href=\"https:\/\/proacomunicacion.es\/en\/aig-chooses-proa-comunicacion\/\" \/>\n<meta property=\"og:locale\" content=\"en_GB\" \/>\n<meta property=\"og:type\" content=\"article\" \/>\n<meta property=\"og:title\" content=\"AIG elige a Proa Comunicaci\u00f3n para su estrategia de comunicaci\u00f3n\" \/>\n<meta property=\"og:description\" content=\"AIG\u00a0ha seleccionado a\u00a0Proa Comunicaci\u00f3n\u00a0para desarrollar su estrategia de comunicaci\u00f3n en Espa\u00f1a, uno de los l\u00edderes mundiales en seguros y finanzas.\" \/>\n<meta property=\"og:url\" content=\"https:\/\/proacomunicacion.es\/en\/aig-chooses-proa-comunicacion\/\" \/>\n<meta property=\"og:site_name\" content=\"PROA Comunicaci\u00f3n\" \/>\n<meta property=\"article:published_time\" content=\"2017-07-19T14:24:14+00:00\" \/>\n<meta property=\"og:image\" content=\"https:\/\/proacomunicacion.es\/wp-content\/uploads\/2025\/08\/Firefly_radio-de-barco-scaled.jpg\" \/>\n\t<meta property=\"og:image:width\" content=\"2560\" \/>\n\t<meta property=\"og:image:height\" content=\"1414\" \/>\n\t<meta property=\"og:image:type\" content=\"image\/jpeg\" \/>\n<meta name=\"author\" content=\"PROA Comunicaci\u00f3n\" \/>\n<meta name=\"twitter:card\" content=\"summary_large_image\" \/>\n<meta name=\"twitter:creator\" content=\"@proacomunica\" \/>\n<meta name=\"twitter:site\" content=\"@proacomunica\" \/>\n<meta name=\"twitter:label1\" content=\"Written by\" \/>\n\t<meta name=\"twitter:data1\" content=\"PROA Comunicaci\u00f3n\" \/>\n\t<meta name=\"twitter:label2\" content=\"Estimated reading time\" \/>\n\t<meta name=\"twitter:data2\" content=\"1 minute\" \/>\n<script type=\"application\/ld+json\" class=\"yoast-schema-graph\">{\"@context\":\"https:\/\/schema.org\",\"@graph\":[{\"@type\":\"Article\",\"@id\":\"https:\/\/proacomunicacion.es\/aig-elige-proa-comunicacion\/#article\",\"isPartOf\":{\"@id\":\"https:\/\/proacomunicacion.es\/aig-elige-proa-comunicacion\/\"},\"author\":{\"name\":\"PROA Comunicaci\u00f3n\",\"@id\":\"https:\/\/proacomunicacion.es\/#\/schema\/person\/f80dc8938ea94e7f8aa1e8dc716d5a60\"},\"headline\":\"AIG elige a Proa Comunicaci\u00f3n para desarrollar su estrategia de comunicaci\u00f3n\",\"datePublished\":\"2017-07-19T14:24:14+00:00\",\"mainEntityOfPage\":{\"@id\":\"https:\/\/proacomunicacion.es\/aig-elige-proa-comunicacion\/\"},\"wordCount\":163,\"commentCount\":0,\"publisher\":{\"@id\":\"https:\/\/proacomunicacion.es\/#organization\"},\"image\":{\"@id\":\"https:\/\/proacomunicacion.es\/aig-elige-proa-comunicacion\/#primaryimage\"},\"thumbnailUrl\":\"\",\"keywords\":[\"agencia comunicaci\u00f3n empresarial\",\"agencia de comunicaci\u00f3n\",\"agencia de comunicaci\u00f3n corporativa\",\"AIG\",\"comunicacion\",\"consultora de comunicaci\u00f3n\",\"Estrategia\",\"Finanzas\",\"Proa Comunicaci\u00f3n\",\"Seguros\"],\"articleSection\":[\"Noticias\"],\"inLanguage\":\"en-GB\",\"potentialAction\":[{\"@type\":\"CommentAction\",\"name\":\"Comment\",\"target\":[\"https:\/\/proacomunicacion.es\/aig-elige-proa-comunicacion\/#respond\"]}]},{\"@type\":\"WebPage\",\"@id\":\"https:\/\/proacomunicacion.es\/aig-elige-proa-comunicacion\/\",\"url\":\"https:\/\/proacomunicacion.es\/aig-elige-proa-comunicacion\/\",\"name\":\"AIG elige a Proa Comunicaci\u00f3n para su estrategia de comunicaci\u00f3n\",\"isPartOf\":{\"@id\":\"https:\/\/proacomunicacion.es\/#website\"},\"primaryImageOfPage\":{\"@id\":\"https:\/\/proacomunicacion.es\/aig-elige-proa-comunicacion\/#primaryimage\"},\"image\":{\"@id\":\"https:\/\/proacomunicacion.es\/aig-elige-proa-comunicacion\/#primaryimage\"},\"thumbnailUrl\":\"\",\"datePublished\":\"2017-07-19T14:24:14+00:00\",\"description\":\"AIG\u00a0ha seleccionado a\u00a0Proa Comunicaci\u00f3n\u00a0para desarrollar su estrategia de comunicaci\u00f3n en Espa\u00f1a, uno de los l\u00edderes mundiales en seguros y finanzas.\",\"breadcrumb\":{\"@id\":\"https:\/\/proacomunicacion.es\/aig-elige-proa-comunicacion\/#breadcrumb\"},\"inLanguage\":\"en-GB\",\"potentialAction\":[{\"@type\":\"ReadAction\",\"target\":[\"https:\/\/proacomunicacion.es\/aig-elige-proa-comunicacion\/\"]}]},{\"@type\":\"ImageObject\",\"inLanguage\":\"en-GB\",\"@id\":\"https:\/\/proacomunicacion.es\/aig-elige-proa-comunicacion\/#primaryimage\",\"url\":\"\",\"contentUrl\":\"\"},{\"@type\":\"BreadcrumbList\",\"@id\":\"https:\/\/proacomunicacion.es\/aig-elige-proa-comunicacion\/#breadcrumb\",\"itemListElement\":[{\"@type\":\"ListItem\",\"position\":1,\"name\":\"Portada\",\"item\":\"https:\/\/proacomunicacion.es\/\"},{\"@type\":\"ListItem\",\"position\":2,\"name\":\"AIG elige a Proa Comunicaci\u00f3n para desarrollar su estrategia de comunicaci\u00f3n\"}]},{\"@type\":\"WebSite\",\"@id\":\"https:\/\/proacomunicacion.es\/#website\",\"url\":\"https:\/\/proacomunicacion.es\/\",\"name\":\"PROA Comunicaci\u00f3n\",\"description\":\"Agencia de Comunicaci\u00f3n Corporativa en Madrid, Barcelona y Galicia.\",\"publisher\":{\"@id\":\"https:\/\/proacomunicacion.es\/#organization\"},\"alternateName\":\"PROA Comunicaci\u00f3n\",\"potentialAction\":[{\"@type\":\"SearchAction\",\"target\":{\"@type\":\"EntryPoint\",\"urlTemplate\":\"https:\/\/proacomunicacion.es\/?s={search_term_string}\"},\"query-input\":{\"@type\":\"PropertyValueSpecification\",\"valueRequired\":true,\"valueName\":\"search_term_string\"}}],\"inLanguage\":\"en-GB\"},{\"@type\":\"Organization\",\"@id\":\"https:\/\/proacomunicacion.es\/#organization\",\"name\":\"PROA Comunicaci\u00f3n\",\"alternateName\":\"PROA Comunicaci\u00f3n\",\"url\":\"https:\/\/proacomunicacion.es\/\",\"logo\":{\"@type\":\"ImageObject\",\"inLanguage\":\"en-GB\",\"@id\":\"https:\/\/proacomunicacion.es\/#\/schema\/logo\/image\/\",\"url\":\"https:\/\/proacomunicacion.es\/wp-content\/uploads\/2024\/01\/Logo_Light.svg\",\"contentUrl\":\"https:\/\/proacomunicacion.es\/wp-content\/uploads\/2024\/01\/Logo_Light.svg\",\"width\":136,\"height\":33,\"caption\":\"PROA Comunicaci\u00f3n\"},\"image\":{\"@id\":\"https:\/\/proacomunicacion.es\/#\/schema\/logo\/image\/\"},\"sameAs\":[\"https:\/\/x.com\/proacomunica\",\"https:\/\/es.linkedin.com\/company\/proa-comunicacion_2\",\"https:\/\/www.instagram.com\/proacomunica\/\",\"https:\/\/www.youtube.com\/@proacomunicacion\",\"https:\/\/es.wikipedia.org\/wiki\/PROA_Comunicacin\"]},{\"@type\":\"Person\",\"@id\":\"https:\/\/proacomunicacion.es\/#\/schema\/person\/f80dc8938ea94e7f8aa1e8dc716d5a60\",\"name\":\"PROA Comunicaci\u00f3n\",\"image\":{\"@type\":\"ImageObject\",\"inLanguage\":\"en-GB\",\"@id\":\"https:\/\/proacomunicacion.es\/#\/schema\/person\/image\/\",\"url\":\"https:\/\/secure.gravatar.com\/avatar\/394c93c195ff19b00e79d66a42971657a01de9f2740b97148d0f14a1e1a359b7?s=96&r=g\",\"contentUrl\":\"https:\/\/secure.gravatar.com\/avatar\/394c93c195ff19b00e79d66a42971657a01de9f2740b97148d0f14a1e1a359b7?s=96&r=g\",\"caption\":\"PROA Comunicaci\u00f3n\"}}]}<\/script>\n<!-- \/ Yoast SEO plugin. -->","yoast_head_json":{"title":"AIG chooses Proa Comunicaci\u00f3n for its communication strategy","description":"AIG has selected Proa Comunicaci\u00f3n to develop its communications strategy in Spain, one of the world leaders in insurance and finance.","robots":{"index":"index","follow":"follow","max-snippet":"max-snippet:-1","max-image-preview":"max-image-preview:large","max-video-preview":"max-video-preview:-1"},"canonical":"https:\/\/proacomunicacion.es\/en\/aig-chooses-proa-comunicacion\/","og_locale":"en_GB","og_type":"article","og_title":"AIG elige a Proa Comunicaci\u00f3n para su estrategia de comunicaci\u00f3n","og_description":"AIG\u00a0ha seleccionado a\u00a0Proa Comunicaci\u00f3n\u00a0para desarrollar su estrategia de comunicaci\u00f3n en Espa\u00f1a, uno de los l\u00edderes mundiales en seguros y finanzas.","og_url":"https:\/\/proacomunicacion.es\/en\/aig-chooses-proa-comunicacion\/","og_site_name":"PROA Comunicaci\u00f3n","article_published_time":"2017-07-19T14:24:14+00:00","og_image":[{"width":2560,"height":1414,"url":"https:\/\/proacomunicacion.es\/wp-content\/uploads\/2025\/08\/Firefly_radio-de-barco-scaled.jpg","type":"image\/jpeg"}],"author":"PROA Comunicaci\u00f3n","twitter_card":"summary_large_image","twitter_creator":"@proacomunica","twitter_site":"@proacomunica","twitter_misc":{"Written by":"PROA Comunicaci\u00f3n","Estimated reading time":"1 minute"},"schema":{"@context":"https:\/\/schema.org","@graph":[{"@type":"Article","@id":"https:\/\/proacomunicacion.es\/aig-elige-proa-comunicacion\/#article","isPartOf":{"@id":"https:\/\/proacomunicacion.es\/aig-elige-proa-comunicacion\/"},"author":{"name":"PROA Comunicaci\u00f3n","@id":"https:\/\/proacomunicacion.es\/#\/schema\/person\/f80dc8938ea94e7f8aa1e8dc716d5a60"},"headline":"AIG elige a Proa Comunicaci\u00f3n para desarrollar su estrategia de comunicaci\u00f3n","datePublished":"2017-07-19T14:24:14+00:00","mainEntityOfPage":{"@id":"https:\/\/proacomunicacion.es\/aig-elige-proa-comunicacion\/"},"wordCount":163,"commentCount":0,"publisher":{"@id":"https:\/\/proacomunicacion.es\/#organization"},"image":{"@id":"https:\/\/proacomunicacion.es\/aig-elige-proa-comunicacion\/#primaryimage"},"thumbnailUrl":"","keywords":["agencia comunicaci\u00f3n empresarial","agencia de comunicaci\u00f3n","agencia de comunicaci\u00f3n corporativa","AIG","comunicacion","consultora de comunicaci\u00f3n","Estrategia","Finanzas","Proa Comunicaci\u00f3n","Seguros"],"articleSection":["Noticias"],"inLanguage":"en-GB","potentialAction":[{"@type":"CommentAction","name":"Comment","target":["https:\/\/proacomunicacion.es\/aig-elige-proa-comunicacion\/#respond"]}]},{"@type":"WebPage","@id":"https:\/\/proacomunicacion.es\/aig-elige-proa-comunicacion\/","url":"https:\/\/proacomunicacion.es\/aig-elige-proa-comunicacion\/","name":"AIG chooses Proa Comunicaci\u00f3n for its communication strategy","isPartOf":{"@id":"https:\/\/proacomunicacion.es\/#website"},"primaryImageOfPage":{"@id":"https:\/\/proacomunicacion.es\/aig-elige-proa-comunicacion\/#primaryimage"},"image":{"@id":"https:\/\/proacomunicacion.es\/aig-elige-proa-comunicacion\/#primaryimage"},"thumbnailUrl":"","datePublished":"2017-07-19T14:24:14+00:00","description":"AIG has selected Proa Comunicaci\u00f3n to develop its communications strategy in Spain, one of the world leaders in insurance and finance.","breadcrumb":{"@id":"https:\/\/proacomunicacion.es\/aig-elige-proa-comunicacion\/#breadcrumb"},"inLanguage":"en-GB","potentialAction":[{"@type":"ReadAction","target":["https:\/\/proacomunicacion.es\/aig-elige-proa-comunicacion\/"]}]},{"@type":"ImageObject","inLanguage":"en-GB","@id":"https:\/\/proacomunicacion.es\/aig-elige-proa-comunicacion\/#primaryimage","url":"","contentUrl":""},{"@type":"BreadcrumbList","@id":"https:\/\/proacomunicacion.es\/aig-elige-proa-comunicacion\/#breadcrumb","itemListElement":[{"@type":"ListItem","position":1,"name":"Portada","item":"https:\/\/proacomunicacion.es\/"},{"@type":"ListItem","position":2,"name":"AIG elige a Proa Comunicaci\u00f3n para desarrollar su estrategia de comunicaci\u00f3n"}]},{"@type":"WebSite","@id":"https:\/\/proacomunicacion.es\/#website","url":"https:\/\/proacomunicacion.es\/","name":"PROA Communication","description":"Corporate Communications Agency in Madrid, Barcelona and Galicia.","publisher":{"@id":"https:\/\/proacomunicacion.es\/#organization"},"alternateName":"PROA Comunicaci\u00f3n","potentialAction":[{"@type":"SearchAction","target":{"@type":"EntryPoint","urlTemplate":"https:\/\/proacomunicacion.es\/?s={search_term_string}"},"query-input":{"@type":"PropertyValueSpecification","valueRequired":true,"valueName":"search_term_string"}}],"inLanguage":"en-GB"},{"@type":"Organization","@id":"https:\/\/proacomunicacion.es\/#organization","name":"PROA Communication","alternateName":"PROA Comunicaci\u00f3n","url":"https:\/\/proacomunicacion.es\/","logo":{"@type":"ImageObject","inLanguage":"en-GB","@id":"https:\/\/proacomunicacion.es\/#\/schema\/logo\/image\/","url":"https:\/\/proacomunicacion.es\/wp-content\/uploads\/2024\/01\/Logo_Light.svg","contentUrl":"https:\/\/proacomunicacion.es\/wp-content\/uploads\/2024\/01\/Logo_Light.svg","width":136,"height":33,"caption":"PROA Comunicaci\u00f3n"},"image":{"@id":"https:\/\/proacomunicacion.es\/#\/schema\/logo\/image\/"},"sameAs":["https:\/\/x.com\/proacomunica","https:\/\/es.linkedin.com\/company\/proa-comunicacion_2","https:\/\/www.instagram.com\/proacomunica\/","https:\/\/www.youtube.com\/@proacomunicacion","https:\/\/es.wikipedia.org\/wiki\/PROA_Comunicacin"]},{"@type":"Person","@id":"https:\/\/proacomunicacion.es\/#\/schema\/person\/f80dc8938ea94e7f8aa1e8dc716d5a60","name":"PROA Communication","image":{"@type":"ImageObject","inLanguage":"en-GB","@id":"https:\/\/proacomunicacion.es\/#\/schema\/person\/image\/","url":"https:\/\/secure.gravatar.com\/avatar\/394c93c195ff19b00e79d66a42971657a01de9f2740b97148d0f14a1e1a359b7?s=96&r=g","contentUrl":"https:\/\/secure.gravatar.com\/avatar\/394c93c195ff19b00e79d66a42971657a01de9f2740b97148d0f14a1e1a359b7?s=96&r=g","caption":"PROA Comunicaci\u00f3n"}}]}},"_links":{"self":[{"href":"https:\/\/proacomunicacion.es\/en\/wp-json\/wp\/v2\/posts\/7429","targetHints":{"allow":["GET"]}}],"collection":[{"href":"https:\/\/proacomunicacion.es\/en\/wp-json\/wp\/v2\/posts"}],"about":[{"href":"https:\/\/proacomunicacion.es\/en\/wp-json\/wp\/v2\/types\/post"}],"author":[{"embeddable":true,"href":"https:\/\/proacomunicacion.es\/en\/wp-json\/wp\/v2\/users\/28"}],"replies":[{"embeddable":true,"href":"https:\/\/proacomunicacion.es\/en\/wp-json\/wp\/v2\/comments?post=7429"}],"version-history":[{"count":0,"href":"https:\/\/proacomunicacion.es\/en\/wp-json\/wp\/v2\/posts\/7429\/revisions"}],"wp:featuredmedia":[{"embeddable":true,"href":"https:\/\/proacomunicacion.es\/en\/wp-json\/"}],"wp:attachment":[{"href":"https:\/\/proacomunicacion.es\/en\/wp-json\/wp\/v2\/media?parent=7429"}],"wp:term":[{"taxonomy":"category","embeddable":true,"href":"https:\/\/proacomunicacion.es\/en\/wp-json\/wp\/v2\/categories?post=7429"},{"taxonomy":"post_tag","embeddable":true,"href":"https:\/\/proacomunicacion.es\/en\/wp-json\/wp\/v2\/tags?post=7429"}],"curies":[{"name":"wp","href":"https:\/\/api.w.org\/{rel}","templated":true}]}}