{"id":7460,"date":"2017-07-25T14:09:19","date_gmt":"2017-07-25T12:09:19","guid":{"rendered":"http:\/\/proacomunicacion.es\/?p=7460"},"modified":"2017-07-25T14:09:19","modified_gmt":"2017-07-25T12:09:19","slug":"antonio-belmonte-observatorio-proa-la-comunicacion-la-comunicacion-estar-donde-este-la-informacion","status":"publish","type":"post","link":"https:\/\/proacomunicacion.es\/en\/antonio-belmonte-observatorio-proa-la-comunicacion-la-comunicacion-estar-donde-este-la-informacion\/","title":{"rendered":"Antonio Belmonte at the Proa Observatory: \"Communication must be where the information is\"."},"content":{"rendered":"<p style=\"text-align: justify;\"><strong>Antonio Belmonte, Director of External Communications, Deloitte<\/strong>In a new session at the European Parliament, the European Commission's Communication Directorate-General for Communication and Development, Mr. G\u00fcnther B\u00f6hler, defended the need for communication directors to be part of the management committees of companies. <strong>Proa Observatory<\/strong>. The presentation on this occasion was dedicated to<strong> Communication at Deloitte: from intangibles to business\".<\/strong><!--more--><\/p>\n<p style=\"text-align: justify;\">Antonio Belmonte analysed <strong>the company's communication strategy in which it works<\/strong>. On the one hand, he said, there is the <strong>corporate and institutional communication and, on the other hand, the one dedicated to business.<\/strong> And he stressed that one of the keys is to communicate values in parallel to business communication, with the intention that it will benefit the latter. Values that he summarised as follows: <strong>commitment, diversity, excellence and integrity.<\/strong><\/p>\n<p style=\"text-align: justify;\">As part of this strategy, Deloitte is committed to <strong>develop individual communication plans<\/strong> for each line of business and also for each geographical area (Northeast, South, North, North, East and Northwest) because it understands that the regional and local particularities, as well as the different stakeholders and influence groups, make it advisable to focus its activity on the specific situation of each region.<\/p>\n<p style=\"text-align: justify;\">One of the fundamental pillars of this communication strategy is, according to Belmonte, <strong>measuring results.<\/strong> A tool that he considers essential to support the business, especially at the present time, a time in which the<strong>igital channels exponentially expand the dissemination of news compared to traditional media.<\/strong> In this regard, he particularly stressed the importance of reputation measurement, an area in which Deloitte has internal tools to monitor social networks and digital media.<\/p>\n<p><iframe title=\"Observatorio Proa Comunicaci\u00f3n | Antonio Belmonte\" width=\"800\" height=\"450\" src=\"https:\/\/www.youtube.com\/embed\/MQGk1lcYqPE?feature=oembed\" frameborder=\"0\" allow=\"accelerometer; autoplay; encrypted-media; gyroscope; picture-in-picture\" allowfullscreen><\/iframe><\/p>\n<p style=\"text-align: justify;\">Belmonte praised the great tool that both digital media and social networks represent for communicating through their <strong>ability to reach out to younger groups in society.<\/strong> As for employee involvement in the latter, he recommended that companies establish guidelines. Thus, he pointed out that <strong>Deloitte has produced an internal guide with recommendations overseen by both the HR and Legal departments.<\/strong>. At the same time, the company itself encourages employee participation in these digital forums with internal prizes for the most active.<\/p>\n<p>&nbsp;<\/p>\n<p style=\"text-align: justify;\">As ways of gaining visibility for<strong>advised to be present at forums, breakfasts, to publish reports<\/strong> and, above all, involving customers in the events that are organised, because \"the ultimate goal is for the customer to shine\".<\/p>\n<p style=\"text-align: justify;\">Deloitte's Director of External Communications summed up the important role that communication plays in companies by pointing out that it is \"...a key element in the development of a company's communication strategy\".<strong>the reputation manager and guardian\" of companies.<\/strong> Within this area, he highlighted the important impact that Corporate Social Responsibility programmes have on society (activities with foundations, work-life balance policies, social impact). \"Communication is as important or more important than the rest of the general directorates\", he concluded.<\/p>\n<p style=\"text-align: justify;\"><strong>Antonio Belmonte<\/strong>\u00a0holds a degree in Information Sciences from the Complutense University of Madrid and an Executive MBA from the Instituto de Empresa. He has 24 years of experience in media and corporate and institutional communication.\u00a0<strong>Before joining Deloitte, Mr. Belmonte was a Dircom at the Comisi\u00f3n Nacional del Mercado de Valores (CNMV) and Press Director at Banco Popular.\u00a0<\/strong><strong>\u00a0<\/strong><\/p>\n<p style=\"text-align: justify;\">Much of his journalistic career\u00a0<strong>has developed it in the business media<\/strong>. He has been director of the financial information channel Bloomberg TV and has worked for newspapers such as Expansi\u00f3n, El Mundo and Cotizalia. He is also a lecturer on the Master's Degree in Corporate Communication at the Universidad Europea de Madrid and a member of the Board of Directors of Dircom, the association of communication executives.<\/p>\n<p style=\"text-align: justify;\"><a href=\"https:\/\/proacomunicacion.es\/en\/category\/proa-observatory-2\/\"><strong>The Proa Communication Observatory<\/strong><\/a>\u00a0is a forum for analysing new trends in the field of corporate communication. The Observatory is born with the vocation of being a laboratory of ideas where a genuine dialogue is fostered to debate topics such as: corporate reputation, brand and public affairs as important elements for business improvement.<\/p>\n<p><img fetchpriority=\"high\" decoding=\"async\" class=\"size-large wp-image-7471 aligncenter\" src=\"https:\/\/proacomunicacion.es\/wp-content\/uploads\/2017\/07\/1-1030x578.jpg\" alt=\"\" width=\"1030\" height=\"578\" \/><\/p>","protected":false},"excerpt":{"rendered":"<p>Antonio Belmonte, Director of External Communication at Deloitte, defended with this forceful phrase the need for communication directors to form part of the management committees of companies in a new session of the Proa Observatory. The presentation on this occasion was dedicated to \u2018Communication at Deloitte: from intangibles to business\u201d.<\/p>","protected":false},"author":28,"featured_media":7461,"comment_status":"open","ping_status":"open","sticky":false,"template":"","format":"standard","meta":{"footnotes":""},"categories":[1],"tags":[12,551,3,4,5,6,7],"class_list":["post-7460","post","type-post","status-publish","format-standard","has-post-thumbnail","hentry","category-actualidad-proa","tag-antonio-belmonte","tag-deloitte","tag-observatorio-comunicacion-estrategica","tag-observatorio-proa","tag-observatorio-proa-comunicacion","tag-observatorio-reputacion-corporativa","tag-proa-comunicacion"],"yoast_head":"<!-- This site is optimized with the Yoast SEO plugin v27.0 - https:\/\/yoast.com\/product\/yoast-seo-wordpress\/ -->\n<title>Antonio Belmonte en el Observatorio Proa: \u201cLa Comunicaci\u00f3n debe estar donde est\u00e9 la informaci\u00f3n\u201d - Blog Comunicaci\u00f3n y Reputaci\u00f3n<\/title>\n<meta name=\"description\" content=\"\u201cLa comunicaci\u00f3n debe estar donde est\u00e9 la informaci\u00f3n\u201d. Con esta contundente frase defendi\u00f3 Antonio Belmonte, director de Comunicaci\u00f3n Externa de Deloitte\" \/>\n<meta name=\"robots\" content=\"index, follow, max-snippet:-1, max-image-preview:large, max-video-preview:-1\" \/>\n<link rel=\"canonical\" href=\"https:\/\/proacomunicacion.es\/en\/antonio-belmonte-observatorio-proa-la-comunicacion-la-comunicacion-estar-donde-este-la-informacion\/\" \/>\n<meta property=\"og:locale\" content=\"en_GB\" \/>\n<meta property=\"og:type\" content=\"article\" \/>\n<meta property=\"og:title\" content=\"Antonio Belmonte en el Observatorio Proa: \u201cLa Comunicaci\u00f3n debe estar donde est\u00e9 la informaci\u00f3n\u201d - Blog Comunicaci\u00f3n y Reputaci\u00f3n\" \/>\n<meta property=\"og:description\" content=\"\u201cLa comunicaci\u00f3n debe estar donde est\u00e9 la informaci\u00f3n\u201d. Con esta contundente frase defendi\u00f3 Antonio Belmonte, director de Comunicaci\u00f3n Externa de Deloitte\" \/>\n<meta property=\"og:url\" content=\"https:\/\/proacomunicacion.es\/en\/antonio-belmonte-observatorio-proa-la-comunicacion-la-comunicacion-estar-donde-este-la-informacion\/\" \/>\n<meta property=\"og:site_name\" content=\"PROA Comunicaci\u00f3n\" \/>\n<meta property=\"article:published_time\" content=\"2017-07-25T12:09:19+00:00\" \/>\n<meta property=\"og:image\" content=\"https:\/\/proacomunicacion.es\/wp-content\/uploads\/2025\/08\/Firefly_radio-de-barco-scaled.jpg\" \/>\n\t<meta property=\"og:image:width\" content=\"2560\" \/>\n\t<meta property=\"og:image:height\" content=\"1414\" \/>\n\t<meta property=\"og:image:type\" content=\"image\/jpeg\" \/>\n<meta name=\"author\" content=\"PROA Comunicaci\u00f3n\" \/>\n<meta name=\"twitter:card\" content=\"summary_large_image\" \/>\n<meta name=\"twitter:creator\" content=\"@proacomunica\" \/>\n<meta name=\"twitter:site\" content=\"@proacomunica\" \/>\n<meta name=\"twitter:label1\" content=\"Written by\" \/>\n\t<meta name=\"twitter:data1\" content=\"PROA Comunicaci\u00f3n\" \/>\n\t<meta name=\"twitter:label2\" content=\"Estimated reading time\" \/>\n\t<meta name=\"twitter:data2\" content=\"4 minutes\" \/>\n<script type=\"application\/ld+json\" class=\"yoast-schema-graph\">{\"@context\":\"https:\/\/schema.org\",\"@graph\":[{\"@type\":\"Article\",\"@id\":\"https:\/\/proacomunicacion.es\/antonio-belmonte-observatorio-proa-la-comunicacion-la-comunicacion-estar-donde-este-la-informacion\/#article\",\"isPartOf\":{\"@id\":\"https:\/\/proacomunicacion.es\/antonio-belmonte-observatorio-proa-la-comunicacion-la-comunicacion-estar-donde-este-la-informacion\/\"},\"author\":{\"name\":\"PROA Comunicaci\u00f3n\",\"@id\":\"https:\/\/proacomunicacion.es\/#\/schema\/person\/f80dc8938ea94e7f8aa1e8dc716d5a60\"},\"headline\":\"Antonio Belmonte en el Observatorio Proa: \u201cLa Comunicaci\u00f3n debe estar donde est\u00e9 la informaci\u00f3n\u201d\",\"datePublished\":\"2017-07-25T12:09:19+00:00\",\"mainEntityOfPage\":{\"@id\":\"https:\/\/proacomunicacion.es\/antonio-belmonte-observatorio-proa-la-comunicacion-la-comunicacion-estar-donde-este-la-informacion\/\"},\"wordCount\":744,\"commentCount\":0,\"publisher\":{\"@id\":\"https:\/\/proacomunicacion.es\/#organization\"},\"image\":{\"@id\":\"https:\/\/proacomunicacion.es\/antonio-belmonte-observatorio-proa-la-comunicacion-la-comunicacion-estar-donde-este-la-informacion\/#primaryimage\"},\"thumbnailUrl\":\"\",\"keywords\":[\"Antonio Belmonte\",\"Deloitte\",\"observatorio comunicaci\u00f3n estrat\u00e9gica\",\"Observatorio Proa\",\"Observatorio Proa Comunicaci\u00f3n\",\"observatorio reputaci\u00f3n corporativa\",\"Proa Comunicaci\u00f3n\"],\"articleSection\":[\"Actualidad\"],\"inLanguage\":\"en-GB\",\"potentialAction\":[{\"@type\":\"CommentAction\",\"name\":\"Comment\",\"target\":[\"https:\/\/proacomunicacion.es\/antonio-belmonte-observatorio-proa-la-comunicacion-la-comunicacion-estar-donde-este-la-informacion\/#respond\"]}]},{\"@type\":\"WebPage\",\"@id\":\"https:\/\/proacomunicacion.es\/antonio-belmonte-observatorio-proa-la-comunicacion-la-comunicacion-estar-donde-este-la-informacion\/\",\"url\":\"https:\/\/proacomunicacion.es\/antonio-belmonte-observatorio-proa-la-comunicacion-la-comunicacion-estar-donde-este-la-informacion\/\",\"name\":\"Antonio Belmonte en el Observatorio Proa: \u201cLa Comunicaci\u00f3n debe estar donde est\u00e9 la informaci\u00f3n\u201d - Blog Comunicaci\u00f3n y Reputaci\u00f3n\",\"isPartOf\":{\"@id\":\"https:\/\/proacomunicacion.es\/#website\"},\"primaryImageOfPage\":{\"@id\":\"https:\/\/proacomunicacion.es\/antonio-belmonte-observatorio-proa-la-comunicacion-la-comunicacion-estar-donde-este-la-informacion\/#primaryimage\"},\"image\":{\"@id\":\"https:\/\/proacomunicacion.es\/antonio-belmonte-observatorio-proa-la-comunicacion-la-comunicacion-estar-donde-este-la-informacion\/#primaryimage\"},\"thumbnailUrl\":\"\",\"datePublished\":\"2017-07-25T12:09:19+00:00\",\"description\":\"\u201cLa comunicaci\u00f3n debe estar donde est\u00e9 la informaci\u00f3n\u201d. Con esta contundente frase defendi\u00f3 Antonio Belmonte, director de Comunicaci\u00f3n Externa de Deloitte\",\"breadcrumb\":{\"@id\":\"https:\/\/proacomunicacion.es\/antonio-belmonte-observatorio-proa-la-comunicacion-la-comunicacion-estar-donde-este-la-informacion\/#breadcrumb\"},\"inLanguage\":\"en-GB\",\"potentialAction\":[{\"@type\":\"ReadAction\",\"target\":[\"https:\/\/proacomunicacion.es\/antonio-belmonte-observatorio-proa-la-comunicacion-la-comunicacion-estar-donde-este-la-informacion\/\"]}]},{\"@type\":\"ImageObject\",\"inLanguage\":\"en-GB\",\"@id\":\"https:\/\/proacomunicacion.es\/antonio-belmonte-observatorio-proa-la-comunicacion-la-comunicacion-estar-donde-este-la-informacion\/#primaryimage\",\"url\":\"\",\"contentUrl\":\"\"},{\"@type\":\"BreadcrumbList\",\"@id\":\"https:\/\/proacomunicacion.es\/antonio-belmonte-observatorio-proa-la-comunicacion-la-comunicacion-estar-donde-este-la-informacion\/#breadcrumb\",\"itemListElement\":[{\"@type\":\"ListItem\",\"position\":1,\"name\":\"Portada\",\"item\":\"https:\/\/proacomunicacion.es\/\"},{\"@type\":\"ListItem\",\"position\":2,\"name\":\"Antonio Belmonte en el Observatorio Proa: \u201cLa Comunicaci\u00f3n debe estar donde est\u00e9 la informaci\u00f3n\u201d\"}]},{\"@type\":\"WebSite\",\"@id\":\"https:\/\/proacomunicacion.es\/#website\",\"url\":\"https:\/\/proacomunicacion.es\/\",\"name\":\"PROA Comunicaci\u00f3n\",\"description\":\"Agencia de Comunicaci\u00f3n Corporativa en Madrid, Barcelona y Galicia.\",\"publisher\":{\"@id\":\"https:\/\/proacomunicacion.es\/#organization\"},\"alternateName\":\"PROA Comunicaci\u00f3n\",\"potentialAction\":[{\"@type\":\"SearchAction\",\"target\":{\"@type\":\"EntryPoint\",\"urlTemplate\":\"https:\/\/proacomunicacion.es\/?s={search_term_string}\"},\"query-input\":{\"@type\":\"PropertyValueSpecification\",\"valueRequired\":true,\"valueName\":\"search_term_string\"}}],\"inLanguage\":\"en-GB\"},{\"@type\":\"Organization\",\"@id\":\"https:\/\/proacomunicacion.es\/#organization\",\"name\":\"PROA Comunicaci\u00f3n\",\"alternateName\":\"PROA Comunicaci\u00f3n\",\"url\":\"https:\/\/proacomunicacion.es\/\",\"logo\":{\"@type\":\"ImageObject\",\"inLanguage\":\"en-GB\",\"@id\":\"https:\/\/proacomunicacion.es\/#\/schema\/logo\/image\/\",\"url\":\"https:\/\/proacomunicacion.es\/wp-content\/uploads\/2024\/01\/Logo_Light.svg\",\"contentUrl\":\"https:\/\/proacomunicacion.es\/wp-content\/uploads\/2024\/01\/Logo_Light.svg\",\"width\":136,\"height\":33,\"caption\":\"PROA Comunicaci\u00f3n\"},\"image\":{\"@id\":\"https:\/\/proacomunicacion.es\/#\/schema\/logo\/image\/\"},\"sameAs\":[\"https:\/\/x.com\/proacomunica\",\"https:\/\/es.linkedin.com\/company\/proa-comunicacion_2\",\"https:\/\/www.instagram.com\/proacomunica\/\",\"https:\/\/www.youtube.com\/@proacomunicacion\",\"https:\/\/es.wikipedia.org\/wiki\/PROA_Comunicacin\"]},{\"@type\":\"Person\",\"@id\":\"https:\/\/proacomunicacion.es\/#\/schema\/person\/f80dc8938ea94e7f8aa1e8dc716d5a60\",\"name\":\"PROA Comunicaci\u00f3n\",\"image\":{\"@type\":\"ImageObject\",\"inLanguage\":\"en-GB\",\"@id\":\"https:\/\/proacomunicacion.es\/#\/schema\/person\/image\/\",\"url\":\"https:\/\/secure.gravatar.com\/avatar\/394c93c195ff19b00e79d66a42971657a01de9f2740b97148d0f14a1e1a359b7?s=96&r=g\",\"contentUrl\":\"https:\/\/secure.gravatar.com\/avatar\/394c93c195ff19b00e79d66a42971657a01de9f2740b97148d0f14a1e1a359b7?s=96&r=g\",\"caption\":\"PROA Comunicaci\u00f3n\"}}]}<\/script>\n<!-- \/ Yoast SEO plugin. -->","yoast_head_json":{"title":"Antonio Belmonte at the Proa Observatory: \"Communication must be where the information is\" - Blog Comunicaci\u00f3n y Reputaci\u00f3n","description":"\"Communication must be where the information is\". With this forceful phrase, Antonio Belmonte, Director of External Communication at Deloitte, defended","robots":{"index":"index","follow":"follow","max-snippet":"max-snippet:-1","max-image-preview":"max-image-preview:large","max-video-preview":"max-video-preview:-1"},"canonical":"https:\/\/proacomunicacion.es\/en\/antonio-belmonte-observatorio-proa-la-comunicacion-la-comunicacion-estar-donde-este-la-informacion\/","og_locale":"en_GB","og_type":"article","og_title":"Antonio Belmonte en el Observatorio Proa: \u201cLa Comunicaci\u00f3n debe estar donde est\u00e9 la informaci\u00f3n\u201d - Blog Comunicaci\u00f3n y Reputaci\u00f3n","og_description":"\u201cLa comunicaci\u00f3n debe estar donde est\u00e9 la informaci\u00f3n\u201d. Con esta contundente frase defendi\u00f3 Antonio Belmonte, director de Comunicaci\u00f3n Externa de Deloitte","og_url":"https:\/\/proacomunicacion.es\/en\/antonio-belmonte-observatorio-proa-la-comunicacion-la-comunicacion-estar-donde-este-la-informacion\/","og_site_name":"PROA Comunicaci\u00f3n","article_published_time":"2017-07-25T12:09:19+00:00","og_image":[{"width":2560,"height":1414,"url":"https:\/\/proacomunicacion.es\/wp-content\/uploads\/2025\/08\/Firefly_radio-de-barco-scaled.jpg","type":"image\/jpeg"}],"author":"PROA Comunicaci\u00f3n","twitter_card":"summary_large_image","twitter_creator":"@proacomunica","twitter_site":"@proacomunica","twitter_misc":{"Written by":"PROA Comunicaci\u00f3n","Estimated reading time":"4 minutes"},"schema":{"@context":"https:\/\/schema.org","@graph":[{"@type":"Article","@id":"https:\/\/proacomunicacion.es\/antonio-belmonte-observatorio-proa-la-comunicacion-la-comunicacion-estar-donde-este-la-informacion\/#article","isPartOf":{"@id":"https:\/\/proacomunicacion.es\/antonio-belmonte-observatorio-proa-la-comunicacion-la-comunicacion-estar-donde-este-la-informacion\/"},"author":{"name":"PROA Comunicaci\u00f3n","@id":"https:\/\/proacomunicacion.es\/#\/schema\/person\/f80dc8938ea94e7f8aa1e8dc716d5a60"},"headline":"Antonio Belmonte en el Observatorio Proa: \u201cLa Comunicaci\u00f3n debe estar donde est\u00e9 la informaci\u00f3n\u201d","datePublished":"2017-07-25T12:09:19+00:00","mainEntityOfPage":{"@id":"https:\/\/proacomunicacion.es\/antonio-belmonte-observatorio-proa-la-comunicacion-la-comunicacion-estar-donde-este-la-informacion\/"},"wordCount":744,"commentCount":0,"publisher":{"@id":"https:\/\/proacomunicacion.es\/#organization"},"image":{"@id":"https:\/\/proacomunicacion.es\/antonio-belmonte-observatorio-proa-la-comunicacion-la-comunicacion-estar-donde-este-la-informacion\/#primaryimage"},"thumbnailUrl":"","keywords":["Antonio Belmonte","Deloitte","observatorio comunicaci\u00f3n estrat\u00e9gica","Observatorio Proa","Observatorio Proa Comunicaci\u00f3n","observatorio reputaci\u00f3n corporativa","Proa Comunicaci\u00f3n"],"articleSection":["Actualidad"],"inLanguage":"en-GB","potentialAction":[{"@type":"CommentAction","name":"Comment","target":["https:\/\/proacomunicacion.es\/antonio-belmonte-observatorio-proa-la-comunicacion-la-comunicacion-estar-donde-este-la-informacion\/#respond"]}]},{"@type":"WebPage","@id":"https:\/\/proacomunicacion.es\/antonio-belmonte-observatorio-proa-la-comunicacion-la-comunicacion-estar-donde-este-la-informacion\/","url":"https:\/\/proacomunicacion.es\/antonio-belmonte-observatorio-proa-la-comunicacion-la-comunicacion-estar-donde-este-la-informacion\/","name":"Antonio Belmonte at the Proa Observatory: \"Communication must be where the information is\" - Blog Comunicaci\u00f3n y Reputaci\u00f3n","isPartOf":{"@id":"https:\/\/proacomunicacion.es\/#website"},"primaryImageOfPage":{"@id":"https:\/\/proacomunicacion.es\/antonio-belmonte-observatorio-proa-la-comunicacion-la-comunicacion-estar-donde-este-la-informacion\/#primaryimage"},"image":{"@id":"https:\/\/proacomunicacion.es\/antonio-belmonte-observatorio-proa-la-comunicacion-la-comunicacion-estar-donde-este-la-informacion\/#primaryimage"},"thumbnailUrl":"","datePublished":"2017-07-25T12:09:19+00:00","description":"\"Communication must be where the information is\". With this forceful phrase, Antonio Belmonte, Director of External Communication at Deloitte, defended","breadcrumb":{"@id":"https:\/\/proacomunicacion.es\/antonio-belmonte-observatorio-proa-la-comunicacion-la-comunicacion-estar-donde-este-la-informacion\/#breadcrumb"},"inLanguage":"en-GB","potentialAction":[{"@type":"ReadAction","target":["https:\/\/proacomunicacion.es\/antonio-belmonte-observatorio-proa-la-comunicacion-la-comunicacion-estar-donde-este-la-informacion\/"]}]},{"@type":"ImageObject","inLanguage":"en-GB","@id":"https:\/\/proacomunicacion.es\/antonio-belmonte-observatorio-proa-la-comunicacion-la-comunicacion-estar-donde-este-la-informacion\/#primaryimage","url":"","contentUrl":""},{"@type":"BreadcrumbList","@id":"https:\/\/proacomunicacion.es\/antonio-belmonte-observatorio-proa-la-comunicacion-la-comunicacion-estar-donde-este-la-informacion\/#breadcrumb","itemListElement":[{"@type":"ListItem","position":1,"name":"Portada","item":"https:\/\/proacomunicacion.es\/"},{"@type":"ListItem","position":2,"name":"Antonio Belmonte en el Observatorio Proa: \u201cLa Comunicaci\u00f3n debe estar donde est\u00e9 la informaci\u00f3n\u201d"}]},{"@type":"WebSite","@id":"https:\/\/proacomunicacion.es\/#website","url":"https:\/\/proacomunicacion.es\/","name":"PROA Communication","description":"Corporate Communications Agency in Madrid, Barcelona and Galicia.","publisher":{"@id":"https:\/\/proacomunicacion.es\/#organization"},"alternateName":"PROA Comunicaci\u00f3n","potentialAction":[{"@type":"SearchAction","target":{"@type":"EntryPoint","urlTemplate":"https:\/\/proacomunicacion.es\/?s={search_term_string}"},"query-input":{"@type":"PropertyValueSpecification","valueRequired":true,"valueName":"search_term_string"}}],"inLanguage":"en-GB"},{"@type":"Organization","@id":"https:\/\/proacomunicacion.es\/#organization","name":"PROA Communication","alternateName":"PROA Comunicaci\u00f3n","url":"https:\/\/proacomunicacion.es\/","logo":{"@type":"ImageObject","inLanguage":"en-GB","@id":"https:\/\/proacomunicacion.es\/#\/schema\/logo\/image\/","url":"https:\/\/proacomunicacion.es\/wp-content\/uploads\/2024\/01\/Logo_Light.svg","contentUrl":"https:\/\/proacomunicacion.es\/wp-content\/uploads\/2024\/01\/Logo_Light.svg","width":136,"height":33,"caption":"PROA Comunicaci\u00f3n"},"image":{"@id":"https:\/\/proacomunicacion.es\/#\/schema\/logo\/image\/"},"sameAs":["https:\/\/x.com\/proacomunica","https:\/\/es.linkedin.com\/company\/proa-comunicacion_2","https:\/\/www.instagram.com\/proacomunica\/","https:\/\/www.youtube.com\/@proacomunicacion","https:\/\/es.wikipedia.org\/wiki\/PROA_Comunicacin"]},{"@type":"Person","@id":"https:\/\/proacomunicacion.es\/#\/schema\/person\/f80dc8938ea94e7f8aa1e8dc716d5a60","name":"PROA Communication","image":{"@type":"ImageObject","inLanguage":"en-GB","@id":"https:\/\/proacomunicacion.es\/#\/schema\/person\/image\/","url":"https:\/\/secure.gravatar.com\/avatar\/394c93c195ff19b00e79d66a42971657a01de9f2740b97148d0f14a1e1a359b7?s=96&r=g","contentUrl":"https:\/\/secure.gravatar.com\/avatar\/394c93c195ff19b00e79d66a42971657a01de9f2740b97148d0f14a1e1a359b7?s=96&r=g","caption":"PROA Comunicaci\u00f3n"}}]}},"_links":{"self":[{"href":"https:\/\/proacomunicacion.es\/en\/wp-json\/wp\/v2\/posts\/7460","targetHints":{"allow":["GET"]}}],"collection":[{"href":"https:\/\/proacomunicacion.es\/en\/wp-json\/wp\/v2\/posts"}],"about":[{"href":"https:\/\/proacomunicacion.es\/en\/wp-json\/wp\/v2\/types\/post"}],"author":[{"embeddable":true,"href":"https:\/\/proacomunicacion.es\/en\/wp-json\/wp\/v2\/users\/28"}],"replies":[{"embeddable":true,"href":"https:\/\/proacomunicacion.es\/en\/wp-json\/wp\/v2\/comments?post=7460"}],"version-history":[{"count":0,"href":"https:\/\/proacomunicacion.es\/en\/wp-json\/wp\/v2\/posts\/7460\/revisions"}],"wp:featuredmedia":[{"embeddable":true,"href":"https:\/\/proacomunicacion.es\/en\/wp-json\/"}],"wp:attachment":[{"href":"https:\/\/proacomunicacion.es\/en\/wp-json\/wp\/v2\/media?parent=7460"}],"wp:term":[{"taxonomy":"category","embeddable":true,"href":"https:\/\/proacomunicacion.es\/en\/wp-json\/wp\/v2\/categories?post=7460"},{"taxonomy":"post_tag","embeddable":true,"href":"https:\/\/proacomunicacion.es\/en\/wp-json\/wp\/v2\/tags?post=7460"}],"curies":[{"name":"wp","href":"https:\/\/api.w.org\/{rel}","templated":true}]}}