{"id":7622,"date":"2017-09-20T16:11:24","date_gmt":"2017-09-20T14:11:24","guid":{"rendered":"http:\/\/proacomunicacion.es\/?p=7622"},"modified":"2017-09-20T16:11:24","modified_gmt":"2017-09-20T14:11:24","slug":"proa-comunicacion-has-participated-in-the-think-tank-bny-mellon","status":"publish","type":"post","link":"https:\/\/proacomunicacion.es\/en\/proa-comunicacion-ha-participado-en-el-think-tank-bny-mellon\/","title":{"rendered":"Proa Comunicaci\u00f3n attends the Think Tank organised by BNY Mellon"},"content":{"rendered":"<p style=\"text-align: justify;\"><strong>Proa Communication<\/strong>\u00a0has participated in the\u00a0<strong>Think Tank organised by BNY Mellon<\/strong> in association with the magazine\u00a0<strong>Funds People,\u00a0<\/strong>specialising in investment funds and private banking. This debate took place at the offices of BNY Mellon (Calle Jos\u00e9 Abascal, 45), with the participation of\u00a0<strong>Luc\u00eda Casanueva, managing partner at Proa<\/strong>who has been one of the communication professionals selected to participate in this event.<!--more--><\/p>\n<p style=\"text-align: justify;\">In this last Think Tank, the participants chosen for the round table discussion were\u00a0<strong>Antonio Losada<\/strong> (CEO of Indosuez Wealth Management), <strong>Marta Alonso<\/strong> (Director of Private Banking at Bankia),\u00a0<strong>Pedro Da\u00f1obeitia<\/strong> (Managing Director of Sabadell Urquijo Banca Privada) and\u00a0<strong>Jos\u00e9 Antonio L\u00f3pez Jim\u00e9nez<\/strong> (Chairman of Fineco).<\/p>\n<p style=\"text-align: justify;\">The four representatives of these leading organisations in the sector discussed such relevant issues as <strong>the arrival of MiFID II<\/strong> and the position of private banks in relation to this regulation; \u00a0<strong>business expectations<\/strong> in the new landscape;<strong> corporate movements and new actors<\/strong>; the<strong> service automation and robotics<\/strong> in the private banking sector; and the <strong>analysis of the Spanish situation<\/strong> compared to other European private banking models.<\/p>\n<p style=\"text-align: justify;\">Promoted by\u00a0<a href=\"http:\/\/www.fundspeople.com\/empresas\/bny-mellon-investment-management-113\" target=\"_blank\" rel=\"noopener noreferrer\">BNY Mellon Investment Management<\/a>In partnership with Funds People, Think Tank BNY Mellon is an initiative for industry professionals to discuss business development topics of interest. Think Tank BNY Mellon is launching\u00a0<strong>a series of round tables with leading professionals from the Spanish private banking sector.\u00a0<\/strong><\/p>\n<p style=\"text-align: justify;\">The aim is for the protagonists to contribute with their testimonies to identify the challenges and opportunities they are encountering on a daily basis, and how they are aligning their business plans to face them.<\/p>","protected":false},"excerpt":{"rendered":"<p>Proa Comunicaci\u00f3n\u00a0ha participado en el\u00a0Think Tank organizado por BNY Mellon en asociaci\u00f3n con la revista\u00a0Funds People,\u00a0especializada en fondos de inversi\u00f3n y banca privada.\u00a0Este debate ha tenido lugar en las oficinas de BNY Mellon (Calle Jos\u00e9 Abascal, 45), y han contado con la asistencia de\u00a0Luc\u00eda Casanueva, socia directora de Proa, quien ha sido una de las [&hellip;]<\/p>\n","protected":false},"author":28,"featured_media":7634,"comment_status":"open","ping_status":"open","sticky":false,"template":"","format":"standard","meta":{"footnotes":""},"categories":[131],"tags":[9,10,11,555,14,105,107,108,7,556],"class_list":["post-7622","post","type-post","status-publish","format-standard","has-post-thumbnail","hentry","category-noticias","tag-agencia-comunicacion-empresarial","tag-agencia-de-comunicacion","tag-agencia-de-comunicacion-corporativa","tag-bny-mellon","tag-consultora-de-comunicacion","tag-eventos","tag-organizacion-eventos-corporativos","tag-organizacion-eventos-empresariales","tag-proa-comunicacion","tag-think-tank"],"yoast_head":"<!-- This site is optimized with the Yoast SEO plugin v27.0 - https:\/\/yoast.com\/product\/yoast-seo-wordpress\/ -->\n<title>Proa Comunicaci\u00f3n asiste al Think Tank organizado por BNY Mellon - Blog Comunicaci\u00f3n y Reputaci\u00f3n<\/title>\n<meta name=\"description\" content=\"PROA Comunicaci\u00f3n\u00a0ha participado en el Think Tank BNY Mellon organizada por la revista\u00a0Funds People, especializada en fondos de inversi\u00f3n.\" \/>\n<meta name=\"robots\" content=\"index, follow, max-snippet:-1, max-image-preview:large, max-video-preview:-1\" \/>\n<link rel=\"canonical\" href=\"https:\/\/proacomunicacion.es\/en\/proa-comunicacion-has-participated-in-the-think-tank-bny-mellon\/\" \/>\n<meta property=\"og:locale\" content=\"en_GB\" \/>\n<meta property=\"og:type\" content=\"article\" \/>\n<meta property=\"og:title\" content=\"Proa Comunicaci\u00f3n asiste al Think Tank organizado por BNY Mellon - Blog Comunicaci\u00f3n y Reputaci\u00f3n\" \/>\n<meta property=\"og:description\" content=\"PROA Comunicaci\u00f3n\u00a0ha participado en el Think Tank BNY Mellon organizada por la revista\u00a0Funds People, especializada en fondos de inversi\u00f3n.\" \/>\n<meta property=\"og:url\" content=\"https:\/\/proacomunicacion.es\/en\/proa-comunicacion-has-participated-in-the-think-tank-bny-mellon\/\" \/>\n<meta property=\"og:site_name\" content=\"PROA Comunicaci\u00f3n\" \/>\n<meta property=\"article:published_time\" content=\"2017-09-20T14:11:24+00:00\" \/>\n<meta property=\"og:image\" content=\"https:\/\/proacomunicacion.es\/wp-content\/uploads\/2025\/08\/Firefly_radio-de-barco-scaled.jpg\" \/>\n\t<meta property=\"og:image:width\" content=\"2560\" \/>\n\t<meta property=\"og:image:height\" content=\"1414\" \/>\n\t<meta property=\"og:image:type\" content=\"image\/jpeg\" \/>\n<meta name=\"author\" content=\"PROA Comunicaci\u00f3n\" \/>\n<meta name=\"twitter:card\" content=\"summary_large_image\" \/>\n<meta name=\"twitter:creator\" content=\"@proacomunica\" \/>\n<meta name=\"twitter:site\" content=\"@proacomunica\" \/>\n<meta name=\"twitter:label1\" content=\"Written by\" \/>\n\t<meta name=\"twitter:data1\" content=\"PROA Comunicaci\u00f3n\" \/>\n\t<meta name=\"twitter:label2\" content=\"Estimated reading time\" \/>\n\t<meta name=\"twitter:data2\" content=\"2 minutes\" \/>\n<script type=\"application\/ld+json\" class=\"yoast-schema-graph\">{\"@context\":\"https:\/\/schema.org\",\"@graph\":[{\"@type\":\"Article\",\"@id\":\"https:\/\/proacomunicacion.es\/proa-comunicacion-ha-participado-en-el-think-tank-bny-mellon\/#article\",\"isPartOf\":{\"@id\":\"https:\/\/proacomunicacion.es\/proa-comunicacion-ha-participado-en-el-think-tank-bny-mellon\/\"},\"author\":{\"name\":\"PROA Comunicaci\u00f3n\",\"@id\":\"https:\/\/proacomunicacion.es\/#\/schema\/person\/f80dc8938ea94e7f8aa1e8dc716d5a60\"},\"headline\":\"Proa Comunicaci\u00f3n asiste al Think Tank organizado por BNY Mellon\",\"datePublished\":\"2017-09-20T14:11:24+00:00\",\"mainEntityOfPage\":{\"@id\":\"https:\/\/proacomunicacion.es\/proa-comunicacion-ha-participado-en-el-think-tank-bny-mellon\/\"},\"wordCount\":318,\"commentCount\":0,\"publisher\":{\"@id\":\"https:\/\/proacomunicacion.es\/#organization\"},\"image\":{\"@id\":\"https:\/\/proacomunicacion.es\/proa-comunicacion-ha-participado-en-el-think-tank-bny-mellon\/#primaryimage\"},\"thumbnailUrl\":\"\",\"keywords\":[\"agencia comunicaci\u00f3n empresarial\",\"agencia de comunicaci\u00f3n\",\"agencia de comunicaci\u00f3n corporativa\",\"BNY Mellon\",\"consultora de comunicaci\u00f3n\",\"Eventos\",\"organizaci\u00f3n eventos corporativos\",\"organizaci\u00f3n eventos empresariales\",\"Proa Comunicaci\u00f3n\",\"Think Tank\"],\"articleSection\":[\"Noticias\"],\"inLanguage\":\"en-GB\",\"potentialAction\":[{\"@type\":\"CommentAction\",\"name\":\"Comment\",\"target\":[\"https:\/\/proacomunicacion.es\/proa-comunicacion-ha-participado-en-el-think-tank-bny-mellon\/#respond\"]}]},{\"@type\":\"WebPage\",\"@id\":\"https:\/\/proacomunicacion.es\/proa-comunicacion-ha-participado-en-el-think-tank-bny-mellon\/\",\"url\":\"https:\/\/proacomunicacion.es\/proa-comunicacion-ha-participado-en-el-think-tank-bny-mellon\/\",\"name\":\"Proa Comunicaci\u00f3n asiste al Think Tank organizado por BNY Mellon - Blog Comunicaci\u00f3n y Reputaci\u00f3n\",\"isPartOf\":{\"@id\":\"https:\/\/proacomunicacion.es\/#website\"},\"primaryImageOfPage\":{\"@id\":\"https:\/\/proacomunicacion.es\/proa-comunicacion-ha-participado-en-el-think-tank-bny-mellon\/#primaryimage\"},\"image\":{\"@id\":\"https:\/\/proacomunicacion.es\/proa-comunicacion-ha-participado-en-el-think-tank-bny-mellon\/#primaryimage\"},\"thumbnailUrl\":\"\",\"datePublished\":\"2017-09-20T14:11:24+00:00\",\"description\":\"PROA Comunicaci\u00f3n\u00a0ha participado en el Think Tank BNY Mellon organizada por la revista\u00a0Funds People, especializada en fondos de inversi\u00f3n.\",\"breadcrumb\":{\"@id\":\"https:\/\/proacomunicacion.es\/proa-comunicacion-ha-participado-en-el-think-tank-bny-mellon\/#breadcrumb\"},\"inLanguage\":\"en-GB\",\"potentialAction\":[{\"@type\":\"ReadAction\",\"target\":[\"https:\/\/proacomunicacion.es\/proa-comunicacion-ha-participado-en-el-think-tank-bny-mellon\/\"]}]},{\"@type\":\"ImageObject\",\"inLanguage\":\"en-GB\",\"@id\":\"https:\/\/proacomunicacion.es\/proa-comunicacion-ha-participado-en-el-think-tank-bny-mellon\/#primaryimage\",\"url\":\"\",\"contentUrl\":\"\"},{\"@type\":\"BreadcrumbList\",\"@id\":\"https:\/\/proacomunicacion.es\/proa-comunicacion-ha-participado-en-el-think-tank-bny-mellon\/#breadcrumb\",\"itemListElement\":[{\"@type\":\"ListItem\",\"position\":1,\"name\":\"Portada\",\"item\":\"https:\/\/proacomunicacion.es\/\"},{\"@type\":\"ListItem\",\"position\":2,\"name\":\"Proa Comunicaci\u00f3n asiste al Think Tank organizado por BNY Mellon\"}]},{\"@type\":\"WebSite\",\"@id\":\"https:\/\/proacomunicacion.es\/#website\",\"url\":\"https:\/\/proacomunicacion.es\/\",\"name\":\"PROA Comunicaci\u00f3n\",\"description\":\"Agencia de Comunicaci\u00f3n Corporativa en Madrid, Barcelona y Galicia.\",\"publisher\":{\"@id\":\"https:\/\/proacomunicacion.es\/#organization\"},\"alternateName\":\"PROA Comunicaci\u00f3n\",\"potentialAction\":[{\"@type\":\"SearchAction\",\"target\":{\"@type\":\"EntryPoint\",\"urlTemplate\":\"https:\/\/proacomunicacion.es\/?s={search_term_string}\"},\"query-input\":{\"@type\":\"PropertyValueSpecification\",\"valueRequired\":true,\"valueName\":\"search_term_string\"}}],\"inLanguage\":\"en-GB\"},{\"@type\":\"Organization\",\"@id\":\"https:\/\/proacomunicacion.es\/#organization\",\"name\":\"PROA Comunicaci\u00f3n\",\"alternateName\":\"PROA Comunicaci\u00f3n\",\"url\":\"https:\/\/proacomunicacion.es\/\",\"logo\":{\"@type\":\"ImageObject\",\"inLanguage\":\"en-GB\",\"@id\":\"https:\/\/proacomunicacion.es\/#\/schema\/logo\/image\/\",\"url\":\"https:\/\/proacomunicacion.es\/wp-content\/uploads\/2024\/01\/Logo_Light.svg\",\"contentUrl\":\"https:\/\/proacomunicacion.es\/wp-content\/uploads\/2024\/01\/Logo_Light.svg\",\"width\":136,\"height\":33,\"caption\":\"PROA Comunicaci\u00f3n\"},\"image\":{\"@id\":\"https:\/\/proacomunicacion.es\/#\/schema\/logo\/image\/\"},\"sameAs\":[\"https:\/\/x.com\/proacomunica\",\"https:\/\/es.linkedin.com\/company\/proa-comunicacion_2\",\"https:\/\/www.instagram.com\/proacomunica\/\",\"https:\/\/www.youtube.com\/@proacomunicacion\",\"https:\/\/es.wikipedia.org\/wiki\/PROA_Comunicacin\"]},{\"@type\":\"Person\",\"@id\":\"https:\/\/proacomunicacion.es\/#\/schema\/person\/f80dc8938ea94e7f8aa1e8dc716d5a60\",\"name\":\"PROA Comunicaci\u00f3n\",\"image\":{\"@type\":\"ImageObject\",\"inLanguage\":\"en-GB\",\"@id\":\"https:\/\/proacomunicacion.es\/#\/schema\/person\/image\/\",\"url\":\"https:\/\/secure.gravatar.com\/avatar\/394c93c195ff19b00e79d66a42971657a01de9f2740b97148d0f14a1e1a359b7?s=96&r=g\",\"contentUrl\":\"https:\/\/secure.gravatar.com\/avatar\/394c93c195ff19b00e79d66a42971657a01de9f2740b97148d0f14a1e1a359b7?s=96&r=g\",\"caption\":\"PROA Comunicaci\u00f3n\"}}]}<\/script>\n<!-- \/ Yoast SEO plugin. -->","yoast_head_json":{"title":"Proa Comunicaci\u00f3n attends the Think Tank organised by BNY Mellon - Blog Comunicaci\u00f3n y Reputaci\u00f3n","description":"PROA Comunicaci\u00f3n has participated in the BNY Mellon Think Tank organised by Funds People magazine, specialised in investment funds.","robots":{"index":"index","follow":"follow","max-snippet":"max-snippet:-1","max-image-preview":"max-image-preview:large","max-video-preview":"max-video-preview:-1"},"canonical":"https:\/\/proacomunicacion.es\/en\/proa-comunicacion-has-participated-in-the-think-tank-bny-mellon\/","og_locale":"en_GB","og_type":"article","og_title":"Proa Comunicaci\u00f3n asiste al Think Tank organizado por BNY Mellon - Blog Comunicaci\u00f3n y Reputaci\u00f3n","og_description":"PROA Comunicaci\u00f3n\u00a0ha participado en el Think Tank BNY Mellon organizada por la revista\u00a0Funds People, especializada en fondos de inversi\u00f3n.","og_url":"https:\/\/proacomunicacion.es\/en\/proa-comunicacion-has-participated-in-the-think-tank-bny-mellon\/","og_site_name":"PROA Comunicaci\u00f3n","article_published_time":"2017-09-20T14:11:24+00:00","og_image":[{"width":2560,"height":1414,"url":"https:\/\/proacomunicacion.es\/wp-content\/uploads\/2025\/08\/Firefly_radio-de-barco-scaled.jpg","type":"image\/jpeg"}],"author":"PROA Comunicaci\u00f3n","twitter_card":"summary_large_image","twitter_creator":"@proacomunica","twitter_site":"@proacomunica","twitter_misc":{"Written by":"PROA Comunicaci\u00f3n","Estimated reading time":"2 minutes"},"schema":{"@context":"https:\/\/schema.org","@graph":[{"@type":"Article","@id":"https:\/\/proacomunicacion.es\/proa-comunicacion-ha-participado-en-el-think-tank-bny-mellon\/#article","isPartOf":{"@id":"https:\/\/proacomunicacion.es\/proa-comunicacion-ha-participado-en-el-think-tank-bny-mellon\/"},"author":{"name":"PROA Comunicaci\u00f3n","@id":"https:\/\/proacomunicacion.es\/#\/schema\/person\/f80dc8938ea94e7f8aa1e8dc716d5a60"},"headline":"Proa Comunicaci\u00f3n asiste al Think Tank organizado por BNY Mellon","datePublished":"2017-09-20T14:11:24+00:00","mainEntityOfPage":{"@id":"https:\/\/proacomunicacion.es\/proa-comunicacion-ha-participado-en-el-think-tank-bny-mellon\/"},"wordCount":318,"commentCount":0,"publisher":{"@id":"https:\/\/proacomunicacion.es\/#organization"},"image":{"@id":"https:\/\/proacomunicacion.es\/proa-comunicacion-ha-participado-en-el-think-tank-bny-mellon\/#primaryimage"},"thumbnailUrl":"","keywords":["agencia comunicaci\u00f3n empresarial","agencia de comunicaci\u00f3n","agencia de comunicaci\u00f3n corporativa","BNY Mellon","consultora de comunicaci\u00f3n","Eventos","organizaci\u00f3n eventos corporativos","organizaci\u00f3n eventos empresariales","Proa Comunicaci\u00f3n","Think Tank"],"articleSection":["Noticias"],"inLanguage":"en-GB","potentialAction":[{"@type":"CommentAction","name":"Comment","target":["https:\/\/proacomunicacion.es\/proa-comunicacion-ha-participado-en-el-think-tank-bny-mellon\/#respond"]}]},{"@type":"WebPage","@id":"https:\/\/proacomunicacion.es\/proa-comunicacion-ha-participado-en-el-think-tank-bny-mellon\/","url":"https:\/\/proacomunicacion.es\/proa-comunicacion-ha-participado-en-el-think-tank-bny-mellon\/","name":"Proa Comunicaci\u00f3n attends the Think Tank organised by BNY Mellon - Blog Comunicaci\u00f3n y Reputaci\u00f3n","isPartOf":{"@id":"https:\/\/proacomunicacion.es\/#website"},"primaryImageOfPage":{"@id":"https:\/\/proacomunicacion.es\/proa-comunicacion-ha-participado-en-el-think-tank-bny-mellon\/#primaryimage"},"image":{"@id":"https:\/\/proacomunicacion.es\/proa-comunicacion-ha-participado-en-el-think-tank-bny-mellon\/#primaryimage"},"thumbnailUrl":"","datePublished":"2017-09-20T14:11:24+00:00","description":"PROA Comunicaci\u00f3n has participated in the BNY Mellon Think Tank organised by Funds People magazine, specialised in investment funds.","breadcrumb":{"@id":"https:\/\/proacomunicacion.es\/proa-comunicacion-ha-participado-en-el-think-tank-bny-mellon\/#breadcrumb"},"inLanguage":"en-GB","potentialAction":[{"@type":"ReadAction","target":["https:\/\/proacomunicacion.es\/proa-comunicacion-ha-participado-en-el-think-tank-bny-mellon\/"]}]},{"@type":"ImageObject","inLanguage":"en-GB","@id":"https:\/\/proacomunicacion.es\/proa-comunicacion-ha-participado-en-el-think-tank-bny-mellon\/#primaryimage","url":"","contentUrl":""},{"@type":"BreadcrumbList","@id":"https:\/\/proacomunicacion.es\/proa-comunicacion-ha-participado-en-el-think-tank-bny-mellon\/#breadcrumb","itemListElement":[{"@type":"ListItem","position":1,"name":"Portada","item":"https:\/\/proacomunicacion.es\/"},{"@type":"ListItem","position":2,"name":"Proa Comunicaci\u00f3n asiste al Think Tank organizado por BNY Mellon"}]},{"@type":"WebSite","@id":"https:\/\/proacomunicacion.es\/#website","url":"https:\/\/proacomunicacion.es\/","name":"PROA Communication","description":"Corporate Communications Agency in Madrid, Barcelona and Galicia.","publisher":{"@id":"https:\/\/proacomunicacion.es\/#organization"},"alternateName":"PROA Comunicaci\u00f3n","potentialAction":[{"@type":"SearchAction","target":{"@type":"EntryPoint","urlTemplate":"https:\/\/proacomunicacion.es\/?s={search_term_string}"},"query-input":{"@type":"PropertyValueSpecification","valueRequired":true,"valueName":"search_term_string"}}],"inLanguage":"en-GB"},{"@type":"Organization","@id":"https:\/\/proacomunicacion.es\/#organization","name":"PROA Communication","alternateName":"PROA Comunicaci\u00f3n","url":"https:\/\/proacomunicacion.es\/","logo":{"@type":"ImageObject","inLanguage":"en-GB","@id":"https:\/\/proacomunicacion.es\/#\/schema\/logo\/image\/","url":"https:\/\/proacomunicacion.es\/wp-content\/uploads\/2024\/01\/Logo_Light.svg","contentUrl":"https:\/\/proacomunicacion.es\/wp-content\/uploads\/2024\/01\/Logo_Light.svg","width":136,"height":33,"caption":"PROA Comunicaci\u00f3n"},"image":{"@id":"https:\/\/proacomunicacion.es\/#\/schema\/logo\/image\/"},"sameAs":["https:\/\/x.com\/proacomunica","https:\/\/es.linkedin.com\/company\/proa-comunicacion_2","https:\/\/www.instagram.com\/proacomunica\/","https:\/\/www.youtube.com\/@proacomunicacion","https:\/\/es.wikipedia.org\/wiki\/PROA_Comunicacin"]},{"@type":"Person","@id":"https:\/\/proacomunicacion.es\/#\/schema\/person\/f80dc8938ea94e7f8aa1e8dc716d5a60","name":"PROA Communication","image":{"@type":"ImageObject","inLanguage":"en-GB","@id":"https:\/\/proacomunicacion.es\/#\/schema\/person\/image\/","url":"https:\/\/secure.gravatar.com\/avatar\/394c93c195ff19b00e79d66a42971657a01de9f2740b97148d0f14a1e1a359b7?s=96&r=g","contentUrl":"https:\/\/secure.gravatar.com\/avatar\/394c93c195ff19b00e79d66a42971657a01de9f2740b97148d0f14a1e1a359b7?s=96&r=g","caption":"PROA Comunicaci\u00f3n"}}]}},"_links":{"self":[{"href":"https:\/\/proacomunicacion.es\/en\/wp-json\/wp\/v2\/posts\/7622","targetHints":{"allow":["GET"]}}],"collection":[{"href":"https:\/\/proacomunicacion.es\/en\/wp-json\/wp\/v2\/posts"}],"about":[{"href":"https:\/\/proacomunicacion.es\/en\/wp-json\/wp\/v2\/types\/post"}],"author":[{"embeddable":true,"href":"https:\/\/proacomunicacion.es\/en\/wp-json\/wp\/v2\/users\/28"}],"replies":[{"embeddable":true,"href":"https:\/\/proacomunicacion.es\/en\/wp-json\/wp\/v2\/comments?post=7622"}],"version-history":[{"count":0,"href":"https:\/\/proacomunicacion.es\/en\/wp-json\/wp\/v2\/posts\/7622\/revisions"}],"wp:featuredmedia":[{"embeddable":true,"href":"https:\/\/proacomunicacion.es\/en\/wp-json\/"}],"wp:attachment":[{"href":"https:\/\/proacomunicacion.es\/en\/wp-json\/wp\/v2\/media?parent=7622"}],"wp:term":[{"taxonomy":"category","embeddable":true,"href":"https:\/\/proacomunicacion.es\/en\/wp-json\/wp\/v2\/categories?post=7622"},{"taxonomy":"post_tag","embeddable":true,"href":"https:\/\/proacomunicacion.es\/en\/wp-json\/wp\/v2\/tags?post=7622"}],"curies":[{"name":"wp","href":"https:\/\/api.w.org\/{rel}","templated":true}]}}