{"id":7756,"date":"2017-10-23T13:30:26","date_gmt":"2017-10-23T11:30:26","guid":{"rendered":"http:\/\/proacomunicacion.es\/?p=7756"},"modified":"2017-10-23T13:30:26","modified_gmt":"2017-10-23T11:30:26","slug":"proa-comunicacion-collaborates-journalism-laboratory-project-to-promote-dissemination-training-research-new-tendencies","status":"publish","type":"post","link":"https:\/\/proacomunicacion.es\/en\/proa-comunicacion-colabora-proyecto-laboratorio-periodismo-potenciar-la-divulgacion-la-formacion-la-investigacion-nuevas-tendencias\/","title":{"rendered":"Proa Comunicaci\u00f3n supports the Luca de Tena Foundation's \"Journalism Laboratory\" project to promote research into new journalistic trends."},"content":{"rendered":"<p style=\"text-align: justify;\"><strong>The Luca de Tena Foundation\u00a0<\/strong>has concluded agreements with leading institutions such as <em>NiemanLab<\/em>Harvard University, <em>Tow Knight Center<\/em>The City University of New York (CUNY), Boston University, and the <em>Engagement Lab<\/em> Emerson College for the translation and dissemination of relevant content on new journalistic trends and the possibility of enabling specialised courses and programmes for journalism students and professionals.<!--more--><\/p>\n<p style=\"text-align: justify;\">These agreements are framed within the framework of the launch of the project<strong> <em>Journalism Lab<\/em><\/strong>The event will focus on dissemination, training and research on new trends in the journalistic profession and on the analysis of the transformation that content consumption has undergone in recent years.<\/p>\n<p style=\"text-align: justify;\"><strong>Dissemination <\/strong>will take place through <a href=\"http:\/\/www.laboratoriodeperiodismo.org\">www.laboratoriodeperiodismo.org<\/a>a website specialising in new trends with a global projection that delves into the needs of journalism, new narratives, the identification of new revenue streams and business models, distribution platforms, audiences and the impact of technology and new regulatory frameworks on the generation and distribution of quality content, among other issues.<\/p>\n<p style=\"text-align: justify;\">This specialised site will also offer useful content and tools, as well as access to the main educational content from conferences, debates and MOOCS from the world's leading journalism universities.<\/p>\n<p style=\"text-align: justify;\">With regard to the <strong>training<\/strong>The foundation is looking further into the identification of new disciplines through flexible programmes that allow for permanent adaptation to a constantly changing environment. In this sense, a double training pathway is proposed: on the one hand, a reduced space that contributes to the training of elite, multidisciplinary journalists, who participate in the laboratory's research projects and can count on scholarships to improve their training in leading institutions; and on the other hand, the generation of online training programmes.<\/p>\n<p style=\"text-align: justify;\">The project of <strong>research<\/strong> aspires to delve deeper into the demands of Spanish-speaking audiences in order to provide journalists and the media with the necessary tools for strategic decision-making. Along these lines, the foundation is in contact with different universities and institutions to establish alliances that will facilitate the achievement of this initiative.<\/p>\n<p style=\"text-align: justify;\">Spanish is the second most widely spoken language in the world and the media are increasingly betting on a global projection. However, there are no studies that delve as deeply into the Spanish-speaking world as there are, for example, in the English-speaking world. The objective is to analyse each year, through different studies, such as those carried out by <em>Pew Research<\/em> in the United States or <em>Reuters Institute<\/em> in Europe and Asia, the trends set by the audiences themselves in the consumption of content.<\/p>\n<p style=\"text-align: justify;\"><strong><u>About the Luca de Tena Foundation<\/u><\/strong><\/p>\n<p style=\"text-align: justify;\">The Luca de Tena Foundation, created in 1930 by the founder of ABC, is an independent entity, with its own funding, which supports journalists from all media and their families, through psychosocial and educational care.<\/p>\n<p style=\"text-align: justify;\">The foundation shares the value of information, independence, plurality and society's right to press freedom.<\/p>\n<p style=\"text-align: justify;\">Throughout its history, the foundation has been able to adapt to respond to the needs of society and is currently immersed in a project aimed at research, dissemination and training on the new trends that have transformed journalism in recent years in order to continue supporting journalists in this complex transition.<\/p>\n<p>&nbsp;<\/p>\n<p>&nbsp;<\/p>","protected":false},"excerpt":{"rendered":"<p>La Fundaci\u00f3n Luca de Tena\u00a0ha cerrado acuerdos con instituciones de referencia como NiemanLab, de la Universidad de Harvard, Tow Knight Center, de la Universidad de la ciudad de Nueva York (CUNY),\u00a0 la Universidad de Boston y el Engagement Lab del Emerson College para la traducci\u00f3n y divulgaci\u00f3n de contenidos relevantes sobre nuevas tendencias period\u00edsticas y [&hellip;]<\/p>\n","protected":false},"author":28,"featured_media":7758,"comment_status":"open","ping_status":"open","sticky":false,"template":"","format":"standard","meta":{"footnotes":""},"categories":[131],"tags":[9,10,11,14,559,561,562,563,7],"class_list":["post-7756","post","type-post","status-publish","format-standard","has-post-thumbnail","hentry","category-noticias","tag-agencia-comunicacion-empresarial","tag-agencia-de-comunicacion","tag-agencia-de-comunicacion-corporativa","tag-consultora-de-comunicacion","tag-formacion","tag-formacion-estrategias-y-comunicacion-digital","tag-fundacion-luca-de-tena","tag-laboratorios-de-periodismo","tag-proa-comunicacion"],"yoast_head":"<!-- This site is optimized with the Yoast SEO plugin v27.0 - https:\/\/yoast.com\/product\/yoast-seo-wordpress\/ -->\n<title>Proa Comunicaci\u00f3n apoya el proyecto &quot;Laboratorio de Periodismo&quot; de la Fundaci\u00f3n Luca de Tena, para potenciar la investigaci\u00f3n de nuevas tendencias period\u00edsticas - Blog Comunicaci\u00f3n y Reputaci\u00f3n<\/title>\n<meta name=\"description\" content=\"La Fundaci\u00f3n Luca de Tena, asociaci\u00f3n con la que colabora Proa Comunicaci\u00f3n,\u00a0ha cerrado acuerdos con instituciones de referencia\" \/>\n<meta name=\"robots\" content=\"index, follow, max-snippet:-1, max-image-preview:large, max-video-preview:-1\" \/>\n<link rel=\"canonical\" href=\"https:\/\/proacomunicacion.es\/en\/proa-comunicacion-collaborates-journalism-laboratory-project-to-promote-dissemination-training-research-new-tendencies\/\" \/>\n<meta property=\"og:locale\" content=\"en_GB\" \/>\n<meta property=\"og:type\" content=\"article\" \/>\n<meta property=\"og:title\" content=\"Proa Comunicaci\u00f3n apoya el proyecto &quot;Laboratorio de Periodismo&quot; de la Fundaci\u00f3n Luca de Tena, para potenciar la investigaci\u00f3n de nuevas tendencias period\u00edsticas - Blog Comunicaci\u00f3n y Reputaci\u00f3n\" \/>\n<meta property=\"og:description\" content=\"La Fundaci\u00f3n Luca de Tena, asociaci\u00f3n con la que colabora Proa Comunicaci\u00f3n,\u00a0ha cerrado acuerdos con instituciones de referencia\" \/>\n<meta property=\"og:url\" content=\"https:\/\/proacomunicacion.es\/en\/proa-comunicacion-collaborates-journalism-laboratory-project-to-promote-dissemination-training-research-new-tendencies\/\" \/>\n<meta property=\"og:site_name\" content=\"PROA Comunicaci\u00f3n\" \/>\n<meta property=\"article:published_time\" content=\"2017-10-23T11:30:26+00:00\" \/>\n<meta property=\"og:image\" content=\"https:\/\/proacomunicacion.es\/wp-content\/uploads\/2025\/08\/Firefly_radio-de-barco-scaled.jpg\" \/>\n\t<meta property=\"og:image:width\" content=\"2560\" \/>\n\t<meta property=\"og:image:height\" content=\"1414\" \/>\n\t<meta property=\"og:image:type\" content=\"image\/jpeg\" \/>\n<meta name=\"author\" content=\"PROA Comunicaci\u00f3n\" \/>\n<meta name=\"twitter:card\" content=\"summary_large_image\" \/>\n<meta name=\"twitter:creator\" content=\"@proacomunica\" \/>\n<meta name=\"twitter:site\" content=\"@proacomunica\" \/>\n<meta name=\"twitter:label1\" content=\"Written by\" \/>\n\t<meta name=\"twitter:data1\" content=\"PROA Comunicaci\u00f3n\" \/>\n\t<meta name=\"twitter:label2\" content=\"Estimated reading time\" \/>\n\t<meta name=\"twitter:data2\" content=\"3 minutes\" \/>\n<script type=\"application\/ld+json\" class=\"yoast-schema-graph\">{\"@context\":\"https:\/\/schema.org\",\"@graph\":[{\"@type\":\"Article\",\"@id\":\"https:\/\/proacomunicacion.es\/proa-comunicacion-colabora-proyecto-laboratorio-periodismo-potenciar-la-divulgacion-la-formacion-la-investigacion-nuevas-tendencias\/#article\",\"isPartOf\":{\"@id\":\"https:\/\/proacomunicacion.es\/proa-comunicacion-colabora-proyecto-laboratorio-periodismo-potenciar-la-divulgacion-la-formacion-la-investigacion-nuevas-tendencias\/\"},\"author\":{\"name\":\"PROA Comunicaci\u00f3n\",\"@id\":\"https:\/\/proacomunicacion.es\/#\/schema\/person\/f80dc8938ea94e7f8aa1e8dc716d5a60\"},\"headline\":\"Proa Comunicaci\u00f3n apoya el proyecto \u00abLaboratorio de Periodismo\u00bb de la Fundaci\u00f3n Luca de Tena, para potenciar la investigaci\u00f3n de nuevas tendencias period\u00edsticas\",\"datePublished\":\"2017-10-23T11:30:26+00:00\",\"mainEntityOfPage\":{\"@id\":\"https:\/\/proacomunicacion.es\/proa-comunicacion-colabora-proyecto-laboratorio-periodismo-potenciar-la-divulgacion-la-formacion-la-investigacion-nuevas-tendencias\/\"},\"wordCount\":665,\"commentCount\":0,\"publisher\":{\"@id\":\"https:\/\/proacomunicacion.es\/#organization\"},\"image\":{\"@id\":\"https:\/\/proacomunicacion.es\/proa-comunicacion-colabora-proyecto-laboratorio-periodismo-potenciar-la-divulgacion-la-formacion-la-investigacion-nuevas-tendencias\/#primaryimage\"},\"thumbnailUrl\":\"\",\"keywords\":[\"agencia comunicaci\u00f3n empresarial\",\"agencia de comunicaci\u00f3n\",\"agencia de comunicaci\u00f3n corporativa\",\"consultora de comunicaci\u00f3n\",\"Formaci\u00f3n\",\"formaci\u00f3n estrategias y comunicaci\u00f3n digital\",\"Fundaci\u00f3n Luca de Tena\",\"Laboratorios de periodismo\",\"Proa Comunicaci\u00f3n\"],\"articleSection\":[\"Noticias\"],\"inLanguage\":\"en-GB\",\"potentialAction\":[{\"@type\":\"CommentAction\",\"name\":\"Comment\",\"target\":[\"https:\/\/proacomunicacion.es\/proa-comunicacion-colabora-proyecto-laboratorio-periodismo-potenciar-la-divulgacion-la-formacion-la-investigacion-nuevas-tendencias\/#respond\"]}]},{\"@type\":\"WebPage\",\"@id\":\"https:\/\/proacomunicacion.es\/proa-comunicacion-colabora-proyecto-laboratorio-periodismo-potenciar-la-divulgacion-la-formacion-la-investigacion-nuevas-tendencias\/\",\"url\":\"https:\/\/proacomunicacion.es\/proa-comunicacion-colabora-proyecto-laboratorio-periodismo-potenciar-la-divulgacion-la-formacion-la-investigacion-nuevas-tendencias\/\",\"name\":\"Proa Comunicaci\u00f3n apoya el proyecto \\\"Laboratorio de Periodismo\\\" de la Fundaci\u00f3n Luca de Tena, para potenciar la investigaci\u00f3n de nuevas tendencias period\u00edsticas - Blog Comunicaci\u00f3n y Reputaci\u00f3n\",\"isPartOf\":{\"@id\":\"https:\/\/proacomunicacion.es\/#website\"},\"primaryImageOfPage\":{\"@id\":\"https:\/\/proacomunicacion.es\/proa-comunicacion-colabora-proyecto-laboratorio-periodismo-potenciar-la-divulgacion-la-formacion-la-investigacion-nuevas-tendencias\/#primaryimage\"},\"image\":{\"@id\":\"https:\/\/proacomunicacion.es\/proa-comunicacion-colabora-proyecto-laboratorio-periodismo-potenciar-la-divulgacion-la-formacion-la-investigacion-nuevas-tendencias\/#primaryimage\"},\"thumbnailUrl\":\"\",\"datePublished\":\"2017-10-23T11:30:26+00:00\",\"description\":\"La Fundaci\u00f3n Luca de Tena, asociaci\u00f3n con la que colabora Proa Comunicaci\u00f3n,\u00a0ha cerrado acuerdos con instituciones de referencia\",\"breadcrumb\":{\"@id\":\"https:\/\/proacomunicacion.es\/proa-comunicacion-colabora-proyecto-laboratorio-periodismo-potenciar-la-divulgacion-la-formacion-la-investigacion-nuevas-tendencias\/#breadcrumb\"},\"inLanguage\":\"en-GB\",\"potentialAction\":[{\"@type\":\"ReadAction\",\"target\":[\"https:\/\/proacomunicacion.es\/proa-comunicacion-colabora-proyecto-laboratorio-periodismo-potenciar-la-divulgacion-la-formacion-la-investigacion-nuevas-tendencias\/\"]}]},{\"@type\":\"ImageObject\",\"inLanguage\":\"en-GB\",\"@id\":\"https:\/\/proacomunicacion.es\/proa-comunicacion-colabora-proyecto-laboratorio-periodismo-potenciar-la-divulgacion-la-formacion-la-investigacion-nuevas-tendencias\/#primaryimage\",\"url\":\"\",\"contentUrl\":\"\"},{\"@type\":\"BreadcrumbList\",\"@id\":\"https:\/\/proacomunicacion.es\/proa-comunicacion-colabora-proyecto-laboratorio-periodismo-potenciar-la-divulgacion-la-formacion-la-investigacion-nuevas-tendencias\/#breadcrumb\",\"itemListElement\":[{\"@type\":\"ListItem\",\"position\":1,\"name\":\"Portada\",\"item\":\"https:\/\/proacomunicacion.es\/\"},{\"@type\":\"ListItem\",\"position\":2,\"name\":\"Proa Comunicaci\u00f3n apoya el proyecto \u00abLaboratorio de Periodismo\u00bb de la Fundaci\u00f3n Luca de Tena, para potenciar la investigaci\u00f3n de nuevas tendencias period\u00edsticas\"}]},{\"@type\":\"WebSite\",\"@id\":\"https:\/\/proacomunicacion.es\/#website\",\"url\":\"https:\/\/proacomunicacion.es\/\",\"name\":\"PROA Comunicaci\u00f3n\",\"description\":\"Agencia de Comunicaci\u00f3n Corporativa en Madrid, Barcelona y Galicia.\",\"publisher\":{\"@id\":\"https:\/\/proacomunicacion.es\/#organization\"},\"alternateName\":\"PROA Comunicaci\u00f3n\",\"potentialAction\":[{\"@type\":\"SearchAction\",\"target\":{\"@type\":\"EntryPoint\",\"urlTemplate\":\"https:\/\/proacomunicacion.es\/?s={search_term_string}\"},\"query-input\":{\"@type\":\"PropertyValueSpecification\",\"valueRequired\":true,\"valueName\":\"search_term_string\"}}],\"inLanguage\":\"en-GB\"},{\"@type\":\"Organization\",\"@id\":\"https:\/\/proacomunicacion.es\/#organization\",\"name\":\"PROA Comunicaci\u00f3n\",\"alternateName\":\"PROA Comunicaci\u00f3n\",\"url\":\"https:\/\/proacomunicacion.es\/\",\"logo\":{\"@type\":\"ImageObject\",\"inLanguage\":\"en-GB\",\"@id\":\"https:\/\/proacomunicacion.es\/#\/schema\/logo\/image\/\",\"url\":\"https:\/\/proacomunicacion.es\/wp-content\/uploads\/2024\/01\/Logo_Light.svg\",\"contentUrl\":\"https:\/\/proacomunicacion.es\/wp-content\/uploads\/2024\/01\/Logo_Light.svg\",\"width\":136,\"height\":33,\"caption\":\"PROA Comunicaci\u00f3n\"},\"image\":{\"@id\":\"https:\/\/proacomunicacion.es\/#\/schema\/logo\/image\/\"},\"sameAs\":[\"https:\/\/x.com\/proacomunica\",\"https:\/\/es.linkedin.com\/company\/proa-comunicacion_2\",\"https:\/\/www.instagram.com\/proacomunica\/\",\"https:\/\/www.youtube.com\/@proacomunicacion\",\"https:\/\/es.wikipedia.org\/wiki\/PROA_Comunicacin\"]},{\"@type\":\"Person\",\"@id\":\"https:\/\/proacomunicacion.es\/#\/schema\/person\/f80dc8938ea94e7f8aa1e8dc716d5a60\",\"name\":\"PROA Comunicaci\u00f3n\",\"image\":{\"@type\":\"ImageObject\",\"inLanguage\":\"en-GB\",\"@id\":\"https:\/\/proacomunicacion.es\/#\/schema\/person\/image\/\",\"url\":\"https:\/\/secure.gravatar.com\/avatar\/394c93c195ff19b00e79d66a42971657a01de9f2740b97148d0f14a1e1a359b7?s=96&r=g\",\"contentUrl\":\"https:\/\/secure.gravatar.com\/avatar\/394c93c195ff19b00e79d66a42971657a01de9f2740b97148d0f14a1e1a359b7?s=96&r=g\",\"caption\":\"PROA Comunicaci\u00f3n\"}}]}<\/script>\n<!-- \/ Yoast SEO plugin. -->","yoast_head_json":{"title":"Proa Comunicaci\u00f3n supports the Luca de Tena Foundation's \"Journalism Laboratory\" project to promote research into new journalistic trends - Blog Comunicaci\u00f3n y Reputaci\u00f3n","description":"The Luca de Tena Foundation, an association with which Proa Comunicaci\u00f3n collaborates, has closed agreements with leading institutions","robots":{"index":"index","follow":"follow","max-snippet":"max-snippet:-1","max-image-preview":"max-image-preview:large","max-video-preview":"max-video-preview:-1"},"canonical":"https:\/\/proacomunicacion.es\/en\/proa-comunicacion-collaborates-journalism-laboratory-project-to-promote-dissemination-training-research-new-tendencies\/","og_locale":"en_GB","og_type":"article","og_title":"Proa Comunicaci\u00f3n apoya el proyecto \"Laboratorio de Periodismo\" de la Fundaci\u00f3n Luca de Tena, para potenciar la investigaci\u00f3n de nuevas tendencias period\u00edsticas - Blog Comunicaci\u00f3n y Reputaci\u00f3n","og_description":"La Fundaci\u00f3n Luca de Tena, asociaci\u00f3n con la que colabora Proa Comunicaci\u00f3n,\u00a0ha cerrado acuerdos con instituciones de referencia","og_url":"https:\/\/proacomunicacion.es\/en\/proa-comunicacion-collaborates-journalism-laboratory-project-to-promote-dissemination-training-research-new-tendencies\/","og_site_name":"PROA Comunicaci\u00f3n","article_published_time":"2017-10-23T11:30:26+00:00","og_image":[{"width":2560,"height":1414,"url":"https:\/\/proacomunicacion.es\/wp-content\/uploads\/2025\/08\/Firefly_radio-de-barco-scaled.jpg","type":"image\/jpeg"}],"author":"PROA Comunicaci\u00f3n","twitter_card":"summary_large_image","twitter_creator":"@proacomunica","twitter_site":"@proacomunica","twitter_misc":{"Written by":"PROA Comunicaci\u00f3n","Estimated reading time":"3 minutes"},"schema":{"@context":"https:\/\/schema.org","@graph":[{"@type":"Article","@id":"https:\/\/proacomunicacion.es\/proa-comunicacion-colabora-proyecto-laboratorio-periodismo-potenciar-la-divulgacion-la-formacion-la-investigacion-nuevas-tendencias\/#article","isPartOf":{"@id":"https:\/\/proacomunicacion.es\/proa-comunicacion-colabora-proyecto-laboratorio-periodismo-potenciar-la-divulgacion-la-formacion-la-investigacion-nuevas-tendencias\/"},"author":{"name":"PROA Comunicaci\u00f3n","@id":"https:\/\/proacomunicacion.es\/#\/schema\/person\/f80dc8938ea94e7f8aa1e8dc716d5a60"},"headline":"Proa Comunicaci\u00f3n apoya el proyecto \u00abLaboratorio de Periodismo\u00bb de la Fundaci\u00f3n Luca de Tena, para potenciar la investigaci\u00f3n de nuevas tendencias period\u00edsticas","datePublished":"2017-10-23T11:30:26+00:00","mainEntityOfPage":{"@id":"https:\/\/proacomunicacion.es\/proa-comunicacion-colabora-proyecto-laboratorio-periodismo-potenciar-la-divulgacion-la-formacion-la-investigacion-nuevas-tendencias\/"},"wordCount":665,"commentCount":0,"publisher":{"@id":"https:\/\/proacomunicacion.es\/#organization"},"image":{"@id":"https:\/\/proacomunicacion.es\/proa-comunicacion-colabora-proyecto-laboratorio-periodismo-potenciar-la-divulgacion-la-formacion-la-investigacion-nuevas-tendencias\/#primaryimage"},"thumbnailUrl":"","keywords":["agencia comunicaci\u00f3n empresarial","agencia de comunicaci\u00f3n","agencia de comunicaci\u00f3n corporativa","consultora de comunicaci\u00f3n","Formaci\u00f3n","formaci\u00f3n estrategias y comunicaci\u00f3n digital","Fundaci\u00f3n Luca de Tena","Laboratorios de periodismo","Proa Comunicaci\u00f3n"],"articleSection":["Noticias"],"inLanguage":"en-GB","potentialAction":[{"@type":"CommentAction","name":"Comment","target":["https:\/\/proacomunicacion.es\/proa-comunicacion-colabora-proyecto-laboratorio-periodismo-potenciar-la-divulgacion-la-formacion-la-investigacion-nuevas-tendencias\/#respond"]}]},{"@type":"WebPage","@id":"https:\/\/proacomunicacion.es\/proa-comunicacion-colabora-proyecto-laboratorio-periodismo-potenciar-la-divulgacion-la-formacion-la-investigacion-nuevas-tendencias\/","url":"https:\/\/proacomunicacion.es\/proa-comunicacion-colabora-proyecto-laboratorio-periodismo-potenciar-la-divulgacion-la-formacion-la-investigacion-nuevas-tendencias\/","name":"Proa Comunicaci\u00f3n supports the Luca de Tena Foundation's \"Journalism Laboratory\" project to promote research into new journalistic trends - Blog Comunicaci\u00f3n y Reputaci\u00f3n","isPartOf":{"@id":"https:\/\/proacomunicacion.es\/#website"},"primaryImageOfPage":{"@id":"https:\/\/proacomunicacion.es\/proa-comunicacion-colabora-proyecto-laboratorio-periodismo-potenciar-la-divulgacion-la-formacion-la-investigacion-nuevas-tendencias\/#primaryimage"},"image":{"@id":"https:\/\/proacomunicacion.es\/proa-comunicacion-colabora-proyecto-laboratorio-periodismo-potenciar-la-divulgacion-la-formacion-la-investigacion-nuevas-tendencias\/#primaryimage"},"thumbnailUrl":"","datePublished":"2017-10-23T11:30:26+00:00","description":"The Luca de Tena Foundation, an association with which Proa Comunicaci\u00f3n collaborates, has closed agreements with leading institutions","breadcrumb":{"@id":"https:\/\/proacomunicacion.es\/proa-comunicacion-colabora-proyecto-laboratorio-periodismo-potenciar-la-divulgacion-la-formacion-la-investigacion-nuevas-tendencias\/#breadcrumb"},"inLanguage":"en-GB","potentialAction":[{"@type":"ReadAction","target":["https:\/\/proacomunicacion.es\/proa-comunicacion-colabora-proyecto-laboratorio-periodismo-potenciar-la-divulgacion-la-formacion-la-investigacion-nuevas-tendencias\/"]}]},{"@type":"ImageObject","inLanguage":"en-GB","@id":"https:\/\/proacomunicacion.es\/proa-comunicacion-colabora-proyecto-laboratorio-periodismo-potenciar-la-divulgacion-la-formacion-la-investigacion-nuevas-tendencias\/#primaryimage","url":"","contentUrl":""},{"@type":"BreadcrumbList","@id":"https:\/\/proacomunicacion.es\/proa-comunicacion-colabora-proyecto-laboratorio-periodismo-potenciar-la-divulgacion-la-formacion-la-investigacion-nuevas-tendencias\/#breadcrumb","itemListElement":[{"@type":"ListItem","position":1,"name":"Portada","item":"https:\/\/proacomunicacion.es\/"},{"@type":"ListItem","position":2,"name":"Proa Comunicaci\u00f3n apoya el proyecto \u00abLaboratorio de Periodismo\u00bb de la Fundaci\u00f3n Luca de Tena, para potenciar la investigaci\u00f3n de nuevas tendencias period\u00edsticas"}]},{"@type":"WebSite","@id":"https:\/\/proacomunicacion.es\/#website","url":"https:\/\/proacomunicacion.es\/","name":"PROA Communication","description":"Corporate Communications Agency in Madrid, Barcelona and Galicia.","publisher":{"@id":"https:\/\/proacomunicacion.es\/#organization"},"alternateName":"PROA Comunicaci\u00f3n","potentialAction":[{"@type":"SearchAction","target":{"@type":"EntryPoint","urlTemplate":"https:\/\/proacomunicacion.es\/?s={search_term_string}"},"query-input":{"@type":"PropertyValueSpecification","valueRequired":true,"valueName":"search_term_string"}}],"inLanguage":"en-GB"},{"@type":"Organization","@id":"https:\/\/proacomunicacion.es\/#organization","name":"PROA Communication","alternateName":"PROA Comunicaci\u00f3n","url":"https:\/\/proacomunicacion.es\/","logo":{"@type":"ImageObject","inLanguage":"en-GB","@id":"https:\/\/proacomunicacion.es\/#\/schema\/logo\/image\/","url":"https:\/\/proacomunicacion.es\/wp-content\/uploads\/2024\/01\/Logo_Light.svg","contentUrl":"https:\/\/proacomunicacion.es\/wp-content\/uploads\/2024\/01\/Logo_Light.svg","width":136,"height":33,"caption":"PROA Comunicaci\u00f3n"},"image":{"@id":"https:\/\/proacomunicacion.es\/#\/schema\/logo\/image\/"},"sameAs":["https:\/\/x.com\/proacomunica","https:\/\/es.linkedin.com\/company\/proa-comunicacion_2","https:\/\/www.instagram.com\/proacomunica\/","https:\/\/www.youtube.com\/@proacomunicacion","https:\/\/es.wikipedia.org\/wiki\/PROA_Comunicacin"]},{"@type":"Person","@id":"https:\/\/proacomunicacion.es\/#\/schema\/person\/f80dc8938ea94e7f8aa1e8dc716d5a60","name":"PROA Communication","image":{"@type":"ImageObject","inLanguage":"en-GB","@id":"https:\/\/proacomunicacion.es\/#\/schema\/person\/image\/","url":"https:\/\/secure.gravatar.com\/avatar\/394c93c195ff19b00e79d66a42971657a01de9f2740b97148d0f14a1e1a359b7?s=96&r=g","contentUrl":"https:\/\/secure.gravatar.com\/avatar\/394c93c195ff19b00e79d66a42971657a01de9f2740b97148d0f14a1e1a359b7?s=96&r=g","caption":"PROA Comunicaci\u00f3n"}}]}},"_links":{"self":[{"href":"https:\/\/proacomunicacion.es\/en\/wp-json\/wp\/v2\/posts\/7756","targetHints":{"allow":["GET"]}}],"collection":[{"href":"https:\/\/proacomunicacion.es\/en\/wp-json\/wp\/v2\/posts"}],"about":[{"href":"https:\/\/proacomunicacion.es\/en\/wp-json\/wp\/v2\/types\/post"}],"author":[{"embeddable":true,"href":"https:\/\/proacomunicacion.es\/en\/wp-json\/wp\/v2\/users\/28"}],"replies":[{"embeddable":true,"href":"https:\/\/proacomunicacion.es\/en\/wp-json\/wp\/v2\/comments?post=7756"}],"version-history":[{"count":0,"href":"https:\/\/proacomunicacion.es\/en\/wp-json\/wp\/v2\/posts\/7756\/revisions"}],"wp:featuredmedia":[{"embeddable":true,"href":"https:\/\/proacomunicacion.es\/en\/wp-json\/"}],"wp:attachment":[{"href":"https:\/\/proacomunicacion.es\/en\/wp-json\/wp\/v2\/media?parent=7756"}],"wp:term":[{"taxonomy":"category","embeddable":true,"href":"https:\/\/proacomunicacion.es\/en\/wp-json\/wp\/v2\/categories?post=7756"},{"taxonomy":"post_tag","embeddable":true,"href":"https:\/\/proacomunicacion.es\/en\/wp-json\/wp\/v2\/tags?post=7756"}],"curies":[{"name":"wp","href":"https:\/\/api.w.org\/{rel}","templated":true}]}}