{"id":81,"date":"2012-11-26T18:37:18","date_gmt":"2012-11-26T17:37:18","guid":{"rendered":"http:\/\/proacomunicacion.es\/?p=81"},"modified":"2012-11-26T18:37:18","modified_gmt":"2012-11-26T17:37:18","slug":"juancardona","status":"publish","type":"post","link":"https:\/\/proacomunicacion.es\/en\/juancardona\/","title":{"rendered":"\"The influence scheme has changed because of the crisis of confidence\" according to Juan Cardona."},"content":{"rendered":"<p>The sixth edition of the \"Proa Communication Observatory\" took place on Monday 19 November. On this occasion it was attended by <a href=\"https:\/\/proacomunicacion.es\/en\/news-2\/proa-incorporates-juan-cardona-advisory-board\/\">Juan Cardona<\/a>Operations Director of <a target=\"_blank\" href=\"http:\/\/www.corporateexcellence.org\/\" rel=\"noopener\">Corporate Excellence-Centre for Reputation Leadership<\/a>. Cardona is a member of the <a target=\"_blank\" rel=\"noopener\">State Council for Corporate Social Responsibility<\/a> (CERSE) and is a member of the Advisory Board of the Inserta Responsable Forum. He was previously director of the Corporate Reputation Forum and head of the Corporate Responsibility and Reputation Department at Ferrovial.<\/p>\n<p><a href=\" https:\/\/proacomunicacion.es\/wp-content\/uploads\/2012\/11\/Juan_Cardona1.jpg\"><img fetchpriority=\"high\" decoding=\"async\" class=\"wp-image-83 alignright\" title=\"Juan_Cardona\" src=\" https:\/\/proacomunicacion.es\/wp-content\/uploads\/2012\/11\/Juan_Cardona1-225x300.jpg\" alt=\"Juan Cardona\" width=\"225\" height=\"300\" \/><\/a><\/p>\n<p>The speaker began his talk by highlighting the importance of the emergence of the internet and new technologies. All of this, Cardona pointed out, is a revolution that has brought about a greater flow of information, greater connectivity and increased possibilities when it comes to sharing information between people. In his own words, \"we have returned to person-to-person communication\".<\/p>\n<p>The influence scheme has changed, the speaker explained, above all due to the crisis of confidence in all areas of society. In his opinion, corporate communication is worthless in terms of credibility, and in order to regain this trust, it is necessary to find the people who generate it, such as the company's own employees and ordinary people.<\/p>\n<p>At this point, Juan Cardona wanted to stress the importance of the employee as a spokesperson for the company's situation. In the event that one speaks badly, the company's reputation and credibility could sink instantly. This example would explain the rise of social networks and the crisis of the traditional media, which no longer convince or influence as they did before. In his opinion, communication has been simplified and now has to be done in 140 characters, which makes it much more complicated to argue.<\/p>\n<p>All these changes imply a new model of content generation, where it is worth highlighting the rise of the <em>storytelling<\/em>storytelling, a communication technique in which the aim is to tell stories. The generation of these stories brings more credibility and generates a greater recall in people.<\/p>\n<p>According to Cardona, he did not want to leave aside why companies do not take risks and reject all these changes, as in his opinion they are internally anchored in immobility, where each department deals with its own business, without generating an interconnection with the others. To understand this better, the executive gave the example of how the Dircom should not focus exclusively on the relationship with the media, but should have contact with all the departments in order to have as much knowledge as possible of what is happening within the company and to avoid future problems.<\/p>\n<p>In line with this idea, Cardona gave as an example of good management the case of <a target=\"_blank\" href=\"https:\/\/www.mercadona.es\" rel=\"noopener\">Mercadona<\/a>. In his opinion, he has generated a viral communication system in which he has included his employees, which has been successful in creating a relationship of trust between the company and the customer, and has even been studied by Harvard University.<\/p>","protected":false},"excerpt":{"rendered":"<p>El pasado lunes 19 de noviembre tuvo lugar la sexta edici\u00f3n del \u201cObservatorio Proa de la Comunicaci\u00f3n\u201d. En esta ocasi\u00f3n acudi\u00f3 Juan Cardona, director de Operaciones de Corporate Excellence-Centre for Reputation Leadership. Cardona es miembro del Consejo Estatal de la Responsabilidad Social Empresarial (CERSE) y forma parte del Consejo Asesor del Foro Inserta Responsable. Anteriormente [&hellip;]<\/p>\n","protected":false},"author":28,"featured_media":0,"comment_status":"open","ping_status":"open","sticky":false,"template":"","format":"standard","meta":{"footnotes":""},"categories":[1],"tags":[23,3,4,5,6,7],"class_list":["post-81","post","type-post","status-publish","format-standard","hentry","category-actualidad-proa","tag-corporate-excellence","tag-observatorio-comunicacion-estrategica","tag-observatorio-proa","tag-observatorio-proa-comunicacion","tag-observatorio-reputacion-corporativa","tag-proa-comunicacion"],"yoast_head":"<!-- This site is optimized with the Yoast SEO plugin v27.0 - https:\/\/yoast.com\/product\/yoast-seo-wordpress\/ -->\n<title>&quot;El esquema de influencia ha cambiado por la crisis de confianza&quot; seg\u00fan Juan Cardona - Blog Comunicaci\u00f3n y Reputaci\u00f3n<\/title>\n<meta name=\"robots\" content=\"index, follow, max-snippet:-1, max-image-preview:large, max-video-preview:-1\" \/>\n<link rel=\"canonical\" href=\"https:\/\/proacomunicacion.es\/en\/juancardona\/\" \/>\n<meta property=\"og:locale\" content=\"en_GB\" \/>\n<meta property=\"og:type\" content=\"article\" \/>\n<meta property=\"og:title\" content=\"&quot;El esquema de influencia ha cambiado por la crisis de confianza&quot; seg\u00fan Juan Cardona - Blog Comunicaci\u00f3n y Reputaci\u00f3n\" \/>\n<meta property=\"og:description\" content=\"El pasado lunes 19 de noviembre tuvo lugar la sexta edici\u00f3n del \u201cObservatorio Proa de la Comunicaci\u00f3n\u201d. En esta ocasi\u00f3n acudi\u00f3 Juan Cardona, director de Operaciones de Corporate Excellence-Centre for Reputation Leadership. Cardona es miembro del Consejo Estatal de la Responsabilidad Social Empresarial (CERSE) y forma parte del Consejo Asesor del Foro Inserta Responsable. Anteriormente [&hellip;]\" \/>\n<meta property=\"og:url\" content=\"https:\/\/proacomunicacion.es\/en\/juancardona\/\" \/>\n<meta property=\"og:site_name\" content=\"PROA Comunicaci\u00f3n\" \/>\n<meta property=\"article:published_time\" content=\"2012-11-26T17:37:18+00:00\" \/>\n<meta property=\"og:image\" content=\"https:\/\/proacomunicacion.es\/wp-content\/uploads\/2025\/08\/Firefly_radio-de-barco-scaled.jpg\" \/>\n\t<meta property=\"og:image:width\" content=\"2560\" \/>\n\t<meta property=\"og:image:height\" content=\"1414\" \/>\n\t<meta property=\"og:image:type\" content=\"image\/jpeg\" \/>\n<meta name=\"author\" content=\"PROA Comunicaci\u00f3n\" \/>\n<meta name=\"twitter:card\" content=\"summary_large_image\" \/>\n<meta name=\"twitter:creator\" content=\"@proacomunica\" \/>\n<meta name=\"twitter:site\" content=\"@proacomunica\" \/>\n<meta name=\"twitter:label1\" content=\"Written by\" \/>\n\t<meta name=\"twitter:data1\" content=\"PROA Comunicaci\u00f3n\" \/>\n\t<meta name=\"twitter:label2\" content=\"Estimated reading time\" \/>\n\t<meta name=\"twitter:data2\" content=\"3 minutes\" \/>\n<script type=\"application\/ld+json\" class=\"yoast-schema-graph\">{\"@context\":\"https:\/\/schema.org\",\"@graph\":[{\"@type\":\"Article\",\"@id\":\"https:\/\/proacomunicacion.es\/juancardona\/#article\",\"isPartOf\":{\"@id\":\"https:\/\/proacomunicacion.es\/juancardona\/\"},\"author\":{\"name\":\"PROA Comunicaci\u00f3n\",\"@id\":\"https:\/\/proacomunicacion.es\/#\/schema\/person\/f80dc8938ea94e7f8aa1e8dc716d5a60\"},\"headline\":\"\u00abEl esquema de influencia ha cambiado por la crisis de confianza\u00bb seg\u00fan Juan Cardona\",\"datePublished\":\"2012-11-26T17:37:18+00:00\",\"mainEntityOfPage\":{\"@id\":\"https:\/\/proacomunicacion.es\/juancardona\/\"},\"wordCount\":545,\"commentCount\":0,\"publisher\":{\"@id\":\"https:\/\/proacomunicacion.es\/#organization\"},\"keywords\":[\"Corporate Excellence\",\"observatorio comunicaci\u00f3n estrat\u00e9gica\",\"Observatorio Proa\",\"Observatorio Proa Comunicaci\u00f3n\",\"observatorio reputaci\u00f3n corporativa\",\"Proa Comunicaci\u00f3n\"],\"articleSection\":[\"Actualidad\"],\"inLanguage\":\"en-GB\",\"potentialAction\":[{\"@type\":\"CommentAction\",\"name\":\"Comment\",\"target\":[\"https:\/\/proacomunicacion.es\/juancardona\/#respond\"]}]},{\"@type\":\"WebPage\",\"@id\":\"https:\/\/proacomunicacion.es\/juancardona\/\",\"url\":\"https:\/\/proacomunicacion.es\/juancardona\/\",\"name\":\"\\\"El esquema de influencia ha cambiado por la crisis de confianza\\\" seg\u00fan Juan Cardona - Blog Comunicaci\u00f3n y Reputaci\u00f3n\",\"isPartOf\":{\"@id\":\"https:\/\/proacomunicacion.es\/#website\"},\"datePublished\":\"2012-11-26T17:37:18+00:00\",\"breadcrumb\":{\"@id\":\"https:\/\/proacomunicacion.es\/juancardona\/#breadcrumb\"},\"inLanguage\":\"en-GB\",\"potentialAction\":[{\"@type\":\"ReadAction\",\"target\":[\"https:\/\/proacomunicacion.es\/juancardona\/\"]}]},{\"@type\":\"BreadcrumbList\",\"@id\":\"https:\/\/proacomunicacion.es\/juancardona\/#breadcrumb\",\"itemListElement\":[{\"@type\":\"ListItem\",\"position\":1,\"name\":\"Portada\",\"item\":\"https:\/\/proacomunicacion.es\/\"},{\"@type\":\"ListItem\",\"position\":2,\"name\":\"\u00abEl esquema de influencia ha cambiado por la crisis de confianza\u00bb seg\u00fan Juan Cardona\"}]},{\"@type\":\"WebSite\",\"@id\":\"https:\/\/proacomunicacion.es\/#website\",\"url\":\"https:\/\/proacomunicacion.es\/\",\"name\":\"PROA Comunicaci\u00f3n\",\"description\":\"Agencia de Comunicaci\u00f3n Corporativa en Madrid, Barcelona y Galicia.\",\"publisher\":{\"@id\":\"https:\/\/proacomunicacion.es\/#organization\"},\"alternateName\":\"PROA Comunicaci\u00f3n\",\"potentialAction\":[{\"@type\":\"SearchAction\",\"target\":{\"@type\":\"EntryPoint\",\"urlTemplate\":\"https:\/\/proacomunicacion.es\/?s={search_term_string}\"},\"query-input\":{\"@type\":\"PropertyValueSpecification\",\"valueRequired\":true,\"valueName\":\"search_term_string\"}}],\"inLanguage\":\"en-GB\"},{\"@type\":\"Organization\",\"@id\":\"https:\/\/proacomunicacion.es\/#organization\",\"name\":\"PROA Comunicaci\u00f3n\",\"alternateName\":\"PROA Comunicaci\u00f3n\",\"url\":\"https:\/\/proacomunicacion.es\/\",\"logo\":{\"@type\":\"ImageObject\",\"inLanguage\":\"en-GB\",\"@id\":\"https:\/\/proacomunicacion.es\/#\/schema\/logo\/image\/\",\"url\":\"https:\/\/proacomunicacion.es\/wp-content\/uploads\/2024\/01\/Logo_Light.svg\",\"contentUrl\":\"https:\/\/proacomunicacion.es\/wp-content\/uploads\/2024\/01\/Logo_Light.svg\",\"width\":136,\"height\":33,\"caption\":\"PROA Comunicaci\u00f3n\"},\"image\":{\"@id\":\"https:\/\/proacomunicacion.es\/#\/schema\/logo\/image\/\"},\"sameAs\":[\"https:\/\/x.com\/proacomunica\",\"https:\/\/es.linkedin.com\/company\/proa-comunicacion_2\",\"https:\/\/www.instagram.com\/proacomunica\/\",\"https:\/\/www.youtube.com\/@proacomunicacion\",\"https:\/\/es.wikipedia.org\/wiki\/PROA_Comunicacin\"]},{\"@type\":\"Person\",\"@id\":\"https:\/\/proacomunicacion.es\/#\/schema\/person\/f80dc8938ea94e7f8aa1e8dc716d5a60\",\"name\":\"PROA Comunicaci\u00f3n\",\"image\":{\"@type\":\"ImageObject\",\"inLanguage\":\"en-GB\",\"@id\":\"https:\/\/proacomunicacion.es\/#\/schema\/person\/image\/\",\"url\":\"https:\/\/secure.gravatar.com\/avatar\/394c93c195ff19b00e79d66a42971657a01de9f2740b97148d0f14a1e1a359b7?s=96&r=g\",\"contentUrl\":\"https:\/\/secure.gravatar.com\/avatar\/394c93c195ff19b00e79d66a42971657a01de9f2740b97148d0f14a1e1a359b7?s=96&r=g\",\"caption\":\"PROA Comunicaci\u00f3n\"}}]}<\/script>\n<!-- \/ Yoast SEO plugin. -->","yoast_head_json":{"title":"\"The influence scheme has changed due to the crisis of trust\" according to Juan Cardona - Blog Comunicaci\u00f3n y Reputaci\u00f3n","robots":{"index":"index","follow":"follow","max-snippet":"max-snippet:-1","max-image-preview":"max-image-preview:large","max-video-preview":"max-video-preview:-1"},"canonical":"https:\/\/proacomunicacion.es\/en\/juancardona\/","og_locale":"en_GB","og_type":"article","og_title":"\"El esquema de influencia ha cambiado por la crisis de confianza\" seg\u00fan Juan Cardona - Blog Comunicaci\u00f3n y Reputaci\u00f3n","og_description":"El pasado lunes 19 de noviembre tuvo lugar la sexta edici\u00f3n del \u201cObservatorio Proa de la Comunicaci\u00f3n\u201d. En esta ocasi\u00f3n acudi\u00f3 Juan Cardona, director de Operaciones de Corporate Excellence-Centre for Reputation Leadership. Cardona es miembro del Consejo Estatal de la Responsabilidad Social Empresarial (CERSE) y forma parte del Consejo Asesor del Foro Inserta Responsable. Anteriormente [&hellip;]","og_url":"https:\/\/proacomunicacion.es\/en\/juancardona\/","og_site_name":"PROA Comunicaci\u00f3n","article_published_time":"2012-11-26T17:37:18+00:00","og_image":[{"width":2560,"height":1414,"url":"https:\/\/proacomunicacion.es\/wp-content\/uploads\/2025\/08\/Firefly_radio-de-barco-scaled.jpg","type":"image\/jpeg"}],"author":"PROA Comunicaci\u00f3n","twitter_card":"summary_large_image","twitter_creator":"@proacomunica","twitter_site":"@proacomunica","twitter_misc":{"Written by":"PROA Comunicaci\u00f3n","Estimated reading time":"3 minutes"},"schema":{"@context":"https:\/\/schema.org","@graph":[{"@type":"Article","@id":"https:\/\/proacomunicacion.es\/juancardona\/#article","isPartOf":{"@id":"https:\/\/proacomunicacion.es\/juancardona\/"},"author":{"name":"PROA Comunicaci\u00f3n","@id":"https:\/\/proacomunicacion.es\/#\/schema\/person\/f80dc8938ea94e7f8aa1e8dc716d5a60"},"headline":"\u00abEl esquema de influencia ha cambiado por la crisis de confianza\u00bb seg\u00fan Juan Cardona","datePublished":"2012-11-26T17:37:18+00:00","mainEntityOfPage":{"@id":"https:\/\/proacomunicacion.es\/juancardona\/"},"wordCount":545,"commentCount":0,"publisher":{"@id":"https:\/\/proacomunicacion.es\/#organization"},"keywords":["Corporate Excellence","observatorio comunicaci\u00f3n estrat\u00e9gica","Observatorio Proa","Observatorio Proa Comunicaci\u00f3n","observatorio reputaci\u00f3n corporativa","Proa Comunicaci\u00f3n"],"articleSection":["Actualidad"],"inLanguage":"en-GB","potentialAction":[{"@type":"CommentAction","name":"Comment","target":["https:\/\/proacomunicacion.es\/juancardona\/#respond"]}]},{"@type":"WebPage","@id":"https:\/\/proacomunicacion.es\/juancardona\/","url":"https:\/\/proacomunicacion.es\/juancardona\/","name":"\"The influence scheme has changed due to the crisis of trust\" according to Juan Cardona - Blog Comunicaci\u00f3n y Reputaci\u00f3n","isPartOf":{"@id":"https:\/\/proacomunicacion.es\/#website"},"datePublished":"2012-11-26T17:37:18+00:00","breadcrumb":{"@id":"https:\/\/proacomunicacion.es\/juancardona\/#breadcrumb"},"inLanguage":"en-GB","potentialAction":[{"@type":"ReadAction","target":["https:\/\/proacomunicacion.es\/juancardona\/"]}]},{"@type":"BreadcrumbList","@id":"https:\/\/proacomunicacion.es\/juancardona\/#breadcrumb","itemListElement":[{"@type":"ListItem","position":1,"name":"Portada","item":"https:\/\/proacomunicacion.es\/"},{"@type":"ListItem","position":2,"name":"\u00abEl esquema de influencia ha cambiado por la crisis de confianza\u00bb seg\u00fan Juan Cardona"}]},{"@type":"WebSite","@id":"https:\/\/proacomunicacion.es\/#website","url":"https:\/\/proacomunicacion.es\/","name":"PROA Communication","description":"Corporate Communications Agency in Madrid, Barcelona and Galicia.","publisher":{"@id":"https:\/\/proacomunicacion.es\/#organization"},"alternateName":"PROA Comunicaci\u00f3n","potentialAction":[{"@type":"SearchAction","target":{"@type":"EntryPoint","urlTemplate":"https:\/\/proacomunicacion.es\/?s={search_term_string}"},"query-input":{"@type":"PropertyValueSpecification","valueRequired":true,"valueName":"search_term_string"}}],"inLanguage":"en-GB"},{"@type":"Organization","@id":"https:\/\/proacomunicacion.es\/#organization","name":"PROA Communication","alternateName":"PROA Comunicaci\u00f3n","url":"https:\/\/proacomunicacion.es\/","logo":{"@type":"ImageObject","inLanguage":"en-GB","@id":"https:\/\/proacomunicacion.es\/#\/schema\/logo\/image\/","url":"https:\/\/proacomunicacion.es\/wp-content\/uploads\/2024\/01\/Logo_Light.svg","contentUrl":"https:\/\/proacomunicacion.es\/wp-content\/uploads\/2024\/01\/Logo_Light.svg","width":136,"height":33,"caption":"PROA Comunicaci\u00f3n"},"image":{"@id":"https:\/\/proacomunicacion.es\/#\/schema\/logo\/image\/"},"sameAs":["https:\/\/x.com\/proacomunica","https:\/\/es.linkedin.com\/company\/proa-comunicacion_2","https:\/\/www.instagram.com\/proacomunica\/","https:\/\/www.youtube.com\/@proacomunicacion","https:\/\/es.wikipedia.org\/wiki\/PROA_Comunicacin"]},{"@type":"Person","@id":"https:\/\/proacomunicacion.es\/#\/schema\/person\/f80dc8938ea94e7f8aa1e8dc716d5a60","name":"PROA Communication","image":{"@type":"ImageObject","inLanguage":"en-GB","@id":"https:\/\/proacomunicacion.es\/#\/schema\/person\/image\/","url":"https:\/\/secure.gravatar.com\/avatar\/394c93c195ff19b00e79d66a42971657a01de9f2740b97148d0f14a1e1a359b7?s=96&r=g","contentUrl":"https:\/\/secure.gravatar.com\/avatar\/394c93c195ff19b00e79d66a42971657a01de9f2740b97148d0f14a1e1a359b7?s=96&r=g","caption":"PROA Comunicaci\u00f3n"}}]}},"_links":{"self":[{"href":"https:\/\/proacomunicacion.es\/en\/wp-json\/wp\/v2\/posts\/81","targetHints":{"allow":["GET"]}}],"collection":[{"href":"https:\/\/proacomunicacion.es\/en\/wp-json\/wp\/v2\/posts"}],"about":[{"href":"https:\/\/proacomunicacion.es\/en\/wp-json\/wp\/v2\/types\/post"}],"author":[{"embeddable":true,"href":"https:\/\/proacomunicacion.es\/en\/wp-json\/wp\/v2\/users\/28"}],"replies":[{"embeddable":true,"href":"https:\/\/proacomunicacion.es\/en\/wp-json\/wp\/v2\/comments?post=81"}],"version-history":[{"count":0,"href":"https:\/\/proacomunicacion.es\/en\/wp-json\/wp\/v2\/posts\/81\/revisions"}],"wp:attachment":[{"href":"https:\/\/proacomunicacion.es\/en\/wp-json\/wp\/v2\/media?parent=81"}],"wp:term":[{"taxonomy":"category","embeddable":true,"href":"https:\/\/proacomunicacion.es\/en\/wp-json\/wp\/v2\/categories?post=81"},{"taxonomy":"post_tag","embeddable":true,"href":"https:\/\/proacomunicacion.es\/en\/wp-json\/wp\/v2\/tags?post=81"}],"curies":[{"name":"wp","href":"https:\/\/api.w.org\/{rel}","templated":true}]}}