{"id":8697,"date":"2018-03-28T17:45:35","date_gmt":"2018-03-28T15:45:35","guid":{"rendered":"http:\/\/proacomunicacion.es\/?p=8697"},"modified":"2018-03-28T17:45:35","modified_gmt":"2018-03-28T15:45:35","slug":"jaume-giro-highlights-the-value-of-reputation-in-actualidad-economica","status":"publish","type":"post","link":"https:\/\/proacomunicacion.es\/en\/jaume-giro-highlights-the-value-of-reputation-in-actualidad-economica\/","title":{"rendered":"Jaume Gir\u00f3 highlights the value of reputation in Actualidad Econ\u00f3mica"},"content":{"rendered":"<p style=\"text-align: justify;\">Jaume Gir\u00f3, president of the 'Think-Tank' Corporate Excellence, highlight in Economic News the importance of reputation in corporations. \"In these years of the new century, where digital communication has burst forth and with it this jungle of information, it is often difficult to distinguish good information. In these times when fake news appear with more notoriety than ever, many people give credibility to things that do not deserve confidence. That's why two issues are so important. The first is to manage the brand well, the reputation of a company, because it is the brand that sets us apart from other competitors in a market where products and services tend to be almost the same whatever the sector, banking, energy services and journalism, for example. The second is that the professional who is in charge of these matters must be able to intelligently read the social context,\" explains Gir\u00f3. \"Beyond the economic sense of the operation, there is always a reading within society. It's not just about economic profitability \", rivets.<\/p>\n<p style=\"text-align: justify;\">In the same vein Angel Alloza, CEO of Corporate Excelllence, says that \"in the past, this differentiation was in the ability to launch products and services objectively superior to those of the competition, which led to the proliferation of a large number of product brands. Today, however, the process of building a corporate brand is much more complex, because it is not based on rational attributes or benefits, but is differentiated from deeper elements of identity: who are you as a company, how are you, why you exist and do what you do.\"<\/p>\n<p>&nbsp;<\/p>","protected":false},"excerpt":{"rendered":"<p>Jaume Gir\u00f3, president of the &#8216;Think-Tank&#8217; Corporate Excellence, highlight in Economic News the importance of reputation in corporations. \u00abIn these years of the new century, where digital communication has burst forth and with it this jungle of information, it is often difficult to distinguish good information. In these times when fake news appear with more [&hellip;]<\/p>\n","protected":false},"author":28,"featured_media":8722,"comment_status":"closed","ping_status":"closed","sticky":false,"template":"","format":"standard","meta":{"footnotes":""},"categories":[1],"tags":[601],"class_list":["post-8697","post","type-post","status-publish","format-standard","has-post-thumbnail","hentry","category-actualidad-proa","tag-corporate-excelllence"],"yoast_head":"<!-- This site is optimized with the Yoast SEO plugin v27.0 - https:\/\/yoast.com\/product\/yoast-seo-wordpress\/ -->\n<title>Jaume Gir\u00f3 highlights the value of reputation in Actualidad Econ\u00f3mica - PROA Comunicaci\u00f3n<\/title>\n<meta name=\"robots\" content=\"index, follow, max-snippet:-1, max-image-preview:large, max-video-preview:-1\" \/>\n<link rel=\"canonical\" href=\"https:\/\/proacomunicacion.es\/en\/jaume-giro-highlights-the-value-of-reputation-in-actualidad-economica\/\" \/>\n<meta property=\"og:locale\" content=\"en_GB\" \/>\n<meta property=\"og:type\" content=\"article\" \/>\n<meta property=\"og:title\" content=\"Jaume Gir\u00f3 highlights the value of reputation in Actualidad Econ\u00f3mica - PROA Comunicaci\u00f3n\" \/>\n<meta property=\"og:description\" content=\"Jaume Gir\u00f3, president of the &#8216;Think-Tank&#8217; Corporate Excellence, highlight in Economic News the importance of reputation in corporations. \u00abIn these years of the new century, where digital communication has burst forth and with it this jungle of information, it is often difficult to distinguish good information. In these times when fake news appear with more [&hellip;]\" \/>\n<meta property=\"og:url\" content=\"https:\/\/proacomunicacion.es\/en\/jaume-giro-highlights-the-value-of-reputation-in-actualidad-economica\/\" \/>\n<meta property=\"og:site_name\" content=\"PROA Comunicaci\u00f3n\" \/>\n<meta property=\"article:published_time\" content=\"2018-03-28T15:45:35+00:00\" \/>\n<meta property=\"og:image\" content=\"https:\/\/proacomunicacion.es\/wp-content\/uploads\/2025\/08\/Firefly_radio-de-barco-scaled.jpg\" \/>\n\t<meta property=\"og:image:width\" content=\"2560\" \/>\n\t<meta property=\"og:image:height\" content=\"1414\" \/>\n\t<meta property=\"og:image:type\" content=\"image\/jpeg\" \/>\n<meta name=\"author\" content=\"PROA Comunicaci\u00f3n\" \/>\n<meta name=\"twitter:card\" content=\"summary_large_image\" \/>\n<meta name=\"twitter:creator\" content=\"@proacomunica\" \/>\n<meta name=\"twitter:site\" content=\"@proacomunica\" \/>\n<meta name=\"twitter:label1\" content=\"Written by\" \/>\n\t<meta name=\"twitter:data1\" content=\"PROA Comunicaci\u00f3n\" \/>\n\t<meta name=\"twitter:label2\" content=\"Estimated reading time\" \/>\n\t<meta name=\"twitter:data2\" content=\"1 minute\" \/>\n<script type=\"application\/ld+json\" class=\"yoast-schema-graph\">{\"@context\":\"https:\/\/schema.org\",\"@graph\":[{\"@type\":\"Article\",\"@id\":\"https:\/\/proacomunicacion.es\/jaume-giro-highlights-the-value-of-reputation-in-actualidad-economica\/#article\",\"isPartOf\":{\"@id\":\"https:\/\/proacomunicacion.es\/jaume-giro-highlights-the-value-of-reputation-in-actualidad-economica\/\"},\"author\":{\"name\":\"PROA Comunicaci\u00f3n\",\"@id\":\"https:\/\/proacomunicacion.es\/#\/schema\/person\/f80dc8938ea94e7f8aa1e8dc716d5a60\"},\"headline\":\"Jaume Gir\u00f3 highlights the value of reputation in Actualidad Econ\u00f3mica\",\"datePublished\":\"2018-03-28T15:45:35+00:00\",\"mainEntityOfPage\":{\"@id\":\"https:\/\/proacomunicacion.es\/jaume-giro-highlights-the-value-of-reputation-in-actualidad-economica\/\"},\"wordCount\":276,\"publisher\":{\"@id\":\"https:\/\/proacomunicacion.es\/#organization\"},\"image\":{\"@id\":\"https:\/\/proacomunicacion.es\/jaume-giro-highlights-the-value-of-reputation-in-actualidad-economica\/#primaryimage\"},\"thumbnailUrl\":\"\",\"keywords\":[\"Corporate Excelllence\"],\"articleSection\":[\"Actualidad\"],\"inLanguage\":\"en-GB\"},{\"@type\":\"WebPage\",\"@id\":\"https:\/\/proacomunicacion.es\/jaume-giro-highlights-the-value-of-reputation-in-actualidad-economica\/\",\"url\":\"https:\/\/proacomunicacion.es\/jaume-giro-highlights-the-value-of-reputation-in-actualidad-economica\/\",\"name\":\"Jaume Gir\u00f3 highlights the value of reputation in Actualidad Econ\u00f3mica - PROA Comunicaci\u00f3n\",\"isPartOf\":{\"@id\":\"https:\/\/proacomunicacion.es\/#website\"},\"primaryImageOfPage\":{\"@id\":\"https:\/\/proacomunicacion.es\/jaume-giro-highlights-the-value-of-reputation-in-actualidad-economica\/#primaryimage\"},\"image\":{\"@id\":\"https:\/\/proacomunicacion.es\/jaume-giro-highlights-the-value-of-reputation-in-actualidad-economica\/#primaryimage\"},\"thumbnailUrl\":\"\",\"datePublished\":\"2018-03-28T15:45:35+00:00\",\"breadcrumb\":{\"@id\":\"https:\/\/proacomunicacion.es\/jaume-giro-highlights-the-value-of-reputation-in-actualidad-economica\/#breadcrumb\"},\"inLanguage\":\"en-GB\",\"potentialAction\":[{\"@type\":\"ReadAction\",\"target\":[\"https:\/\/proacomunicacion.es\/jaume-giro-highlights-the-value-of-reputation-in-actualidad-economica\/\"]}]},{\"@type\":\"ImageObject\",\"inLanguage\":\"en-GB\",\"@id\":\"https:\/\/proacomunicacion.es\/jaume-giro-highlights-the-value-of-reputation-in-actualidad-economica\/#primaryimage\",\"url\":\"\",\"contentUrl\":\"\"},{\"@type\":\"BreadcrumbList\",\"@id\":\"https:\/\/proacomunicacion.es\/jaume-giro-highlights-the-value-of-reputation-in-actualidad-economica\/#breadcrumb\",\"itemListElement\":[{\"@type\":\"ListItem\",\"position\":1,\"name\":\"Portada\",\"item\":\"https:\/\/proacomunicacion.es\/\"},{\"@type\":\"ListItem\",\"position\":2,\"name\":\"Jaume Gir\u00f3 highlights the value of reputation in Actualidad Econ\u00f3mica\"}]},{\"@type\":\"WebSite\",\"@id\":\"https:\/\/proacomunicacion.es\/#website\",\"url\":\"https:\/\/proacomunicacion.es\/\",\"name\":\"PROA Comunicaci\u00f3n\",\"description\":\"Agencia de Comunicaci\u00f3n Corporativa en Madrid, Barcelona y Galicia.\",\"publisher\":{\"@id\":\"https:\/\/proacomunicacion.es\/#organization\"},\"alternateName\":\"PROA Comunicaci\u00f3n\",\"potentialAction\":[{\"@type\":\"SearchAction\",\"target\":{\"@type\":\"EntryPoint\",\"urlTemplate\":\"https:\/\/proacomunicacion.es\/?s={search_term_string}\"},\"query-input\":{\"@type\":\"PropertyValueSpecification\",\"valueRequired\":true,\"valueName\":\"search_term_string\"}}],\"inLanguage\":\"en-GB\"},{\"@type\":\"Organization\",\"@id\":\"https:\/\/proacomunicacion.es\/#organization\",\"name\":\"PROA Comunicaci\u00f3n\",\"alternateName\":\"PROA Comunicaci\u00f3n\",\"url\":\"https:\/\/proacomunicacion.es\/\",\"logo\":{\"@type\":\"ImageObject\",\"inLanguage\":\"en-GB\",\"@id\":\"https:\/\/proacomunicacion.es\/#\/schema\/logo\/image\/\",\"url\":\"https:\/\/proacomunicacion.es\/wp-content\/uploads\/2024\/01\/Logo_Light.svg\",\"contentUrl\":\"https:\/\/proacomunicacion.es\/wp-content\/uploads\/2024\/01\/Logo_Light.svg\",\"width\":136,\"height\":33,\"caption\":\"PROA Comunicaci\u00f3n\"},\"image\":{\"@id\":\"https:\/\/proacomunicacion.es\/#\/schema\/logo\/image\/\"},\"sameAs\":[\"https:\/\/x.com\/proacomunica\",\"https:\/\/es.linkedin.com\/company\/proa-comunicacion_2\",\"https:\/\/www.instagram.com\/proacomunica\/\",\"https:\/\/www.youtube.com\/@proacomunicacion\",\"https:\/\/es.wikipedia.org\/wiki\/PROA_Comunicacin\"]},{\"@type\":\"Person\",\"@id\":\"https:\/\/proacomunicacion.es\/#\/schema\/person\/f80dc8938ea94e7f8aa1e8dc716d5a60\",\"name\":\"PROA Comunicaci\u00f3n\",\"image\":{\"@type\":\"ImageObject\",\"inLanguage\":\"en-GB\",\"@id\":\"https:\/\/proacomunicacion.es\/#\/schema\/person\/image\/\",\"url\":\"https:\/\/secure.gravatar.com\/avatar\/394c93c195ff19b00e79d66a42971657a01de9f2740b97148d0f14a1e1a359b7?s=96&r=g\",\"contentUrl\":\"https:\/\/secure.gravatar.com\/avatar\/394c93c195ff19b00e79d66a42971657a01de9f2740b97148d0f14a1e1a359b7?s=96&r=g\",\"caption\":\"PROA Comunicaci\u00f3n\"}}]}<\/script>\n<!-- \/ Yoast SEO plugin. -->","yoast_head_json":{"title":"Jaume Gir\u00f3 highlights the value of reputation in Actualidad Econ\u00f3mica - PROA Comunicaci\u00f3n","robots":{"index":"index","follow":"follow","max-snippet":"max-snippet:-1","max-image-preview":"max-image-preview:large","max-video-preview":"max-video-preview:-1"},"canonical":"https:\/\/proacomunicacion.es\/en\/jaume-giro-highlights-the-value-of-reputation-in-actualidad-economica\/","og_locale":"en_GB","og_type":"article","og_title":"Jaume Gir\u00f3 highlights the value of reputation in Actualidad Econ\u00f3mica - PROA Comunicaci\u00f3n","og_description":"Jaume Gir\u00f3, president of the &#8216;Think-Tank&#8217; Corporate Excellence, highlight in Economic News the importance of reputation in corporations. \u00abIn these years of the new century, where digital communication has burst forth and with it this jungle of information, it is often difficult to distinguish good information. In these times when fake news appear with more [&hellip;]","og_url":"https:\/\/proacomunicacion.es\/en\/jaume-giro-highlights-the-value-of-reputation-in-actualidad-economica\/","og_site_name":"PROA Comunicaci\u00f3n","article_published_time":"2018-03-28T15:45:35+00:00","og_image":[{"width":2560,"height":1414,"url":"https:\/\/proacomunicacion.es\/wp-content\/uploads\/2025\/08\/Firefly_radio-de-barco-scaled.jpg","type":"image\/jpeg"}],"author":"PROA Comunicaci\u00f3n","twitter_card":"summary_large_image","twitter_creator":"@proacomunica","twitter_site":"@proacomunica","twitter_misc":{"Written by":"PROA Comunicaci\u00f3n","Estimated reading time":"1 minute"},"schema":{"@context":"https:\/\/schema.org","@graph":[{"@type":"Article","@id":"https:\/\/proacomunicacion.es\/jaume-giro-highlights-the-value-of-reputation-in-actualidad-economica\/#article","isPartOf":{"@id":"https:\/\/proacomunicacion.es\/jaume-giro-highlights-the-value-of-reputation-in-actualidad-economica\/"},"author":{"name":"PROA Comunicaci\u00f3n","@id":"https:\/\/proacomunicacion.es\/#\/schema\/person\/f80dc8938ea94e7f8aa1e8dc716d5a60"},"headline":"Jaume Gir\u00f3 highlights the value of reputation in Actualidad Econ\u00f3mica","datePublished":"2018-03-28T15:45:35+00:00","mainEntityOfPage":{"@id":"https:\/\/proacomunicacion.es\/jaume-giro-highlights-the-value-of-reputation-in-actualidad-economica\/"},"wordCount":276,"publisher":{"@id":"https:\/\/proacomunicacion.es\/#organization"},"image":{"@id":"https:\/\/proacomunicacion.es\/jaume-giro-highlights-the-value-of-reputation-in-actualidad-economica\/#primaryimage"},"thumbnailUrl":"","keywords":["Corporate Excelllence"],"articleSection":["Actualidad"],"inLanguage":"en-GB"},{"@type":"WebPage","@id":"https:\/\/proacomunicacion.es\/jaume-giro-highlights-the-value-of-reputation-in-actualidad-economica\/","url":"https:\/\/proacomunicacion.es\/jaume-giro-highlights-the-value-of-reputation-in-actualidad-economica\/","name":"Jaume Gir\u00f3 highlights the value of reputation in Actualidad Econ\u00f3mica - PROA Comunicaci\u00f3n","isPartOf":{"@id":"https:\/\/proacomunicacion.es\/#website"},"primaryImageOfPage":{"@id":"https:\/\/proacomunicacion.es\/jaume-giro-highlights-the-value-of-reputation-in-actualidad-economica\/#primaryimage"},"image":{"@id":"https:\/\/proacomunicacion.es\/jaume-giro-highlights-the-value-of-reputation-in-actualidad-economica\/#primaryimage"},"thumbnailUrl":"","datePublished":"2018-03-28T15:45:35+00:00","breadcrumb":{"@id":"https:\/\/proacomunicacion.es\/jaume-giro-highlights-the-value-of-reputation-in-actualidad-economica\/#breadcrumb"},"inLanguage":"en-GB","potentialAction":[{"@type":"ReadAction","target":["https:\/\/proacomunicacion.es\/jaume-giro-highlights-the-value-of-reputation-in-actualidad-economica\/"]}]},{"@type":"ImageObject","inLanguage":"en-GB","@id":"https:\/\/proacomunicacion.es\/jaume-giro-highlights-the-value-of-reputation-in-actualidad-economica\/#primaryimage","url":"","contentUrl":""},{"@type":"BreadcrumbList","@id":"https:\/\/proacomunicacion.es\/jaume-giro-highlights-the-value-of-reputation-in-actualidad-economica\/#breadcrumb","itemListElement":[{"@type":"ListItem","position":1,"name":"Portada","item":"https:\/\/proacomunicacion.es\/"},{"@type":"ListItem","position":2,"name":"Jaume Gir\u00f3 highlights the value of reputation in Actualidad Econ\u00f3mica"}]},{"@type":"WebSite","@id":"https:\/\/proacomunicacion.es\/#website","url":"https:\/\/proacomunicacion.es\/","name":"PROA Communication","description":"Corporate Communications Agency in Madrid, Barcelona and Galicia.","publisher":{"@id":"https:\/\/proacomunicacion.es\/#organization"},"alternateName":"PROA Comunicaci\u00f3n","potentialAction":[{"@type":"SearchAction","target":{"@type":"EntryPoint","urlTemplate":"https:\/\/proacomunicacion.es\/?s={search_term_string}"},"query-input":{"@type":"PropertyValueSpecification","valueRequired":true,"valueName":"search_term_string"}}],"inLanguage":"en-GB"},{"@type":"Organization","@id":"https:\/\/proacomunicacion.es\/#organization","name":"PROA Communication","alternateName":"PROA Comunicaci\u00f3n","url":"https:\/\/proacomunicacion.es\/","logo":{"@type":"ImageObject","inLanguage":"en-GB","@id":"https:\/\/proacomunicacion.es\/#\/schema\/logo\/image\/","url":"https:\/\/proacomunicacion.es\/wp-content\/uploads\/2024\/01\/Logo_Light.svg","contentUrl":"https:\/\/proacomunicacion.es\/wp-content\/uploads\/2024\/01\/Logo_Light.svg","width":136,"height":33,"caption":"PROA Comunicaci\u00f3n"},"image":{"@id":"https:\/\/proacomunicacion.es\/#\/schema\/logo\/image\/"},"sameAs":["https:\/\/x.com\/proacomunica","https:\/\/es.linkedin.com\/company\/proa-comunicacion_2","https:\/\/www.instagram.com\/proacomunica\/","https:\/\/www.youtube.com\/@proacomunicacion","https:\/\/es.wikipedia.org\/wiki\/PROA_Comunicacin"]},{"@type":"Person","@id":"https:\/\/proacomunicacion.es\/#\/schema\/person\/f80dc8938ea94e7f8aa1e8dc716d5a60","name":"PROA Communication","image":{"@type":"ImageObject","inLanguage":"en-GB","@id":"https:\/\/proacomunicacion.es\/#\/schema\/person\/image\/","url":"https:\/\/secure.gravatar.com\/avatar\/394c93c195ff19b00e79d66a42971657a01de9f2740b97148d0f14a1e1a359b7?s=96&r=g","contentUrl":"https:\/\/secure.gravatar.com\/avatar\/394c93c195ff19b00e79d66a42971657a01de9f2740b97148d0f14a1e1a359b7?s=96&r=g","caption":"PROA Comunicaci\u00f3n"}}]}},"_links":{"self":[{"href":"https:\/\/proacomunicacion.es\/en\/wp-json\/wp\/v2\/posts\/8697","targetHints":{"allow":["GET"]}}],"collection":[{"href":"https:\/\/proacomunicacion.es\/en\/wp-json\/wp\/v2\/posts"}],"about":[{"href":"https:\/\/proacomunicacion.es\/en\/wp-json\/wp\/v2\/types\/post"}],"author":[{"embeddable":true,"href":"https:\/\/proacomunicacion.es\/en\/wp-json\/wp\/v2\/users\/28"}],"replies":[{"embeddable":true,"href":"https:\/\/proacomunicacion.es\/en\/wp-json\/wp\/v2\/comments?post=8697"}],"version-history":[{"count":0,"href":"https:\/\/proacomunicacion.es\/en\/wp-json\/wp\/v2\/posts\/8697\/revisions"}],"wp:featuredmedia":[{"embeddable":true,"href":"https:\/\/proacomunicacion.es\/en\/wp-json\/"}],"wp:attachment":[{"href":"https:\/\/proacomunicacion.es\/en\/wp-json\/wp\/v2\/media?parent=8697"}],"wp:term":[{"taxonomy":"category","embeddable":true,"href":"https:\/\/proacomunicacion.es\/en\/wp-json\/wp\/v2\/categories?post=8697"},{"taxonomy":"post_tag","embeddable":true,"href":"https:\/\/proacomunicacion.es\/en\/wp-json\/wp\/v2\/tags?post=8697"}],"curies":[{"name":"wp","href":"https:\/\/api.w.org\/{rel}","templated":true}]}}