{"id":9017,"date":"2018-06-13T16:46:33","date_gmt":"2018-06-13T14:46:33","guid":{"rendered":"http:\/\/proacomunicacion.es\/?p=9017"},"modified":"2018-06-13T16:46:33","modified_gmt":"2018-06-13T14:46:33","slug":"the-alicia-koplowitz-foundation-awards-five-short-stay-research-grants","status":"publish","type":"post","link":"https:\/\/proacomunicacion.es\/en\/la-fundacion-alicia-koplowitz-entrega-cinco-becas-de-estancias-cortas-de-investigacion\/","title":{"rendered":"The Alicia Koplowitz Foundation awards five short research stay grants"},"content":{"rendered":"<p style=\"text-align: justify;\">The Alicia Koplowitz Foundation has awarded five grants for short stays for specialisation and research in Psychiatry, Psychology or Child and Adolescent Neurosciences and Neuropaediatrics in its 2018 call for applications. The scholarship holders will spend between six and twelve months specialising in universities and hospitals in the United States, the United Kingdom and Argentina.<\/p>\n<p style=\"text-align: left;\">The five selected by the Foundation's evaluation committee are:<\/p>\n<ul style=\"text-align: left;\">\n<li><strong>Laura Carballeira Carrera,<\/strong> who has completed the PIR at the Hospital Universitario HM Puerta del Sur, in M\u00f3stoles (Madrid), and has applied for a six-month stay at the Universit\u00e9 Paris Descartes, H\u00f4pital Cochin, in Paris (France).<\/li>\n<li><strong>In\u00e9s L\u00f3pez \u00c1lvarez<\/strong>Clinical Psychologist via PIR at the Hospital Universitario La Paz (Madrid), who has applied for a six-month stay at The Travistock and Portman NHS Foundation Trust, London (UK).<\/li>\n<li><strong>Alejandra Rosa Melero Gonz\u00e1lez<\/strong>neuropaediatrician at the Hospital Cl\u00ednico Universitario de Valladolid, who will stay for 12 months at the Hospital de Pediatr\u00eda del Profesor Dr. Juan P. Garrahan, in Buenos Aires (Argentina).<\/li>\n<li><strong>Mar\u00eda del Mar Rivas Rodr\u00edguez<\/strong>who has completed the PIR at the Mental Health Centre of Getafe (Madrid) and will spend six months at NYU Langone Health's Department of Child and Adolescence Psychiatry, New York (USA).<\/li>\n<li><strong>Antonio Rodr\u00edguez Moreno<\/strong>a neuroscientist at the Pablo de Olavide University in Seville, who has applied for a 12-month stay at the University of Cambridge, Cambridge (UK).<\/li>\n<\/ul>\n<p style=\"text-align: justify;\">The Alicia Koplowitz Foundation Short Stays Grants have been awarded annually since 2007 and are aimed at psychiatrists and clinical psychologists with training in the area of childhood or adolescence, neuropaediatricians and post-doctoral researchers in the neurosciences, with degrees in Medicine, Biology or Pharmacy. They consist, fundamentally, of financial support for the grantee, as the centres where the research programmes are carried out are free to choose. The aim is to support research in the field of child and adolescent psychiatry and to extend research support projects in the field of neurosciences and neuropaediatrics, focusing above all on early neurodegenerative diseases. The financial endowment is 3,000-4,000 euros per month for stays in foreign hospitals, universities and research institutes that have programmes appropriate to the Foundation's project.<\/p>\n<p style=\"text-align: justify;\">The Evaluation Committee that selected the winning projects was made up of Dr. Lola Picouto, child psychiatrist and former grantee of the Alicia Koplowitz Foundation; Dr. Laia Villalta, child and adolescent psychiatrist at the 0 to 5 years old Unit and Functional Unit for the Care of Sexual Abuse of Minors (UFAM), at the Sant Joan de D\u00e9u Hospital in Barcelona, and former grantee of the Alicia Koplowitz Foundation; Dr. Juanjo Carballo, Child and Adolescent Psychiatrist at the Hospital General Universitario Gregorio Mara\u00f1\u00f3n in Madrid and former grantee of the Alicia Koplowitz Foundation; and Dr. Pedro Castro, Neuropaediatrician at the Paediatric Department of the Hospital General Universitario Gregorio Mara\u00f1\u00f3n in Madrid.<\/p>","protected":false},"excerpt":{"rendered":"<p>La Fundaci\u00f3n Alicia Koplowitz ha concedido cinco becas de estancias cortas de especializaci\u00f3n e investigaci\u00f3n en Psiquiatr\u00eda, Psicolog\u00eda o Neurociencias del Ni\u00f1o y el Adolescente y en Neuropediatr\u00eda en su convocatoria del a\u00f1o 2018. Los becados realizar\u00e1n su especializaci\u00f3n durante entre seis y doce meses en universidades y hospitales de Estados Unidos, Reino Unido y [&hellip;]<\/p>\n","protected":false},"author":28,"featured_media":9025,"comment_status":"closed","ping_status":"closed","sticky":false,"template":"","format":"standard","meta":{"footnotes":""},"categories":[131],"tags":[9,10,11,17,18,14,21,22,7],"class_list":["post-9017","post","type-post","status-publish","format-standard","has-post-thumbnail","hentry","category-noticias","tag-agencia-comunicacion-empresarial","tag-agencia-de-comunicacion","tag-agencia-de-comunicacion-corporativa","tag-comunicacion-rsc","tag-comunicacion-rse","tag-consultora-de-comunicacion","tag-estrategia-comunicacion-rsc","tag-estrategia-comunicacion-rse","tag-proa-comunicacion"],"yoast_head":"<!-- This site is optimized with the Yoast SEO plugin v27.0 - https:\/\/yoast.com\/product\/yoast-seo-wordpress\/ -->\n<title>La Fundaci\u00f3n Alicia Koplowitz entrega cinco becas de estancias cortas de investigaci\u00f3n - PROA Comunicaci\u00f3n<\/title>\n<meta name=\"robots\" content=\"index, follow, max-snippet:-1, max-image-preview:large, max-video-preview:-1\" \/>\n<link rel=\"canonical\" href=\"https:\/\/proacomunicacion.es\/en\/the-alicia-koplowitz-foundation-awards-five-short-stay-research-grants\/\" \/>\n<meta property=\"og:locale\" content=\"en_GB\" \/>\n<meta property=\"og:type\" content=\"article\" \/>\n<meta property=\"og:title\" content=\"La Fundaci\u00f3n Alicia Koplowitz entrega cinco becas de estancias cortas de investigaci\u00f3n - PROA Comunicaci\u00f3n\" \/>\n<meta property=\"og:description\" content=\"La Fundaci\u00f3n Alicia Koplowitz ha concedido cinco becas de estancias cortas de especializaci\u00f3n e investigaci\u00f3n en Psiquiatr\u00eda, Psicolog\u00eda o Neurociencias del Ni\u00f1o y el Adolescente y en Neuropediatr\u00eda en su convocatoria del a\u00f1o 2018. Los becados realizar\u00e1n su especializaci\u00f3n durante entre seis y doce meses en universidades y hospitales de Estados Unidos, Reino Unido y [&hellip;]\" \/>\n<meta property=\"og:url\" content=\"https:\/\/proacomunicacion.es\/en\/the-alicia-koplowitz-foundation-awards-five-short-stay-research-grants\/\" \/>\n<meta property=\"og:site_name\" content=\"PROA Comunicaci\u00f3n\" \/>\n<meta property=\"article:published_time\" content=\"2018-06-13T14:46:33+00:00\" \/>\n<meta property=\"og:image\" content=\"https:\/\/proacomunicacion.es\/wp-content\/uploads\/2025\/08\/Firefly_radio-de-barco-scaled.jpg\" \/>\n\t<meta property=\"og:image:width\" content=\"2560\" \/>\n\t<meta property=\"og:image:height\" content=\"1414\" \/>\n\t<meta property=\"og:image:type\" content=\"image\/jpeg\" \/>\n<meta name=\"author\" content=\"PROA Comunicaci\u00f3n\" \/>\n<meta name=\"twitter:card\" content=\"summary_large_image\" \/>\n<meta name=\"twitter:creator\" content=\"@proacomunica\" \/>\n<meta name=\"twitter:site\" content=\"@proacomunica\" \/>\n<meta name=\"twitter:label1\" content=\"Written by\" \/>\n\t<meta name=\"twitter:data1\" content=\"PROA Comunicaci\u00f3n\" \/>\n\t<meta name=\"twitter:label2\" content=\"Estimated reading time\" \/>\n\t<meta name=\"twitter:data2\" content=\"3 minutes\" \/>\n<script type=\"application\/ld+json\" class=\"yoast-schema-graph\">{\"@context\":\"https:\/\/schema.org\",\"@graph\":[{\"@type\":\"Article\",\"@id\":\"https:\/\/proacomunicacion.es\/la-fundacion-alicia-koplowitz-entrega-cinco-becas-de-estancias-cortas-de-investigacion\/#article\",\"isPartOf\":{\"@id\":\"https:\/\/proacomunicacion.es\/la-fundacion-alicia-koplowitz-entrega-cinco-becas-de-estancias-cortas-de-investigacion\/\"},\"author\":{\"name\":\"PROA Comunicaci\u00f3n\",\"@id\":\"https:\/\/proacomunicacion.es\/#\/schema\/person\/f80dc8938ea94e7f8aa1e8dc716d5a60\"},\"headline\":\"La Fundaci\u00f3n Alicia Koplowitz entrega cinco becas de estancias cortas de investigaci\u00f3n\",\"datePublished\":\"2018-06-13T14:46:33+00:00\",\"mainEntityOfPage\":{\"@id\":\"https:\/\/proacomunicacion.es\/la-fundacion-alicia-koplowitz-entrega-cinco-becas-de-estancias-cortas-de-investigacion\/\"},\"wordCount\":559,\"publisher\":{\"@id\":\"https:\/\/proacomunicacion.es\/#organization\"},\"image\":{\"@id\":\"https:\/\/proacomunicacion.es\/la-fundacion-alicia-koplowitz-entrega-cinco-becas-de-estancias-cortas-de-investigacion\/#primaryimage\"},\"thumbnailUrl\":\"\",\"keywords\":[\"agencia comunicaci\u00f3n empresarial\",\"agencia de comunicaci\u00f3n\",\"agencia de comunicaci\u00f3n corporativa\",\"Comunicaci\u00f3n RSC\",\"Comunicaci\u00f3n RSE\",\"consultora de comunicaci\u00f3n\",\"estrategia comunicaci\u00f3n RSC\",\"estrategia comunicaci\u00f3n RSE\",\"Proa Comunicaci\u00f3n\"],\"articleSection\":[\"Noticias\"],\"inLanguage\":\"en-GB\"},{\"@type\":\"WebPage\",\"@id\":\"https:\/\/proacomunicacion.es\/la-fundacion-alicia-koplowitz-entrega-cinco-becas-de-estancias-cortas-de-investigacion\/\",\"url\":\"https:\/\/proacomunicacion.es\/la-fundacion-alicia-koplowitz-entrega-cinco-becas-de-estancias-cortas-de-investigacion\/\",\"name\":\"La Fundaci\u00f3n Alicia Koplowitz entrega cinco becas de estancias cortas de investigaci\u00f3n - PROA Comunicaci\u00f3n\",\"isPartOf\":{\"@id\":\"https:\/\/proacomunicacion.es\/#website\"},\"primaryImageOfPage\":{\"@id\":\"https:\/\/proacomunicacion.es\/la-fundacion-alicia-koplowitz-entrega-cinco-becas-de-estancias-cortas-de-investigacion\/#primaryimage\"},\"image\":{\"@id\":\"https:\/\/proacomunicacion.es\/la-fundacion-alicia-koplowitz-entrega-cinco-becas-de-estancias-cortas-de-investigacion\/#primaryimage\"},\"thumbnailUrl\":\"\",\"datePublished\":\"2018-06-13T14:46:33+00:00\",\"breadcrumb\":{\"@id\":\"https:\/\/proacomunicacion.es\/la-fundacion-alicia-koplowitz-entrega-cinco-becas-de-estancias-cortas-de-investigacion\/#breadcrumb\"},\"inLanguage\":\"en-GB\",\"potentialAction\":[{\"@type\":\"ReadAction\",\"target\":[\"https:\/\/proacomunicacion.es\/la-fundacion-alicia-koplowitz-entrega-cinco-becas-de-estancias-cortas-de-investigacion\/\"]}]},{\"@type\":\"ImageObject\",\"inLanguage\":\"en-GB\",\"@id\":\"https:\/\/proacomunicacion.es\/la-fundacion-alicia-koplowitz-entrega-cinco-becas-de-estancias-cortas-de-investigacion\/#primaryimage\",\"url\":\"\",\"contentUrl\":\"\"},{\"@type\":\"BreadcrumbList\",\"@id\":\"https:\/\/proacomunicacion.es\/la-fundacion-alicia-koplowitz-entrega-cinco-becas-de-estancias-cortas-de-investigacion\/#breadcrumb\",\"itemListElement\":[{\"@type\":\"ListItem\",\"position\":1,\"name\":\"Portada\",\"item\":\"https:\/\/proacomunicacion.es\/\"},{\"@type\":\"ListItem\",\"position\":2,\"name\":\"La Fundaci\u00f3n Alicia Koplowitz entrega cinco becas de estancias cortas de investigaci\u00f3n\"}]},{\"@type\":\"WebSite\",\"@id\":\"https:\/\/proacomunicacion.es\/#website\",\"url\":\"https:\/\/proacomunicacion.es\/\",\"name\":\"PROA Comunicaci\u00f3n\",\"description\":\"Agencia de Comunicaci\u00f3n Corporativa en Madrid, Barcelona y Galicia.\",\"publisher\":{\"@id\":\"https:\/\/proacomunicacion.es\/#organization\"},\"alternateName\":\"PROA Comunicaci\u00f3n\",\"potentialAction\":[{\"@type\":\"SearchAction\",\"target\":{\"@type\":\"EntryPoint\",\"urlTemplate\":\"https:\/\/proacomunicacion.es\/?s={search_term_string}\"},\"query-input\":{\"@type\":\"PropertyValueSpecification\",\"valueRequired\":true,\"valueName\":\"search_term_string\"}}],\"inLanguage\":\"en-GB\"},{\"@type\":\"Organization\",\"@id\":\"https:\/\/proacomunicacion.es\/#organization\",\"name\":\"PROA Comunicaci\u00f3n\",\"alternateName\":\"PROA Comunicaci\u00f3n\",\"url\":\"https:\/\/proacomunicacion.es\/\",\"logo\":{\"@type\":\"ImageObject\",\"inLanguage\":\"en-GB\",\"@id\":\"https:\/\/proacomunicacion.es\/#\/schema\/logo\/image\/\",\"url\":\"https:\/\/proacomunicacion.es\/wp-content\/uploads\/2024\/01\/Logo_Light.svg\",\"contentUrl\":\"https:\/\/proacomunicacion.es\/wp-content\/uploads\/2024\/01\/Logo_Light.svg\",\"width\":136,\"height\":33,\"caption\":\"PROA Comunicaci\u00f3n\"},\"image\":{\"@id\":\"https:\/\/proacomunicacion.es\/#\/schema\/logo\/image\/\"},\"sameAs\":[\"https:\/\/x.com\/proacomunica\",\"https:\/\/es.linkedin.com\/company\/proa-comunicacion_2\",\"https:\/\/www.instagram.com\/proacomunica\/\",\"https:\/\/www.youtube.com\/@proacomunicacion\",\"https:\/\/es.wikipedia.org\/wiki\/PROA_Comunicacin\"]},{\"@type\":\"Person\",\"@id\":\"https:\/\/proacomunicacion.es\/#\/schema\/person\/f80dc8938ea94e7f8aa1e8dc716d5a60\",\"name\":\"PROA Comunicaci\u00f3n\",\"image\":{\"@type\":\"ImageObject\",\"inLanguage\":\"en-GB\",\"@id\":\"https:\/\/proacomunicacion.es\/#\/schema\/person\/image\/\",\"url\":\"https:\/\/secure.gravatar.com\/avatar\/394c93c195ff19b00e79d66a42971657a01de9f2740b97148d0f14a1e1a359b7?s=96&r=g\",\"contentUrl\":\"https:\/\/secure.gravatar.com\/avatar\/394c93c195ff19b00e79d66a42971657a01de9f2740b97148d0f14a1e1a359b7?s=96&r=g\",\"caption\":\"PROA Comunicaci\u00f3n\"}}]}<\/script>\n<!-- \/ Yoast SEO plugin. -->","yoast_head_json":{"title":"The Alicia Koplowitz Foundation awards five grants for short research stays - PROA Comunicaci\u00f3n","robots":{"index":"index","follow":"follow","max-snippet":"max-snippet:-1","max-image-preview":"max-image-preview:large","max-video-preview":"max-video-preview:-1"},"canonical":"https:\/\/proacomunicacion.es\/en\/the-alicia-koplowitz-foundation-awards-five-short-stay-research-grants\/","og_locale":"en_GB","og_type":"article","og_title":"La Fundaci\u00f3n Alicia Koplowitz entrega cinco becas de estancias cortas de investigaci\u00f3n - PROA Comunicaci\u00f3n","og_description":"La Fundaci\u00f3n Alicia Koplowitz ha concedido cinco becas de estancias cortas de especializaci\u00f3n e investigaci\u00f3n en Psiquiatr\u00eda, Psicolog\u00eda o Neurociencias del Ni\u00f1o y el Adolescente y en Neuropediatr\u00eda en su convocatoria del a\u00f1o 2018. Los becados realizar\u00e1n su especializaci\u00f3n durante entre seis y doce meses en universidades y hospitales de Estados Unidos, Reino Unido y [&hellip;]","og_url":"https:\/\/proacomunicacion.es\/en\/the-alicia-koplowitz-foundation-awards-five-short-stay-research-grants\/","og_site_name":"PROA Comunicaci\u00f3n","article_published_time":"2018-06-13T14:46:33+00:00","og_image":[{"width":2560,"height":1414,"url":"https:\/\/proacomunicacion.es\/wp-content\/uploads\/2025\/08\/Firefly_radio-de-barco-scaled.jpg","type":"image\/jpeg"}],"author":"PROA Comunicaci\u00f3n","twitter_card":"summary_large_image","twitter_creator":"@proacomunica","twitter_site":"@proacomunica","twitter_misc":{"Written by":"PROA Comunicaci\u00f3n","Estimated reading time":"3 minutes"},"schema":{"@context":"https:\/\/schema.org","@graph":[{"@type":"Article","@id":"https:\/\/proacomunicacion.es\/la-fundacion-alicia-koplowitz-entrega-cinco-becas-de-estancias-cortas-de-investigacion\/#article","isPartOf":{"@id":"https:\/\/proacomunicacion.es\/la-fundacion-alicia-koplowitz-entrega-cinco-becas-de-estancias-cortas-de-investigacion\/"},"author":{"name":"PROA Comunicaci\u00f3n","@id":"https:\/\/proacomunicacion.es\/#\/schema\/person\/f80dc8938ea94e7f8aa1e8dc716d5a60"},"headline":"La Fundaci\u00f3n Alicia Koplowitz entrega cinco becas de estancias cortas de investigaci\u00f3n","datePublished":"2018-06-13T14:46:33+00:00","mainEntityOfPage":{"@id":"https:\/\/proacomunicacion.es\/la-fundacion-alicia-koplowitz-entrega-cinco-becas-de-estancias-cortas-de-investigacion\/"},"wordCount":559,"publisher":{"@id":"https:\/\/proacomunicacion.es\/#organization"},"image":{"@id":"https:\/\/proacomunicacion.es\/la-fundacion-alicia-koplowitz-entrega-cinco-becas-de-estancias-cortas-de-investigacion\/#primaryimage"},"thumbnailUrl":"","keywords":["agencia comunicaci\u00f3n empresarial","agencia de comunicaci\u00f3n","agencia de comunicaci\u00f3n corporativa","Comunicaci\u00f3n RSC","Comunicaci\u00f3n RSE","consultora de comunicaci\u00f3n","estrategia comunicaci\u00f3n RSC","estrategia comunicaci\u00f3n RSE","Proa Comunicaci\u00f3n"],"articleSection":["Noticias"],"inLanguage":"en-GB"},{"@type":"WebPage","@id":"https:\/\/proacomunicacion.es\/la-fundacion-alicia-koplowitz-entrega-cinco-becas-de-estancias-cortas-de-investigacion\/","url":"https:\/\/proacomunicacion.es\/la-fundacion-alicia-koplowitz-entrega-cinco-becas-de-estancias-cortas-de-investigacion\/","name":"The Alicia Koplowitz Foundation awards five grants for short research stays - PROA Comunicaci\u00f3n","isPartOf":{"@id":"https:\/\/proacomunicacion.es\/#website"},"primaryImageOfPage":{"@id":"https:\/\/proacomunicacion.es\/la-fundacion-alicia-koplowitz-entrega-cinco-becas-de-estancias-cortas-de-investigacion\/#primaryimage"},"image":{"@id":"https:\/\/proacomunicacion.es\/la-fundacion-alicia-koplowitz-entrega-cinco-becas-de-estancias-cortas-de-investigacion\/#primaryimage"},"thumbnailUrl":"","datePublished":"2018-06-13T14:46:33+00:00","breadcrumb":{"@id":"https:\/\/proacomunicacion.es\/la-fundacion-alicia-koplowitz-entrega-cinco-becas-de-estancias-cortas-de-investigacion\/#breadcrumb"},"inLanguage":"en-GB","potentialAction":[{"@type":"ReadAction","target":["https:\/\/proacomunicacion.es\/la-fundacion-alicia-koplowitz-entrega-cinco-becas-de-estancias-cortas-de-investigacion\/"]}]},{"@type":"ImageObject","inLanguage":"en-GB","@id":"https:\/\/proacomunicacion.es\/la-fundacion-alicia-koplowitz-entrega-cinco-becas-de-estancias-cortas-de-investigacion\/#primaryimage","url":"","contentUrl":""},{"@type":"BreadcrumbList","@id":"https:\/\/proacomunicacion.es\/la-fundacion-alicia-koplowitz-entrega-cinco-becas-de-estancias-cortas-de-investigacion\/#breadcrumb","itemListElement":[{"@type":"ListItem","position":1,"name":"Portada","item":"https:\/\/proacomunicacion.es\/"},{"@type":"ListItem","position":2,"name":"La Fundaci\u00f3n Alicia Koplowitz entrega cinco becas de estancias cortas de investigaci\u00f3n"}]},{"@type":"WebSite","@id":"https:\/\/proacomunicacion.es\/#website","url":"https:\/\/proacomunicacion.es\/","name":"PROA Communication","description":"Corporate Communications Agency in Madrid, Barcelona and Galicia.","publisher":{"@id":"https:\/\/proacomunicacion.es\/#organization"},"alternateName":"PROA Comunicaci\u00f3n","potentialAction":[{"@type":"SearchAction","target":{"@type":"EntryPoint","urlTemplate":"https:\/\/proacomunicacion.es\/?s={search_term_string}"},"query-input":{"@type":"PropertyValueSpecification","valueRequired":true,"valueName":"search_term_string"}}],"inLanguage":"en-GB"},{"@type":"Organization","@id":"https:\/\/proacomunicacion.es\/#organization","name":"PROA Communication","alternateName":"PROA Comunicaci\u00f3n","url":"https:\/\/proacomunicacion.es\/","logo":{"@type":"ImageObject","inLanguage":"en-GB","@id":"https:\/\/proacomunicacion.es\/#\/schema\/logo\/image\/","url":"https:\/\/proacomunicacion.es\/wp-content\/uploads\/2024\/01\/Logo_Light.svg","contentUrl":"https:\/\/proacomunicacion.es\/wp-content\/uploads\/2024\/01\/Logo_Light.svg","width":136,"height":33,"caption":"PROA Comunicaci\u00f3n"},"image":{"@id":"https:\/\/proacomunicacion.es\/#\/schema\/logo\/image\/"},"sameAs":["https:\/\/x.com\/proacomunica","https:\/\/es.linkedin.com\/company\/proa-comunicacion_2","https:\/\/www.instagram.com\/proacomunica\/","https:\/\/www.youtube.com\/@proacomunicacion","https:\/\/es.wikipedia.org\/wiki\/PROA_Comunicacin"]},{"@type":"Person","@id":"https:\/\/proacomunicacion.es\/#\/schema\/person\/f80dc8938ea94e7f8aa1e8dc716d5a60","name":"PROA Communication","image":{"@type":"ImageObject","inLanguage":"en-GB","@id":"https:\/\/proacomunicacion.es\/#\/schema\/person\/image\/","url":"https:\/\/secure.gravatar.com\/avatar\/394c93c195ff19b00e79d66a42971657a01de9f2740b97148d0f14a1e1a359b7?s=96&r=g","contentUrl":"https:\/\/secure.gravatar.com\/avatar\/394c93c195ff19b00e79d66a42971657a01de9f2740b97148d0f14a1e1a359b7?s=96&r=g","caption":"PROA Comunicaci\u00f3n"}}]}},"_links":{"self":[{"href":"https:\/\/proacomunicacion.es\/en\/wp-json\/wp\/v2\/posts\/9017","targetHints":{"allow":["GET"]}}],"collection":[{"href":"https:\/\/proacomunicacion.es\/en\/wp-json\/wp\/v2\/posts"}],"about":[{"href":"https:\/\/proacomunicacion.es\/en\/wp-json\/wp\/v2\/types\/post"}],"author":[{"embeddable":true,"href":"https:\/\/proacomunicacion.es\/en\/wp-json\/wp\/v2\/users\/28"}],"replies":[{"embeddable":true,"href":"https:\/\/proacomunicacion.es\/en\/wp-json\/wp\/v2\/comments?post=9017"}],"version-history":[{"count":0,"href":"https:\/\/proacomunicacion.es\/en\/wp-json\/wp\/v2\/posts\/9017\/revisions"}],"wp:featuredmedia":[{"embeddable":true,"href":"https:\/\/proacomunicacion.es\/en\/wp-json\/"}],"wp:attachment":[{"href":"https:\/\/proacomunicacion.es\/en\/wp-json\/wp\/v2\/media?parent=9017"}],"wp:term":[{"taxonomy":"category","embeddable":true,"href":"https:\/\/proacomunicacion.es\/en\/wp-json\/wp\/v2\/categories?post=9017"},{"taxonomy":"post_tag","embeddable":true,"href":"https:\/\/proacomunicacion.es\/en\/wp-json\/wp\/v2\/tags?post=9017"}],"curies":[{"name":"wp","href":"https:\/\/api.w.org\/{rel}","templated":true}]}}