{"id":9061,"date":"2018-06-19T18:27:59","date_gmt":"2018-06-19T16:27:59","guid":{"rendered":"http:\/\/proacomunicacion.es\/?p=9061"},"modified":"2018-06-19T18:27:59","modified_gmt":"2018-06-19T16:27:59","slug":"the-vanity-fair-breakfast-with-inaki-gabilondo","status":"publish","type":"post","link":"https:\/\/proacomunicacion.es\/en\/the-vanity-fair-breakfast-with-inaki-gabilondo\/","title":{"rendered":"The Vanity Fair breakfast with I\u00f1aki Gabilondo"},"content":{"rendered":"<p>Last Wednesday, June 13th, Vanity Fair, advised by Proa Comunicaci\u00f3n, celebrated a #VF Breakfast at the Orfila Hotel with I\u00f1aki Gabilondo and the Director of Vanity Fair, Alberto Moreno. The occasion celebrated the presentation of the <strong>II INTERNATIONAL VANITY FAIR JOURNALISM AWARD<\/strong> to the prestigious journalist.<\/p>\n<p>During breakfast, a tribute to journalism, in addition to calling for the immediate dismissal of the current Minister of Culture and Sport, Gabilondo reviewed a variety of current issues such as:<\/p>\n<ul>\n<li><strong>Women in journalism: \"<\/strong>Women are the most dynamic group in society\". The journalist believes that <strong>\"<\/strong>we will remain in prehistory as long as we do not resolve key issues in the feminist struggle such as conciliation\".<\/li>\n<li><strong>The future of the news company:<\/strong> \"I believe that journalism needs to invest and spend, but only by paying can journalism be first class. Free everything is a touching illusion, but it's completely impossible\".<\/li>\n<li><strong>The Lopetegui case<\/strong>to which he expressed his surprise: \"the Lopetegui case has all the ingredients of madness\".<\/li>\n<li><strong>The current political situation:<\/strong> \"tax fraud cannot be considered a problem of the past.\" In addition, he recalled that this argument was also used in the past with GAL.<\/li>\n<li><strong>The Royal House:<\/strong>\u00a0\"Some called Philip VI a radical because of the firewall he established with his sister, but it has been proven that his actions were intelligent.\"<\/li>\n<li>Even his current \"true curiosity in the context of the extraordinary effervescence of the world in which we live, is in constant change\". He also stressed the need for research and resources to be devoted to education.<\/li>\n<\/ul>\n<p>I\u00f1aki Gabilondo, the favourite voice of the Spanish people for decades, received the award from Vanity Fair in recognition of his successful and professional career, a reference for several generations of journalists.<\/p>\n<p>During his professional career, it is worth noting that his radio and television programs have enjoyed large audiences, marking a milestone with the radio program <em>Hoy por Hoy<\/em>a leader for almost 20 years. Through these, he has consistently conveyed the restraint and reflection that have always characterized his journalism, acting as a backbone and integrator of all voices.<\/p>\n<p>He is the protagonist of three books: <em>Witness to History\u00a0<\/em> (a selection of interviews), <em>The truth is a truism\u00a0<\/em> (a review of the politics of the moment) and <em>The End of an Era\u00a0<\/em> (a book that analyses the threats and pinnacles of journalism). He has received and continues to receive numerous awards, including four Doctor Honoris Causa degrees in Madrid, Valencia, L\u00e9rida and Burgos. A list to which we add our recognition to the man who modernized Spain with a radio, where his indispensable voice always treated as equal to that of his guests, whether they were ordinary citizens or political leaders.<\/p>\n<p><strong>Award Ceremony<\/strong><\/p>\n<p>The award ceremony took place during a dinner held June 12 at the Hotel Santo Mauro, in collaboration with Johnnie Walker Blue Label.<\/p>\n<p><strong><em>Attended by:<\/em><\/strong><\/p>\n<p><em>\u00c1ngel Garrido, president of the Community of Madrid; Miguel \u00c1ngel Oliver, Secretary of State for Communication, Jaime de los Santos, Councilor for Culture, Tourism and Sports of the Community of Madrid, \u00c1ngel Gabilondo, Spokesperson for the PSOE in the Assembly, Ignacio Aguado Spokesperson for Citizens in the Assembly, Bego\u00f1a Villacis, Councilor for Citizens, Andrea Levy, Deputy Secretary of Studies and Programs of the PP; the designer Agatha Ruiz de la Prada with Luis Miguel Rodriguez; the journalists Luis del Olmo, Maria Guerra, Daniel Gavela, Sandra Barneda, David Jimenez; the Hon. Marquis of San Vicente del Barco, Fernando Martinez de Irujo, also representatives of the film industry such as producer Fernando Bovaira and director David Trueba, among others.<\/em><\/p>\n<p><strong><em>Photography:<\/em><\/strong><\/p>\n<p><em>Leticia D\u00edaz and Elena Olay.<\/em><\/p>\n<p><strong><em>\u00a0<\/em><\/strong><\/p>","protected":false},"excerpt":{"rendered":"<p>Last Wednesday, June 13th, Vanity Fair, advised by Proa Comunicaci\u00f3n, celebrated a #VF Breakfast at the Orfila Hotel with I\u00f1aki Gabilondo and the Director of Vanity Fair, Alberto Moreno. The occasion celebrated the presentation of the II INTERNATIONAL VANITY FAIR JOURNALISM AWARD to the prestigious journalist. During breakfast, a tribute to journalism, in addition to [&hellip;]<\/p>\n","protected":false},"author":28,"featured_media":9062,"comment_status":"closed","ping_status":"closed","sticky":false,"template":"","format":"standard","meta":{"footnotes":""},"categories":[1],"tags":[],"class_list":["post-9061","post","type-post","status-publish","format-standard","has-post-thumbnail","hentry","category-actualidad-proa"],"yoast_head":"<!-- This site is optimized with the Yoast SEO plugin v27.0 - https:\/\/yoast.com\/product\/yoast-seo-wordpress\/ -->\n<title>The Vanity Fair breakfast with I\u00f1aki Gabilondo - PROA Comunicaci\u00f3n<\/title>\n<meta name=\"robots\" content=\"index, follow, max-snippet:-1, max-image-preview:large, max-video-preview:-1\" \/>\n<link rel=\"canonical\" href=\"https:\/\/proacomunicacion.es\/en\/the-vanity-fair-breakfast-with-inaki-gabilondo\/\" \/>\n<meta property=\"og:locale\" content=\"en_GB\" \/>\n<meta property=\"og:type\" content=\"article\" \/>\n<meta property=\"og:title\" content=\"The Vanity Fair breakfast with I\u00f1aki Gabilondo - PROA Comunicaci\u00f3n\" \/>\n<meta property=\"og:description\" content=\"Last Wednesday, June 13th, Vanity Fair, advised by Proa Comunicaci\u00f3n, celebrated a #VF Breakfast at the Orfila Hotel with I\u00f1aki Gabilondo and the Director of Vanity Fair, Alberto Moreno. The occasion celebrated the presentation of the II INTERNATIONAL VANITY FAIR JOURNALISM AWARD to the prestigious journalist. During breakfast, a tribute to journalism, in addition to [&hellip;]\" \/>\n<meta property=\"og:url\" content=\"https:\/\/proacomunicacion.es\/en\/the-vanity-fair-breakfast-with-inaki-gabilondo\/\" \/>\n<meta property=\"og:site_name\" content=\"PROA Comunicaci\u00f3n\" \/>\n<meta property=\"article:published_time\" content=\"2018-06-19T16:27:59+00:00\" \/>\n<meta property=\"og:image\" content=\"https:\/\/proacomunicacion.es\/wp-content\/uploads\/2025\/08\/Firefly_radio-de-barco-scaled.jpg\" \/>\n\t<meta property=\"og:image:width\" content=\"2560\" \/>\n\t<meta property=\"og:image:height\" content=\"1414\" \/>\n\t<meta property=\"og:image:type\" content=\"image\/jpeg\" \/>\n<meta name=\"author\" content=\"PROA Comunicaci\u00f3n\" \/>\n<meta name=\"twitter:card\" content=\"summary_large_image\" \/>\n<meta name=\"twitter:creator\" content=\"@proacomunica\" \/>\n<meta name=\"twitter:site\" content=\"@proacomunica\" \/>\n<meta name=\"twitter:label1\" content=\"Written by\" \/>\n\t<meta name=\"twitter:data1\" content=\"PROA Comunicaci\u00f3n\" \/>\n\t<meta name=\"twitter:label2\" content=\"Estimated reading time\" \/>\n\t<meta name=\"twitter:data2\" content=\"3 minutes\" \/>\n<script type=\"application\/ld+json\" class=\"yoast-schema-graph\">{\"@context\":\"https:\/\/schema.org\",\"@graph\":[{\"@type\":\"Article\",\"@id\":\"https:\/\/proacomunicacion.es\/the-vanity-fair-breakfast-with-inaki-gabilondo\/#article\",\"isPartOf\":{\"@id\":\"https:\/\/proacomunicacion.es\/the-vanity-fair-breakfast-with-inaki-gabilondo\/\"},\"author\":{\"name\":\"PROA Comunicaci\u00f3n\",\"@id\":\"https:\/\/proacomunicacion.es\/#\/schema\/person\/f80dc8938ea94e7f8aa1e8dc716d5a60\"},\"headline\":\"The Vanity Fair breakfast with I\u00f1aki Gabilondo\",\"datePublished\":\"2018-06-19T16:27:59+00:00\",\"mainEntityOfPage\":{\"@id\":\"https:\/\/proacomunicacion.es\/the-vanity-fair-breakfast-with-inaki-gabilondo\/\"},\"wordCount\":615,\"publisher\":{\"@id\":\"https:\/\/proacomunicacion.es\/#organization\"},\"image\":{\"@id\":\"https:\/\/proacomunicacion.es\/the-vanity-fair-breakfast-with-inaki-gabilondo\/#primaryimage\"},\"thumbnailUrl\":\"\",\"articleSection\":[\"Actualidad\"],\"inLanguage\":\"en-GB\"},{\"@type\":\"WebPage\",\"@id\":\"https:\/\/proacomunicacion.es\/the-vanity-fair-breakfast-with-inaki-gabilondo\/\",\"url\":\"https:\/\/proacomunicacion.es\/the-vanity-fair-breakfast-with-inaki-gabilondo\/\",\"name\":\"The Vanity Fair breakfast with I\u00f1aki Gabilondo - PROA Comunicaci\u00f3n\",\"isPartOf\":{\"@id\":\"https:\/\/proacomunicacion.es\/#website\"},\"primaryImageOfPage\":{\"@id\":\"https:\/\/proacomunicacion.es\/the-vanity-fair-breakfast-with-inaki-gabilondo\/#primaryimage\"},\"image\":{\"@id\":\"https:\/\/proacomunicacion.es\/the-vanity-fair-breakfast-with-inaki-gabilondo\/#primaryimage\"},\"thumbnailUrl\":\"\",\"datePublished\":\"2018-06-19T16:27:59+00:00\",\"breadcrumb\":{\"@id\":\"https:\/\/proacomunicacion.es\/the-vanity-fair-breakfast-with-inaki-gabilondo\/#breadcrumb\"},\"inLanguage\":\"en-GB\",\"potentialAction\":[{\"@type\":\"ReadAction\",\"target\":[\"https:\/\/proacomunicacion.es\/the-vanity-fair-breakfast-with-inaki-gabilondo\/\"]}]},{\"@type\":\"ImageObject\",\"inLanguage\":\"en-GB\",\"@id\":\"https:\/\/proacomunicacion.es\/the-vanity-fair-breakfast-with-inaki-gabilondo\/#primaryimage\",\"url\":\"\",\"contentUrl\":\"\"},{\"@type\":\"BreadcrumbList\",\"@id\":\"https:\/\/proacomunicacion.es\/the-vanity-fair-breakfast-with-inaki-gabilondo\/#breadcrumb\",\"itemListElement\":[{\"@type\":\"ListItem\",\"position\":1,\"name\":\"Portada\",\"item\":\"https:\/\/proacomunicacion.es\/\"},{\"@type\":\"ListItem\",\"position\":2,\"name\":\"The Vanity Fair breakfast with I\u00f1aki Gabilondo\"}]},{\"@type\":\"WebSite\",\"@id\":\"https:\/\/proacomunicacion.es\/#website\",\"url\":\"https:\/\/proacomunicacion.es\/\",\"name\":\"PROA Comunicaci\u00f3n\",\"description\":\"Agencia de Comunicaci\u00f3n Corporativa en Madrid, Barcelona y Galicia.\",\"publisher\":{\"@id\":\"https:\/\/proacomunicacion.es\/#organization\"},\"alternateName\":\"PROA Comunicaci\u00f3n\",\"potentialAction\":[{\"@type\":\"SearchAction\",\"target\":{\"@type\":\"EntryPoint\",\"urlTemplate\":\"https:\/\/proacomunicacion.es\/?s={search_term_string}\"},\"query-input\":{\"@type\":\"PropertyValueSpecification\",\"valueRequired\":true,\"valueName\":\"search_term_string\"}}],\"inLanguage\":\"en-GB\"},{\"@type\":\"Organization\",\"@id\":\"https:\/\/proacomunicacion.es\/#organization\",\"name\":\"PROA Comunicaci\u00f3n\",\"alternateName\":\"PROA Comunicaci\u00f3n\",\"url\":\"https:\/\/proacomunicacion.es\/\",\"logo\":{\"@type\":\"ImageObject\",\"inLanguage\":\"en-GB\",\"@id\":\"https:\/\/proacomunicacion.es\/#\/schema\/logo\/image\/\",\"url\":\"https:\/\/proacomunicacion.es\/wp-content\/uploads\/2024\/01\/Logo_Light.svg\",\"contentUrl\":\"https:\/\/proacomunicacion.es\/wp-content\/uploads\/2024\/01\/Logo_Light.svg\",\"width\":136,\"height\":33,\"caption\":\"PROA Comunicaci\u00f3n\"},\"image\":{\"@id\":\"https:\/\/proacomunicacion.es\/#\/schema\/logo\/image\/\"},\"sameAs\":[\"https:\/\/x.com\/proacomunica\",\"https:\/\/es.linkedin.com\/company\/proa-comunicacion_2\",\"https:\/\/www.instagram.com\/proacomunica\/\",\"https:\/\/www.youtube.com\/@proacomunicacion\",\"https:\/\/es.wikipedia.org\/wiki\/PROA_Comunicacin\"]},{\"@type\":\"Person\",\"@id\":\"https:\/\/proacomunicacion.es\/#\/schema\/person\/f80dc8938ea94e7f8aa1e8dc716d5a60\",\"name\":\"PROA Comunicaci\u00f3n\",\"image\":{\"@type\":\"ImageObject\",\"inLanguage\":\"en-GB\",\"@id\":\"https:\/\/proacomunicacion.es\/#\/schema\/person\/image\/\",\"url\":\"https:\/\/secure.gravatar.com\/avatar\/394c93c195ff19b00e79d66a42971657a01de9f2740b97148d0f14a1e1a359b7?s=96&r=g\",\"contentUrl\":\"https:\/\/secure.gravatar.com\/avatar\/394c93c195ff19b00e79d66a42971657a01de9f2740b97148d0f14a1e1a359b7?s=96&r=g\",\"caption\":\"PROA Comunicaci\u00f3n\"}}]}<\/script>\n<!-- \/ Yoast SEO plugin. -->","yoast_head_json":{"title":"The Vanity Fair breakfast with I\u00f1aki Gabilondo - PROA Comunicaci\u00f3n","robots":{"index":"index","follow":"follow","max-snippet":"max-snippet:-1","max-image-preview":"max-image-preview:large","max-video-preview":"max-video-preview:-1"},"canonical":"https:\/\/proacomunicacion.es\/en\/the-vanity-fair-breakfast-with-inaki-gabilondo\/","og_locale":"en_GB","og_type":"article","og_title":"The Vanity Fair breakfast with I\u00f1aki Gabilondo - PROA Comunicaci\u00f3n","og_description":"Last Wednesday, June 13th, Vanity Fair, advised by Proa Comunicaci\u00f3n, celebrated a #VF Breakfast at the Orfila Hotel with I\u00f1aki Gabilondo and the Director of Vanity Fair, Alberto Moreno. The occasion celebrated the presentation of the II INTERNATIONAL VANITY FAIR JOURNALISM AWARD to the prestigious journalist. During breakfast, a tribute to journalism, in addition to [&hellip;]","og_url":"https:\/\/proacomunicacion.es\/en\/the-vanity-fair-breakfast-with-inaki-gabilondo\/","og_site_name":"PROA Comunicaci\u00f3n","article_published_time":"2018-06-19T16:27:59+00:00","og_image":[{"width":2560,"height":1414,"url":"https:\/\/proacomunicacion.es\/wp-content\/uploads\/2025\/08\/Firefly_radio-de-barco-scaled.jpg","type":"image\/jpeg"}],"author":"PROA Comunicaci\u00f3n","twitter_card":"summary_large_image","twitter_creator":"@proacomunica","twitter_site":"@proacomunica","twitter_misc":{"Written by":"PROA Comunicaci\u00f3n","Estimated reading time":"3 minutes"},"schema":{"@context":"https:\/\/schema.org","@graph":[{"@type":"Article","@id":"https:\/\/proacomunicacion.es\/the-vanity-fair-breakfast-with-inaki-gabilondo\/#article","isPartOf":{"@id":"https:\/\/proacomunicacion.es\/the-vanity-fair-breakfast-with-inaki-gabilondo\/"},"author":{"name":"PROA Comunicaci\u00f3n","@id":"https:\/\/proacomunicacion.es\/#\/schema\/person\/f80dc8938ea94e7f8aa1e8dc716d5a60"},"headline":"The Vanity Fair breakfast with I\u00f1aki Gabilondo","datePublished":"2018-06-19T16:27:59+00:00","mainEntityOfPage":{"@id":"https:\/\/proacomunicacion.es\/the-vanity-fair-breakfast-with-inaki-gabilondo\/"},"wordCount":615,"publisher":{"@id":"https:\/\/proacomunicacion.es\/#organization"},"image":{"@id":"https:\/\/proacomunicacion.es\/the-vanity-fair-breakfast-with-inaki-gabilondo\/#primaryimage"},"thumbnailUrl":"","articleSection":["Actualidad"],"inLanguage":"en-GB"},{"@type":"WebPage","@id":"https:\/\/proacomunicacion.es\/the-vanity-fair-breakfast-with-inaki-gabilondo\/","url":"https:\/\/proacomunicacion.es\/the-vanity-fair-breakfast-with-inaki-gabilondo\/","name":"The Vanity Fair breakfast with I\u00f1aki Gabilondo - PROA Comunicaci\u00f3n","isPartOf":{"@id":"https:\/\/proacomunicacion.es\/#website"},"primaryImageOfPage":{"@id":"https:\/\/proacomunicacion.es\/the-vanity-fair-breakfast-with-inaki-gabilondo\/#primaryimage"},"image":{"@id":"https:\/\/proacomunicacion.es\/the-vanity-fair-breakfast-with-inaki-gabilondo\/#primaryimage"},"thumbnailUrl":"","datePublished":"2018-06-19T16:27:59+00:00","breadcrumb":{"@id":"https:\/\/proacomunicacion.es\/the-vanity-fair-breakfast-with-inaki-gabilondo\/#breadcrumb"},"inLanguage":"en-GB","potentialAction":[{"@type":"ReadAction","target":["https:\/\/proacomunicacion.es\/the-vanity-fair-breakfast-with-inaki-gabilondo\/"]}]},{"@type":"ImageObject","inLanguage":"en-GB","@id":"https:\/\/proacomunicacion.es\/the-vanity-fair-breakfast-with-inaki-gabilondo\/#primaryimage","url":"","contentUrl":""},{"@type":"BreadcrumbList","@id":"https:\/\/proacomunicacion.es\/the-vanity-fair-breakfast-with-inaki-gabilondo\/#breadcrumb","itemListElement":[{"@type":"ListItem","position":1,"name":"Portada","item":"https:\/\/proacomunicacion.es\/"},{"@type":"ListItem","position":2,"name":"The Vanity Fair breakfast with I\u00f1aki Gabilondo"}]},{"@type":"WebSite","@id":"https:\/\/proacomunicacion.es\/#website","url":"https:\/\/proacomunicacion.es\/","name":"PROA Communication","description":"Corporate Communications Agency in Madrid, Barcelona and Galicia.","publisher":{"@id":"https:\/\/proacomunicacion.es\/#organization"},"alternateName":"PROA Comunicaci\u00f3n","potentialAction":[{"@type":"SearchAction","target":{"@type":"EntryPoint","urlTemplate":"https:\/\/proacomunicacion.es\/?s={search_term_string}"},"query-input":{"@type":"PropertyValueSpecification","valueRequired":true,"valueName":"search_term_string"}}],"inLanguage":"en-GB"},{"@type":"Organization","@id":"https:\/\/proacomunicacion.es\/#organization","name":"PROA Communication","alternateName":"PROA Comunicaci\u00f3n","url":"https:\/\/proacomunicacion.es\/","logo":{"@type":"ImageObject","inLanguage":"en-GB","@id":"https:\/\/proacomunicacion.es\/#\/schema\/logo\/image\/","url":"https:\/\/proacomunicacion.es\/wp-content\/uploads\/2024\/01\/Logo_Light.svg","contentUrl":"https:\/\/proacomunicacion.es\/wp-content\/uploads\/2024\/01\/Logo_Light.svg","width":136,"height":33,"caption":"PROA Comunicaci\u00f3n"},"image":{"@id":"https:\/\/proacomunicacion.es\/#\/schema\/logo\/image\/"},"sameAs":["https:\/\/x.com\/proacomunica","https:\/\/es.linkedin.com\/company\/proa-comunicacion_2","https:\/\/www.instagram.com\/proacomunica\/","https:\/\/www.youtube.com\/@proacomunicacion","https:\/\/es.wikipedia.org\/wiki\/PROA_Comunicacin"]},{"@type":"Person","@id":"https:\/\/proacomunicacion.es\/#\/schema\/person\/f80dc8938ea94e7f8aa1e8dc716d5a60","name":"PROA Communication","image":{"@type":"ImageObject","inLanguage":"en-GB","@id":"https:\/\/proacomunicacion.es\/#\/schema\/person\/image\/","url":"https:\/\/secure.gravatar.com\/avatar\/394c93c195ff19b00e79d66a42971657a01de9f2740b97148d0f14a1e1a359b7?s=96&r=g","contentUrl":"https:\/\/secure.gravatar.com\/avatar\/394c93c195ff19b00e79d66a42971657a01de9f2740b97148d0f14a1e1a359b7?s=96&r=g","caption":"PROA Comunicaci\u00f3n"}}]}},"_links":{"self":[{"href":"https:\/\/proacomunicacion.es\/en\/wp-json\/wp\/v2\/posts\/9061","targetHints":{"allow":["GET"]}}],"collection":[{"href":"https:\/\/proacomunicacion.es\/en\/wp-json\/wp\/v2\/posts"}],"about":[{"href":"https:\/\/proacomunicacion.es\/en\/wp-json\/wp\/v2\/types\/post"}],"author":[{"embeddable":true,"href":"https:\/\/proacomunicacion.es\/en\/wp-json\/wp\/v2\/users\/28"}],"replies":[{"embeddable":true,"href":"https:\/\/proacomunicacion.es\/en\/wp-json\/wp\/v2\/comments?post=9061"}],"version-history":[{"count":0,"href":"https:\/\/proacomunicacion.es\/en\/wp-json\/wp\/v2\/posts\/9061\/revisions"}],"wp:featuredmedia":[{"embeddable":true,"href":"https:\/\/proacomunicacion.es\/en\/wp-json\/"}],"wp:attachment":[{"href":"https:\/\/proacomunicacion.es\/en\/wp-json\/wp\/v2\/media?parent=9061"}],"wp:term":[{"taxonomy":"category","embeddable":true,"href":"https:\/\/proacomunicacion.es\/en\/wp-json\/wp\/v2\/categories?post=9061"},{"taxonomy":"post_tag","embeddable":true,"href":"https:\/\/proacomunicacion.es\/en\/wp-json\/wp\/v2\/tags?post=9061"}],"curies":[{"name":"wp","href":"https:\/\/api.w.org\/{rel}","templated":true}]}}