{"id":9118,"date":"2018-07-04T11:26:11","date_gmt":"2018-07-04T09:26:11","guid":{"rendered":"http:\/\/proacomunicacion.es\/?p=9118"},"modified":"2018-07-04T11:26:11","modified_gmt":"2018-07-04T09:26:11","slug":"manuel-sala-director-general-of-ojd-participates-in-new-proa-communication-observatory","status":"publish","type":"post","link":"https:\/\/proacomunicacion.es\/en\/manuel-sala-director-general-de-ojd-participa-en-un-nuevo-observatorio-proa-de-la-comunicacion\/","title":{"rendered":"Manuel Sala, Managing Director of OJD, participates in a new PROA Communication Observatory"},"content":{"rendered":"<p style=\"text-align: justify;\">\"The audit of the media's broadcasting and audience is required by advertisers and quality content has to be paid for,\" he acknowledged. <strong>Manuel Sala, Director General of Informaci\u00f3n y Control de Publicaciones S.A. (OJD), at the PROA Communication Observatory<\/strong>The event was held at Degussa's headquarters. \"This is something that already works in other countries\", he added, while he was convinced that \"the means that make an attractive product will be profitable\".<\/p>\n<p style=\"text-align: justify;\">This was one of the premises he defended during his speech, in which he began by explaining what the OJD is and its areas of action, who its main shareholders are, what its objectives are, how it works, the reason for the need for reliable circulation and audience data, as well as explaining the situation in other countries. And, given that advertisers are the most interested in having correct and audited data on the media in which they are going to place their brands, he went into great detail on how advertising works. At this point, he alluded to a quote from the marketing pioneer <strong>John Wanamaker, \"Half of the money I spend on advertising is wasted; the problem is I don't know which half\".<\/strong>.<\/p>\n<p><iframe src=\"https:\/\/www.youtube.com\/embed\/7iOSo3iY9E4\" width=\"960\" height=\"515\" frameborder=\"0\" allowfullscreen=\"allowfullscreen\"><span data-mce-type=\"bookmark\" style=\"display: inline-block; width: 0px; overflow: hidden; line-height: 0;\" class=\"mce_SELRES_start\"><\/span><\/iframe><\/p>\n<p style=\"text-align: justify;\">In this regard, he noted that <strong>\"Any advertiser can rely on data with an OJD stamp\".<\/strong>The company is a private and independent company, founded in 1964, member of the IFABC (International Federation of Audit Bureaux of Circulations), which controls more than 450 titles and 370 websites, and whose shareholders include advertisers as well as advertising and media agencies. Its main objective is \"that any company or institution can trust the dissemination data offered to the market on the reliability and effectiveness of the media in Spain\", something it achieves by adapting to the market and its digital evolution and guaranteeing transparency in the sector.<\/p>\n<p style=\"text-align: justify;\">He emphasised the importance of the <strong>media planning<\/strong> By way of example, he showed a simple marketing plan from the 20th century, in which the only decisions to be made were how much of the investment was to be devoted to the press, how much to radio and how much to television. He compared this with the situation in the 21st century, in which, in the form of interconnected circles, in addition to the three classic media, the digital media (with advertising both in the press and on television) have a strong presence. <em>display as search<\/em>), social media and digital outdoor advertising. Today, he said, advertising \"requires media planning that is made more complex by the fragmentation of audiences and doubts about data from new digital media\".<\/p>\n<p><strong>Monthly reports<\/strong><\/p>\n<p style=\"text-align: justify;\">The OJD publishes its print and digital media reports monthly and certifications twice a year, and its director general takes its motto to extremes,<strong> OJD data you can trust'.<\/strong>. \"On occasion we have had to expel a client because they were buying traffic,\" he admitted. However, he also pointed out that this is not the norm and was optimistic that advertisers will increasingly give more importance to the codes of good practice of the media in which they insert their campaigns, \"because they have realised that it is safer for their brands and no advertiser wants to encourage the market to become muddied\". In this sense, he summarised that \"the advertiser holds the key to increasing the level of demand\".<\/p>\n<p style=\"text-align: justify;\">However, Manuel Sala pointed out that it is not possible to eradicate fraud one hundred percent, \"because it keeps reinventing itself\". But he considered that, with weapons such as artificial intelligence, which, just as it can be used to defraud, can also be used to combat crime, compliance with regulations (\"few, but that they are complied with\") and consensus about <strong>good practice<\/strong>The situation will improve.<\/p>\n<p style=\"text-align: justify;\">He focused on institutional advertising, which, in his opinion, should take special care to go \"to approved, serious media\", since the use of public resources should be based on objective criteria (audited data) and not in a discretionary manner, since <strong>\"the media are a basic pillar of democracy\".<\/strong>.<\/p>\n<p style=\"text-align: left;\">The lunch concluded with an interesting debate, in which the participants were interested in the control of audiences in all types of media, but especially in digital media and television, and in the forms of consumption of information and entertainment by the new generations.<\/p>\n<p><strong>PROA Communication Observatories<\/strong><\/p>\n<p style=\"text-align: justify;\">The Proa Observatories are stable discussion forums with the participation of prominent executives, politicians and professionals. They are born with the vocation of being a laboratory of ideas where a genuine dialogue is fostered to debate current business issues, as well as corporate reputation, brand and public affairs as important elements for the improvement of companies.<\/p>\n<p style=\"text-align: justify;\">Among the personalities who have participated in these meetings are the economist Manuel Conthe; the former Minister of Public Administration Jordi Sevilla; the former Minister of Education, Culture and Sport Jos\u00e9 Ignacio Wert; the writer and priest Pablo D'Ors; the Director of External Communication of Deloitte, Antonio Belmonte; the Director of Communication and Institutional Relations of El Corte Ingl\u00e9s, Jos\u00e9 Luis Gonz\u00e1lez-Besada, the High Commissioner for Marca Espa\u00f1a, Caros Espinosa de los Monteros, and the writer and journalist Pilar Urbano, among others.<\/p>","protected":false},"excerpt":{"rendered":"<p>\u201cLa auditor\u00eda de la difusi\u00f3n y audiencia de los medios es requerida por los anunciantes y los contenidos de calidad hay que pagarlos\u201d, reconoci\u00f3 Manuel Sala, director general de Informaci\u00f3n y Control de Publicaciones S.A. (OJD), en el Observatorio PROA de la Comunicaci\u00f3n, celebrado en la sede de Degussa. \u201cEso es algo que ya funciona [&hellip;]<\/p>\n","protected":false},"author":28,"featured_media":9119,"comment_status":"closed","ping_status":"closed","sticky":false,"template":"","format":"standard","meta":{"footnotes":""},"categories":[1],"tags":[621,3,4,5,6,622],"class_list":["post-9118","post","type-post","status-publish","format-standard","has-post-thumbnail","hentry","category-actualidad-proa","tag-manuel-sala-es","tag-observatorio-comunicacion-estrategica","tag-observatorio-proa","tag-observatorio-proa-comunicacion","tag-observatorio-reputacion-corporativa","tag-ojd-es"],"yoast_head":"<!-- This site is optimized with the Yoast SEO plugin v27.0 - https:\/\/yoast.com\/product\/yoast-seo-wordpress\/ -->\n<title>Manuel Sala, director general de OJD, participa en un nuevo Observatorio PROA de la Comunicaci\u00f3n - Blog Comunicaci\u00f3n y Reputaci\u00f3n<\/title>\n<meta name=\"robots\" content=\"index, follow, max-snippet:-1, max-image-preview:large, max-video-preview:-1\" \/>\n<link rel=\"canonical\" href=\"https:\/\/proacomunicacion.es\/en\/manuel-sala-director-general-of-ojd-participates-in-new-proa-communication-observatory\/\" \/>\n<meta property=\"og:locale\" content=\"en_GB\" \/>\n<meta property=\"og:type\" content=\"article\" \/>\n<meta property=\"og:title\" content=\"Manuel Sala, director general de OJD, participa en un nuevo Observatorio PROA de la Comunicaci\u00f3n - Blog Comunicaci\u00f3n y Reputaci\u00f3n\" \/>\n<meta property=\"og:description\" content=\"\u201cLa auditor\u00eda de la difusi\u00f3n y audiencia de los medios es requerida por los anunciantes y los contenidos de calidad hay que pagarlos\u201d, reconoci\u00f3 Manuel Sala, director general de Informaci\u00f3n y Control de Publicaciones S.A. (OJD), en el Observatorio PROA de la Comunicaci\u00f3n, celebrado en la sede de Degussa. \u201cEso es algo que ya funciona [&hellip;]\" \/>\n<meta property=\"og:url\" content=\"https:\/\/proacomunicacion.es\/en\/manuel-sala-director-general-of-ojd-participates-in-new-proa-communication-observatory\/\" \/>\n<meta property=\"og:site_name\" content=\"PROA Comunicaci\u00f3n\" \/>\n<meta property=\"article:published_time\" content=\"2018-07-04T09:26:11+00:00\" \/>\n<meta property=\"og:image\" content=\"https:\/\/proacomunicacion.es\/wp-content\/uploads\/2025\/08\/Firefly_radio-de-barco-scaled.jpg\" \/>\n\t<meta property=\"og:image:width\" content=\"2560\" \/>\n\t<meta property=\"og:image:height\" content=\"1414\" \/>\n\t<meta property=\"og:image:type\" content=\"image\/jpeg\" \/>\n<meta name=\"author\" content=\"PROA Comunicaci\u00f3n\" \/>\n<meta name=\"twitter:card\" content=\"summary_large_image\" \/>\n<meta name=\"twitter:creator\" content=\"@proacomunica\" \/>\n<meta name=\"twitter:site\" content=\"@proacomunica\" \/>\n<meta name=\"twitter:label1\" content=\"Written by\" \/>\n\t<meta name=\"twitter:data1\" content=\"PROA Comunicaci\u00f3n\" \/>\n\t<meta name=\"twitter:label2\" content=\"Estimated reading time\" \/>\n\t<meta name=\"twitter:data2\" content=\"5 minutes\" \/>\n<script type=\"application\/ld+json\" class=\"yoast-schema-graph\">{\"@context\":\"https:\/\/schema.org\",\"@graph\":[{\"@type\":\"Article\",\"@id\":\"https:\/\/proacomunicacion.es\/manuel-sala-director-general-de-ojd-participa-en-un-nuevo-observatorio-proa-de-la-comunicacion\/#article\",\"isPartOf\":{\"@id\":\"https:\/\/proacomunicacion.es\/manuel-sala-director-general-de-ojd-participa-en-un-nuevo-observatorio-proa-de-la-comunicacion\/\"},\"author\":{\"name\":\"PROA Comunicaci\u00f3n\",\"@id\":\"https:\/\/proacomunicacion.es\/#\/schema\/person\/f80dc8938ea94e7f8aa1e8dc716d5a60\"},\"headline\":\"Manuel Sala, director general de OJD, participa en un nuevo Observatorio PROA de la Comunicaci\u00f3n\",\"datePublished\":\"2018-07-04T09:26:11+00:00\",\"mainEntityOfPage\":{\"@id\":\"https:\/\/proacomunicacion.es\/manuel-sala-director-general-de-ojd-participa-en-un-nuevo-observatorio-proa-de-la-comunicacion\/\"},\"wordCount\":983,\"publisher\":{\"@id\":\"https:\/\/proacomunicacion.es\/#organization\"},\"image\":{\"@id\":\"https:\/\/proacomunicacion.es\/manuel-sala-director-general-de-ojd-participa-en-un-nuevo-observatorio-proa-de-la-comunicacion\/#primaryimage\"},\"thumbnailUrl\":\"\",\"keywords\":[\"Manuel Sala\",\"observatorio comunicaci\u00f3n estrat\u00e9gica\",\"Observatorio Proa\",\"Observatorio Proa Comunicaci\u00f3n\",\"observatorio reputaci\u00f3n corporativa\",\"OJD\"],\"articleSection\":[\"Actualidad\"],\"inLanguage\":\"en-GB\"},{\"@type\":\"WebPage\",\"@id\":\"https:\/\/proacomunicacion.es\/manuel-sala-director-general-de-ojd-participa-en-un-nuevo-observatorio-proa-de-la-comunicacion\/\",\"url\":\"https:\/\/proacomunicacion.es\/manuel-sala-director-general-de-ojd-participa-en-un-nuevo-observatorio-proa-de-la-comunicacion\/\",\"name\":\"Manuel Sala, director general de OJD, participa en un nuevo Observatorio PROA de la Comunicaci\u00f3n - Blog Comunicaci\u00f3n y Reputaci\u00f3n\",\"isPartOf\":{\"@id\":\"https:\/\/proacomunicacion.es\/#website\"},\"primaryImageOfPage\":{\"@id\":\"https:\/\/proacomunicacion.es\/manuel-sala-director-general-de-ojd-participa-en-un-nuevo-observatorio-proa-de-la-comunicacion\/#primaryimage\"},\"image\":{\"@id\":\"https:\/\/proacomunicacion.es\/manuel-sala-director-general-de-ojd-participa-en-un-nuevo-observatorio-proa-de-la-comunicacion\/#primaryimage\"},\"thumbnailUrl\":\"\",\"datePublished\":\"2018-07-04T09:26:11+00:00\",\"breadcrumb\":{\"@id\":\"https:\/\/proacomunicacion.es\/manuel-sala-director-general-de-ojd-participa-en-un-nuevo-observatorio-proa-de-la-comunicacion\/#breadcrumb\"},\"inLanguage\":\"en-GB\",\"potentialAction\":[{\"@type\":\"ReadAction\",\"target\":[\"https:\/\/proacomunicacion.es\/manuel-sala-director-general-de-ojd-participa-en-un-nuevo-observatorio-proa-de-la-comunicacion\/\"]}]},{\"@type\":\"ImageObject\",\"inLanguage\":\"en-GB\",\"@id\":\"https:\/\/proacomunicacion.es\/manuel-sala-director-general-de-ojd-participa-en-un-nuevo-observatorio-proa-de-la-comunicacion\/#primaryimage\",\"url\":\"\",\"contentUrl\":\"\"},{\"@type\":\"BreadcrumbList\",\"@id\":\"https:\/\/proacomunicacion.es\/manuel-sala-director-general-de-ojd-participa-en-un-nuevo-observatorio-proa-de-la-comunicacion\/#breadcrumb\",\"itemListElement\":[{\"@type\":\"ListItem\",\"position\":1,\"name\":\"Portada\",\"item\":\"https:\/\/proacomunicacion.es\/\"},{\"@type\":\"ListItem\",\"position\":2,\"name\":\"Manuel Sala, director general de OJD, participa en un nuevo Observatorio PROA de la Comunicaci\u00f3n\"}]},{\"@type\":\"WebSite\",\"@id\":\"https:\/\/proacomunicacion.es\/#website\",\"url\":\"https:\/\/proacomunicacion.es\/\",\"name\":\"PROA Comunicaci\u00f3n\",\"description\":\"Agencia de Comunicaci\u00f3n Corporativa en Madrid, Barcelona y Galicia.\",\"publisher\":{\"@id\":\"https:\/\/proacomunicacion.es\/#organization\"},\"alternateName\":\"PROA Comunicaci\u00f3n\",\"potentialAction\":[{\"@type\":\"SearchAction\",\"target\":{\"@type\":\"EntryPoint\",\"urlTemplate\":\"https:\/\/proacomunicacion.es\/?s={search_term_string}\"},\"query-input\":{\"@type\":\"PropertyValueSpecification\",\"valueRequired\":true,\"valueName\":\"search_term_string\"}}],\"inLanguage\":\"en-GB\"},{\"@type\":\"Organization\",\"@id\":\"https:\/\/proacomunicacion.es\/#organization\",\"name\":\"PROA Comunicaci\u00f3n\",\"alternateName\":\"PROA Comunicaci\u00f3n\",\"url\":\"https:\/\/proacomunicacion.es\/\",\"logo\":{\"@type\":\"ImageObject\",\"inLanguage\":\"en-GB\",\"@id\":\"https:\/\/proacomunicacion.es\/#\/schema\/logo\/image\/\",\"url\":\"https:\/\/proacomunicacion.es\/wp-content\/uploads\/2024\/01\/Logo_Light.svg\",\"contentUrl\":\"https:\/\/proacomunicacion.es\/wp-content\/uploads\/2024\/01\/Logo_Light.svg\",\"width\":136,\"height\":33,\"caption\":\"PROA Comunicaci\u00f3n\"},\"image\":{\"@id\":\"https:\/\/proacomunicacion.es\/#\/schema\/logo\/image\/\"},\"sameAs\":[\"https:\/\/x.com\/proacomunica\",\"https:\/\/es.linkedin.com\/company\/proa-comunicacion_2\",\"https:\/\/www.instagram.com\/proacomunica\/\",\"https:\/\/www.youtube.com\/@proacomunicacion\",\"https:\/\/es.wikipedia.org\/wiki\/PROA_Comunicacin\"]},{\"@type\":\"Person\",\"@id\":\"https:\/\/proacomunicacion.es\/#\/schema\/person\/f80dc8938ea94e7f8aa1e8dc716d5a60\",\"name\":\"PROA Comunicaci\u00f3n\",\"image\":{\"@type\":\"ImageObject\",\"inLanguage\":\"en-GB\",\"@id\":\"https:\/\/proacomunicacion.es\/#\/schema\/person\/image\/\",\"url\":\"https:\/\/secure.gravatar.com\/avatar\/394c93c195ff19b00e79d66a42971657a01de9f2740b97148d0f14a1e1a359b7?s=96&r=g\",\"contentUrl\":\"https:\/\/secure.gravatar.com\/avatar\/394c93c195ff19b00e79d66a42971657a01de9f2740b97148d0f14a1e1a359b7?s=96&r=g\",\"caption\":\"PROA Comunicaci\u00f3n\"}}]}<\/script>\n<!-- \/ Yoast SEO plugin. -->","yoast_head_json":{"title":"Manuel Sala, Managing Director of OJD, participates in a new PROA Communication Observatory - Blog Comunicaci\u00f3n y Reputaci\u00f3n","robots":{"index":"index","follow":"follow","max-snippet":"max-snippet:-1","max-image-preview":"max-image-preview:large","max-video-preview":"max-video-preview:-1"},"canonical":"https:\/\/proacomunicacion.es\/en\/manuel-sala-director-general-of-ojd-participates-in-new-proa-communication-observatory\/","og_locale":"en_GB","og_type":"article","og_title":"Manuel Sala, director general de OJD, participa en un nuevo Observatorio PROA de la Comunicaci\u00f3n - Blog Comunicaci\u00f3n y Reputaci\u00f3n","og_description":"\u201cLa auditor\u00eda de la difusi\u00f3n y audiencia de los medios es requerida por los anunciantes y los contenidos de calidad hay que pagarlos\u201d, reconoci\u00f3 Manuel Sala, director general de Informaci\u00f3n y Control de Publicaciones S.A. (OJD), en el Observatorio PROA de la Comunicaci\u00f3n, celebrado en la sede de Degussa. \u201cEso es algo que ya funciona [&hellip;]","og_url":"https:\/\/proacomunicacion.es\/en\/manuel-sala-director-general-of-ojd-participates-in-new-proa-communication-observatory\/","og_site_name":"PROA Comunicaci\u00f3n","article_published_time":"2018-07-04T09:26:11+00:00","og_image":[{"width":2560,"height":1414,"url":"https:\/\/proacomunicacion.es\/wp-content\/uploads\/2025\/08\/Firefly_radio-de-barco-scaled.jpg","type":"image\/jpeg"}],"author":"PROA Comunicaci\u00f3n","twitter_card":"summary_large_image","twitter_creator":"@proacomunica","twitter_site":"@proacomunica","twitter_misc":{"Written by":"PROA Comunicaci\u00f3n","Estimated reading time":"5 minutes"},"schema":{"@context":"https:\/\/schema.org","@graph":[{"@type":"Article","@id":"https:\/\/proacomunicacion.es\/manuel-sala-director-general-de-ojd-participa-en-un-nuevo-observatorio-proa-de-la-comunicacion\/#article","isPartOf":{"@id":"https:\/\/proacomunicacion.es\/manuel-sala-director-general-de-ojd-participa-en-un-nuevo-observatorio-proa-de-la-comunicacion\/"},"author":{"name":"PROA Comunicaci\u00f3n","@id":"https:\/\/proacomunicacion.es\/#\/schema\/person\/f80dc8938ea94e7f8aa1e8dc716d5a60"},"headline":"Manuel Sala, director general de OJD, participa en un nuevo Observatorio PROA de la Comunicaci\u00f3n","datePublished":"2018-07-04T09:26:11+00:00","mainEntityOfPage":{"@id":"https:\/\/proacomunicacion.es\/manuel-sala-director-general-de-ojd-participa-en-un-nuevo-observatorio-proa-de-la-comunicacion\/"},"wordCount":983,"publisher":{"@id":"https:\/\/proacomunicacion.es\/#organization"},"image":{"@id":"https:\/\/proacomunicacion.es\/manuel-sala-director-general-de-ojd-participa-en-un-nuevo-observatorio-proa-de-la-comunicacion\/#primaryimage"},"thumbnailUrl":"","keywords":["Manuel Sala","observatorio comunicaci\u00f3n estrat\u00e9gica","Observatorio Proa","Observatorio Proa Comunicaci\u00f3n","observatorio reputaci\u00f3n corporativa","OJD"],"articleSection":["Actualidad"],"inLanguage":"en-GB"},{"@type":"WebPage","@id":"https:\/\/proacomunicacion.es\/manuel-sala-director-general-de-ojd-participa-en-un-nuevo-observatorio-proa-de-la-comunicacion\/","url":"https:\/\/proacomunicacion.es\/manuel-sala-director-general-de-ojd-participa-en-un-nuevo-observatorio-proa-de-la-comunicacion\/","name":"Manuel Sala, Managing Director of OJD, participates in a new PROA Communication Observatory - Blog Comunicaci\u00f3n y Reputaci\u00f3n","isPartOf":{"@id":"https:\/\/proacomunicacion.es\/#website"},"primaryImageOfPage":{"@id":"https:\/\/proacomunicacion.es\/manuel-sala-director-general-de-ojd-participa-en-un-nuevo-observatorio-proa-de-la-comunicacion\/#primaryimage"},"image":{"@id":"https:\/\/proacomunicacion.es\/manuel-sala-director-general-de-ojd-participa-en-un-nuevo-observatorio-proa-de-la-comunicacion\/#primaryimage"},"thumbnailUrl":"","datePublished":"2018-07-04T09:26:11+00:00","breadcrumb":{"@id":"https:\/\/proacomunicacion.es\/manuel-sala-director-general-de-ojd-participa-en-un-nuevo-observatorio-proa-de-la-comunicacion\/#breadcrumb"},"inLanguage":"en-GB","potentialAction":[{"@type":"ReadAction","target":["https:\/\/proacomunicacion.es\/manuel-sala-director-general-de-ojd-participa-en-un-nuevo-observatorio-proa-de-la-comunicacion\/"]}]},{"@type":"ImageObject","inLanguage":"en-GB","@id":"https:\/\/proacomunicacion.es\/manuel-sala-director-general-de-ojd-participa-en-un-nuevo-observatorio-proa-de-la-comunicacion\/#primaryimage","url":"","contentUrl":""},{"@type":"BreadcrumbList","@id":"https:\/\/proacomunicacion.es\/manuel-sala-director-general-de-ojd-participa-en-un-nuevo-observatorio-proa-de-la-comunicacion\/#breadcrumb","itemListElement":[{"@type":"ListItem","position":1,"name":"Portada","item":"https:\/\/proacomunicacion.es\/"},{"@type":"ListItem","position":2,"name":"Manuel Sala, director general de OJD, participa en un nuevo Observatorio PROA de la Comunicaci\u00f3n"}]},{"@type":"WebSite","@id":"https:\/\/proacomunicacion.es\/#website","url":"https:\/\/proacomunicacion.es\/","name":"PROA Communication","description":"Corporate Communications Agency in Madrid, Barcelona and Galicia.","publisher":{"@id":"https:\/\/proacomunicacion.es\/#organization"},"alternateName":"PROA Comunicaci\u00f3n","potentialAction":[{"@type":"SearchAction","target":{"@type":"EntryPoint","urlTemplate":"https:\/\/proacomunicacion.es\/?s={search_term_string}"},"query-input":{"@type":"PropertyValueSpecification","valueRequired":true,"valueName":"search_term_string"}}],"inLanguage":"en-GB"},{"@type":"Organization","@id":"https:\/\/proacomunicacion.es\/#organization","name":"PROA Communication","alternateName":"PROA Comunicaci\u00f3n","url":"https:\/\/proacomunicacion.es\/","logo":{"@type":"ImageObject","inLanguage":"en-GB","@id":"https:\/\/proacomunicacion.es\/#\/schema\/logo\/image\/","url":"https:\/\/proacomunicacion.es\/wp-content\/uploads\/2024\/01\/Logo_Light.svg","contentUrl":"https:\/\/proacomunicacion.es\/wp-content\/uploads\/2024\/01\/Logo_Light.svg","width":136,"height":33,"caption":"PROA Comunicaci\u00f3n"},"image":{"@id":"https:\/\/proacomunicacion.es\/#\/schema\/logo\/image\/"},"sameAs":["https:\/\/x.com\/proacomunica","https:\/\/es.linkedin.com\/company\/proa-comunicacion_2","https:\/\/www.instagram.com\/proacomunica\/","https:\/\/www.youtube.com\/@proacomunicacion","https:\/\/es.wikipedia.org\/wiki\/PROA_Comunicacin"]},{"@type":"Person","@id":"https:\/\/proacomunicacion.es\/#\/schema\/person\/f80dc8938ea94e7f8aa1e8dc716d5a60","name":"PROA Communication","image":{"@type":"ImageObject","inLanguage":"en-GB","@id":"https:\/\/proacomunicacion.es\/#\/schema\/person\/image\/","url":"https:\/\/secure.gravatar.com\/avatar\/394c93c195ff19b00e79d66a42971657a01de9f2740b97148d0f14a1e1a359b7?s=96&r=g","contentUrl":"https:\/\/secure.gravatar.com\/avatar\/394c93c195ff19b00e79d66a42971657a01de9f2740b97148d0f14a1e1a359b7?s=96&r=g","caption":"PROA Comunicaci\u00f3n"}}]}},"_links":{"self":[{"href":"https:\/\/proacomunicacion.es\/en\/wp-json\/wp\/v2\/posts\/9118","targetHints":{"allow":["GET"]}}],"collection":[{"href":"https:\/\/proacomunicacion.es\/en\/wp-json\/wp\/v2\/posts"}],"about":[{"href":"https:\/\/proacomunicacion.es\/en\/wp-json\/wp\/v2\/types\/post"}],"author":[{"embeddable":true,"href":"https:\/\/proacomunicacion.es\/en\/wp-json\/wp\/v2\/users\/28"}],"replies":[{"embeddable":true,"href":"https:\/\/proacomunicacion.es\/en\/wp-json\/wp\/v2\/comments?post=9118"}],"version-history":[{"count":0,"href":"https:\/\/proacomunicacion.es\/en\/wp-json\/wp\/v2\/posts\/9118\/revisions"}],"wp:featuredmedia":[{"embeddable":true,"href":"https:\/\/proacomunicacion.es\/en\/wp-json\/"}],"wp:attachment":[{"href":"https:\/\/proacomunicacion.es\/en\/wp-json\/wp\/v2\/media?parent=9118"}],"wp:term":[{"taxonomy":"category","embeddable":true,"href":"https:\/\/proacomunicacion.es\/en\/wp-json\/wp\/v2\/categories?post=9118"},{"taxonomy":"post_tag","embeddable":true,"href":"https:\/\/proacomunicacion.es\/en\/wp-json\/wp\/v2\/tags?post=9118"}],"curies":[{"name":"wp","href":"https:\/\/api.w.org\/{rel}","templated":true}]}}