{"id":9756,"date":"2018-10-23T17:27:41","date_gmt":"2018-10-23T15:27:41","guid":{"rendered":"http:\/\/proacomunicacion.es\/?p=9756"},"modified":"2018-10-23T17:27:41","modified_gmt":"2018-10-23T15:27:41","slug":"the-google-tax-a-short-term-solution-2","status":"publish","type":"post","link":"https:\/\/proacomunicacion.es\/en\/la-tasa-google-una-solucion-a-corto-plazo\/","title":{"rendered":"The \"Google tax\", a short-term solution"},"content":{"rendered":"<p>On 21 March 2018, the European Commission presented a package of measures relating to the taxation of the digital economy, including a proposal for a Directive introducing a tax on the provision of certain digital services (known as the \"Google tax\"). In line with the proposed EU Directive, the Council of Ministers reported last Friday 19 October 2018 on the draft bill creating the Tax on Certain Digital Services. In this way, Spain would be the first country in the European Union to adapt to the Commission's proposal.<\/p>\n<p>Broadly speaking, this new indirect tax would aim to <strong>to tax turnover generated at a rate of 3%<\/strong> -i.e. gross income - through the provision of services consisting of: (i) the <strong>sale of digital advertising space<\/strong>; (ii) make available to users <strong>digital platforms where they are allowed to interact with one another<\/strong> and that facilitate the provision of services and delivery of goods, and (iii) the<strong> transmission of data generated from the activity carried out by users<\/strong>.<\/p>\n<p>Notwithstanding the above, only entities with total annual revenues exceeding EUR 750 million and revenues from taxable services exceeding EUR 3 million in Spain would be subject to the tax.<\/p>\n<p>This measure aims to tax those digital services where there is a user contribution. However, as the OECD has been pointing out, it may generate risks and negative impacts on investment, innovation and growth.<\/p>\n<p>In any case, because the tax is levied where the users are established, this temporary measure does not seem to solve the current problem to be addressed: taxing profits in the jurisdiction where the value is created.<\/p>\n<p>By <strong>Iv\u00e1n Moya<\/strong>The <strong>\u00c9cija Tax Area<\/strong><\/p>","protected":false},"excerpt":{"rendered":"<p>El pasado 21 de marzo de 2018, la Comisi\u00f3n Europea present\u00f3 un paquete de medidas relativas a la fiscalidad de la econom\u00eda digital, entre las que se encontraba una propuesta de Directiva mediante la que se introduc\u00eda un impuesto que gravaba la prestaci\u00f3n de determinados servicios digitales (la conocida como \u00abtasa Google\u00bb). En l\u00ednea con [&hellip;]<\/p>\n","protected":false},"author":28,"featured_media":9758,"comment_status":"closed","ping_status":"closed","sticky":false,"template":"","format":"standard","meta":{"footnotes":""},"categories":[1],"tags":[45,46,48,235,50],"class_list":["post-9756","post","type-post","status-publish","format-standard","has-post-thumbnail","hentry","category-actualidad-proa","tag-comunicacion-politica","tag-lideres-politicos","tag-partidos-politicos","tag-politica-es","tag-politicos"],"yoast_head":"<!-- This site is optimized with the Yoast SEO plugin v27.0 - https:\/\/yoast.com\/product\/yoast-seo-wordpress\/ -->\n<title>La &quot;tasa Google&quot;, una soluci\u00f3n a corto plazo - Blog Comunicaci\u00f3n y Reputaci\u00f3n<\/title>\n<meta name=\"description\" content=\"Con la conocida como &quot;tasa Google&quot; se pretende gravar a un tipo del 3 por ciento el volumen de negocios generado -esto es, los ingresos brutos- mediante la prestaci\u00f3n de determinados servicios digitales\" \/>\n<meta name=\"robots\" content=\"index, follow, max-snippet:-1, max-image-preview:large, max-video-preview:-1\" \/>\n<link rel=\"canonical\" href=\"https:\/\/proacomunicacion.es\/en\/the-google-tax-a-short-term-solution-2\/\" \/>\n<meta property=\"og:locale\" content=\"en_GB\" \/>\n<meta property=\"og:type\" content=\"article\" \/>\n<meta property=\"og:title\" content=\"La &quot;tasa Google&quot;, una soluci\u00f3n a corto plazo - Blog Comunicaci\u00f3n y Reputaci\u00f3n\" \/>\n<meta property=\"og:description\" content=\"Con la conocida como &quot;tasa Google&quot; se pretende gravar a un tipo del 3 por ciento el volumen de negocios generado -esto es, los ingresos brutos- mediante la prestaci\u00f3n de determinados servicios digitales\" \/>\n<meta property=\"og:url\" content=\"https:\/\/proacomunicacion.es\/en\/the-google-tax-a-short-term-solution-2\/\" \/>\n<meta property=\"og:site_name\" content=\"PROA Comunicaci\u00f3n\" \/>\n<meta property=\"article:published_time\" content=\"2018-10-23T15:27:41+00:00\" \/>\n<meta property=\"og:image\" content=\"https:\/\/proacomunicacion.es\/wp-content\/uploads\/2025\/08\/Firefly_radio-de-barco-scaled.jpg\" \/>\n\t<meta property=\"og:image:width\" content=\"2560\" \/>\n\t<meta property=\"og:image:height\" content=\"1414\" \/>\n\t<meta property=\"og:image:type\" content=\"image\/jpeg\" \/>\n<meta name=\"author\" content=\"PROA Comunicaci\u00f3n\" \/>\n<meta name=\"twitter:card\" content=\"summary_large_image\" \/>\n<meta name=\"twitter:creator\" content=\"@proacomunica\" \/>\n<meta name=\"twitter:site\" content=\"@proacomunica\" \/>\n<meta name=\"twitter:label1\" content=\"Written by\" \/>\n\t<meta name=\"twitter:data1\" content=\"PROA Comunicaci\u00f3n\" \/>\n\t<meta name=\"twitter:label2\" content=\"Estimated reading time\" \/>\n\t<meta name=\"twitter:data2\" content=\"2 minutes\" \/>\n<script type=\"application\/ld+json\" class=\"yoast-schema-graph\">{\"@context\":\"https:\/\/schema.org\",\"@graph\":[{\"@type\":\"Article\",\"@id\":\"https:\/\/proacomunicacion.es\/la-tasa-google-una-solucion-a-corto-plazo\/#article\",\"isPartOf\":{\"@id\":\"https:\/\/proacomunicacion.es\/la-tasa-google-una-solucion-a-corto-plazo\/\"},\"author\":{\"name\":\"PROA Comunicaci\u00f3n\",\"@id\":\"https:\/\/proacomunicacion.es\/#\/schema\/person\/f80dc8938ea94e7f8aa1e8dc716d5a60\"},\"headline\":\"La \u00abtasa Google\u00bb, una soluci\u00f3n a corto plazo\",\"datePublished\":\"2018-10-23T15:27:41+00:00\",\"mainEntityOfPage\":{\"@id\":\"https:\/\/proacomunicacion.es\/la-tasa-google-una-solucion-a-corto-plazo\/\"},\"wordCount\":356,\"publisher\":{\"@id\":\"https:\/\/proacomunicacion.es\/#organization\"},\"image\":{\"@id\":\"https:\/\/proacomunicacion.es\/la-tasa-google-una-solucion-a-corto-plazo\/#primaryimage\"},\"thumbnailUrl\":\"\",\"keywords\":[\"comunicaci\u00f3n pol\u00edtica\",\"l\u00edderes pol\u00edticos\",\"partidos pol\u00edticos\",\"pol\u00edtica\",\"politicos\"],\"articleSection\":[\"Actualidad\"],\"inLanguage\":\"en-GB\"},{\"@type\":\"WebPage\",\"@id\":\"https:\/\/proacomunicacion.es\/la-tasa-google-una-solucion-a-corto-plazo\/\",\"url\":\"https:\/\/proacomunicacion.es\/la-tasa-google-una-solucion-a-corto-plazo\/\",\"name\":\"La \\\"tasa Google\\\", una soluci\u00f3n a corto plazo - Blog Comunicaci\u00f3n y Reputaci\u00f3n\",\"isPartOf\":{\"@id\":\"https:\/\/proacomunicacion.es\/#website\"},\"primaryImageOfPage\":{\"@id\":\"https:\/\/proacomunicacion.es\/la-tasa-google-una-solucion-a-corto-plazo\/#primaryimage\"},\"image\":{\"@id\":\"https:\/\/proacomunicacion.es\/la-tasa-google-una-solucion-a-corto-plazo\/#primaryimage\"},\"thumbnailUrl\":\"\",\"datePublished\":\"2018-10-23T15:27:41+00:00\",\"description\":\"Con la conocida como \\\"tasa Google\\\" se pretende gravar a un tipo del 3 por ciento el volumen de negocios generado -esto es, los ingresos brutos- mediante la prestaci\u00f3n de determinados servicios digitales\",\"breadcrumb\":{\"@id\":\"https:\/\/proacomunicacion.es\/la-tasa-google-una-solucion-a-corto-plazo\/#breadcrumb\"},\"inLanguage\":\"en-GB\",\"potentialAction\":[{\"@type\":\"ReadAction\",\"target\":[\"https:\/\/proacomunicacion.es\/la-tasa-google-una-solucion-a-corto-plazo\/\"]}]},{\"@type\":\"ImageObject\",\"inLanguage\":\"en-GB\",\"@id\":\"https:\/\/proacomunicacion.es\/la-tasa-google-una-solucion-a-corto-plazo\/#primaryimage\",\"url\":\"\",\"contentUrl\":\"\"},{\"@type\":\"BreadcrumbList\",\"@id\":\"https:\/\/proacomunicacion.es\/la-tasa-google-una-solucion-a-corto-plazo\/#breadcrumb\",\"itemListElement\":[{\"@type\":\"ListItem\",\"position\":1,\"name\":\"Portada\",\"item\":\"https:\/\/proacomunicacion.es\/\"},{\"@type\":\"ListItem\",\"position\":2,\"name\":\"La \u00abtasa Google\u00bb, una soluci\u00f3n a corto plazo\"}]},{\"@type\":\"WebSite\",\"@id\":\"https:\/\/proacomunicacion.es\/#website\",\"url\":\"https:\/\/proacomunicacion.es\/\",\"name\":\"PROA Comunicaci\u00f3n\",\"description\":\"Agencia de Comunicaci\u00f3n Corporativa en Madrid, Barcelona y Galicia.\",\"publisher\":{\"@id\":\"https:\/\/proacomunicacion.es\/#organization\"},\"alternateName\":\"PROA Comunicaci\u00f3n\",\"potentialAction\":[{\"@type\":\"SearchAction\",\"target\":{\"@type\":\"EntryPoint\",\"urlTemplate\":\"https:\/\/proacomunicacion.es\/?s={search_term_string}\"},\"query-input\":{\"@type\":\"PropertyValueSpecification\",\"valueRequired\":true,\"valueName\":\"search_term_string\"}}],\"inLanguage\":\"en-GB\"},{\"@type\":\"Organization\",\"@id\":\"https:\/\/proacomunicacion.es\/#organization\",\"name\":\"PROA Comunicaci\u00f3n\",\"alternateName\":\"PROA Comunicaci\u00f3n\",\"url\":\"https:\/\/proacomunicacion.es\/\",\"logo\":{\"@type\":\"ImageObject\",\"inLanguage\":\"en-GB\",\"@id\":\"https:\/\/proacomunicacion.es\/#\/schema\/logo\/image\/\",\"url\":\"https:\/\/proacomunicacion.es\/wp-content\/uploads\/2024\/01\/Logo_Light.svg\",\"contentUrl\":\"https:\/\/proacomunicacion.es\/wp-content\/uploads\/2024\/01\/Logo_Light.svg\",\"width\":136,\"height\":33,\"caption\":\"PROA Comunicaci\u00f3n\"},\"image\":{\"@id\":\"https:\/\/proacomunicacion.es\/#\/schema\/logo\/image\/\"},\"sameAs\":[\"https:\/\/x.com\/proacomunica\",\"https:\/\/es.linkedin.com\/company\/proa-comunicacion_2\",\"https:\/\/www.instagram.com\/proacomunica\/\",\"https:\/\/www.youtube.com\/@proacomunicacion\",\"https:\/\/es.wikipedia.org\/wiki\/PROA_Comunicacin\"]},{\"@type\":\"Person\",\"@id\":\"https:\/\/proacomunicacion.es\/#\/schema\/person\/f80dc8938ea94e7f8aa1e8dc716d5a60\",\"name\":\"PROA Comunicaci\u00f3n\",\"image\":{\"@type\":\"ImageObject\",\"inLanguage\":\"en-GB\",\"@id\":\"https:\/\/proacomunicacion.es\/#\/schema\/person\/image\/\",\"url\":\"https:\/\/secure.gravatar.com\/avatar\/394c93c195ff19b00e79d66a42971657a01de9f2740b97148d0f14a1e1a359b7?s=96&r=g\",\"contentUrl\":\"https:\/\/secure.gravatar.com\/avatar\/394c93c195ff19b00e79d66a42971657a01de9f2740b97148d0f14a1e1a359b7?s=96&r=g\",\"caption\":\"PROA Comunicaci\u00f3n\"}}]}<\/script>\n<!-- \/ Yoast SEO plugin. -->","yoast_head_json":{"title":"The \"Google tax\", a short-term solution - Blog Comunicaci\u00f3n y Reputaci\u00f3n","description":"The so-called \"Google tax\" is intended to be levied at a rate of 3 percent on the turnover - i.e. the gross income - generated by the provision of certain digital services.","robots":{"index":"index","follow":"follow","max-snippet":"max-snippet:-1","max-image-preview":"max-image-preview:large","max-video-preview":"max-video-preview:-1"},"canonical":"https:\/\/proacomunicacion.es\/en\/the-google-tax-a-short-term-solution-2\/","og_locale":"en_GB","og_type":"article","og_title":"La \"tasa Google\", una soluci\u00f3n a corto plazo - Blog Comunicaci\u00f3n y Reputaci\u00f3n","og_description":"Con la conocida como \"tasa Google\" se pretende gravar a un tipo del 3 por ciento el volumen de negocios generado -esto es, los ingresos brutos- mediante la prestaci\u00f3n de determinados servicios digitales","og_url":"https:\/\/proacomunicacion.es\/en\/the-google-tax-a-short-term-solution-2\/","og_site_name":"PROA Comunicaci\u00f3n","article_published_time":"2018-10-23T15:27:41+00:00","og_image":[{"width":2560,"height":1414,"url":"https:\/\/proacomunicacion.es\/wp-content\/uploads\/2025\/08\/Firefly_radio-de-barco-scaled.jpg","type":"image\/jpeg"}],"author":"PROA Comunicaci\u00f3n","twitter_card":"summary_large_image","twitter_creator":"@proacomunica","twitter_site":"@proacomunica","twitter_misc":{"Written by":"PROA Comunicaci\u00f3n","Estimated reading time":"2 minutes"},"schema":{"@context":"https:\/\/schema.org","@graph":[{"@type":"Article","@id":"https:\/\/proacomunicacion.es\/la-tasa-google-una-solucion-a-corto-plazo\/#article","isPartOf":{"@id":"https:\/\/proacomunicacion.es\/la-tasa-google-una-solucion-a-corto-plazo\/"},"author":{"name":"PROA Comunicaci\u00f3n","@id":"https:\/\/proacomunicacion.es\/#\/schema\/person\/f80dc8938ea94e7f8aa1e8dc716d5a60"},"headline":"La \u00abtasa Google\u00bb, una soluci\u00f3n a corto plazo","datePublished":"2018-10-23T15:27:41+00:00","mainEntityOfPage":{"@id":"https:\/\/proacomunicacion.es\/la-tasa-google-una-solucion-a-corto-plazo\/"},"wordCount":356,"publisher":{"@id":"https:\/\/proacomunicacion.es\/#organization"},"image":{"@id":"https:\/\/proacomunicacion.es\/la-tasa-google-una-solucion-a-corto-plazo\/#primaryimage"},"thumbnailUrl":"","keywords":["comunicaci\u00f3n pol\u00edtica","l\u00edderes pol\u00edticos","partidos pol\u00edticos","pol\u00edtica","politicos"],"articleSection":["Actualidad"],"inLanguage":"en-GB"},{"@type":"WebPage","@id":"https:\/\/proacomunicacion.es\/la-tasa-google-una-solucion-a-corto-plazo\/","url":"https:\/\/proacomunicacion.es\/la-tasa-google-una-solucion-a-corto-plazo\/","name":"The \"Google tax\", a short-term solution - Blog Comunicaci\u00f3n y Reputaci\u00f3n","isPartOf":{"@id":"https:\/\/proacomunicacion.es\/#website"},"primaryImageOfPage":{"@id":"https:\/\/proacomunicacion.es\/la-tasa-google-una-solucion-a-corto-plazo\/#primaryimage"},"image":{"@id":"https:\/\/proacomunicacion.es\/la-tasa-google-una-solucion-a-corto-plazo\/#primaryimage"},"thumbnailUrl":"","datePublished":"2018-10-23T15:27:41+00:00","description":"The so-called \"Google tax\" is intended to be levied at a rate of 3 percent on the turnover - i.e. the gross income - generated by the provision of certain digital services.","breadcrumb":{"@id":"https:\/\/proacomunicacion.es\/la-tasa-google-una-solucion-a-corto-plazo\/#breadcrumb"},"inLanguage":"en-GB","potentialAction":[{"@type":"ReadAction","target":["https:\/\/proacomunicacion.es\/la-tasa-google-una-solucion-a-corto-plazo\/"]}]},{"@type":"ImageObject","inLanguage":"en-GB","@id":"https:\/\/proacomunicacion.es\/la-tasa-google-una-solucion-a-corto-plazo\/#primaryimage","url":"","contentUrl":""},{"@type":"BreadcrumbList","@id":"https:\/\/proacomunicacion.es\/la-tasa-google-una-solucion-a-corto-plazo\/#breadcrumb","itemListElement":[{"@type":"ListItem","position":1,"name":"Portada","item":"https:\/\/proacomunicacion.es\/"},{"@type":"ListItem","position":2,"name":"La \u00abtasa Google\u00bb, una soluci\u00f3n a corto plazo"}]},{"@type":"WebSite","@id":"https:\/\/proacomunicacion.es\/#website","url":"https:\/\/proacomunicacion.es\/","name":"PROA Communication","description":"Corporate Communications Agency in Madrid, Barcelona and Galicia.","publisher":{"@id":"https:\/\/proacomunicacion.es\/#organization"},"alternateName":"PROA Comunicaci\u00f3n","potentialAction":[{"@type":"SearchAction","target":{"@type":"EntryPoint","urlTemplate":"https:\/\/proacomunicacion.es\/?s={search_term_string}"},"query-input":{"@type":"PropertyValueSpecification","valueRequired":true,"valueName":"search_term_string"}}],"inLanguage":"en-GB"},{"@type":"Organization","@id":"https:\/\/proacomunicacion.es\/#organization","name":"PROA Communication","alternateName":"PROA Comunicaci\u00f3n","url":"https:\/\/proacomunicacion.es\/","logo":{"@type":"ImageObject","inLanguage":"en-GB","@id":"https:\/\/proacomunicacion.es\/#\/schema\/logo\/image\/","url":"https:\/\/proacomunicacion.es\/wp-content\/uploads\/2024\/01\/Logo_Light.svg","contentUrl":"https:\/\/proacomunicacion.es\/wp-content\/uploads\/2024\/01\/Logo_Light.svg","width":136,"height":33,"caption":"PROA Comunicaci\u00f3n"},"image":{"@id":"https:\/\/proacomunicacion.es\/#\/schema\/logo\/image\/"},"sameAs":["https:\/\/x.com\/proacomunica","https:\/\/es.linkedin.com\/company\/proa-comunicacion_2","https:\/\/www.instagram.com\/proacomunica\/","https:\/\/www.youtube.com\/@proacomunicacion","https:\/\/es.wikipedia.org\/wiki\/PROA_Comunicacin"]},{"@type":"Person","@id":"https:\/\/proacomunicacion.es\/#\/schema\/person\/f80dc8938ea94e7f8aa1e8dc716d5a60","name":"PROA Communication","image":{"@type":"ImageObject","inLanguage":"en-GB","@id":"https:\/\/proacomunicacion.es\/#\/schema\/person\/image\/","url":"https:\/\/secure.gravatar.com\/avatar\/394c93c195ff19b00e79d66a42971657a01de9f2740b97148d0f14a1e1a359b7?s=96&r=g","contentUrl":"https:\/\/secure.gravatar.com\/avatar\/394c93c195ff19b00e79d66a42971657a01de9f2740b97148d0f14a1e1a359b7?s=96&r=g","caption":"PROA Comunicaci\u00f3n"}}]}},"_links":{"self":[{"href":"https:\/\/proacomunicacion.es\/en\/wp-json\/wp\/v2\/posts\/9756","targetHints":{"allow":["GET"]}}],"collection":[{"href":"https:\/\/proacomunicacion.es\/en\/wp-json\/wp\/v2\/posts"}],"about":[{"href":"https:\/\/proacomunicacion.es\/en\/wp-json\/wp\/v2\/types\/post"}],"author":[{"embeddable":true,"href":"https:\/\/proacomunicacion.es\/en\/wp-json\/wp\/v2\/users\/28"}],"replies":[{"embeddable":true,"href":"https:\/\/proacomunicacion.es\/en\/wp-json\/wp\/v2\/comments?post=9756"}],"version-history":[{"count":0,"href":"https:\/\/proacomunicacion.es\/en\/wp-json\/wp\/v2\/posts\/9756\/revisions"}],"wp:featuredmedia":[{"embeddable":true,"href":"https:\/\/proacomunicacion.es\/en\/wp-json\/"}],"wp:attachment":[{"href":"https:\/\/proacomunicacion.es\/en\/wp-json\/wp\/v2\/media?parent=9756"}],"wp:term":[{"taxonomy":"category","embeddable":true,"href":"https:\/\/proacomunicacion.es\/en\/wp-json\/wp\/v2\/categories?post=9756"},{"taxonomy":"post_tag","embeddable":true,"href":"https:\/\/proacomunicacion.es\/en\/wp-json\/wp\/v2\/tags?post=9756"}],"curies":[{"name":"wp","href":"https:\/\/api.w.org\/{rel}","templated":true}]}}