{"id":9930,"date":"2018-11-19T12:17:41","date_gmt":"2018-11-19T11:17:41","guid":{"rendered":"http:\/\/proacomunicacion.es\/?p=9930"},"modified":"2018-11-19T12:17:41","modified_gmt":"2018-11-19T11:17:41","slug":"proa-comunicacion-collaborates-in-the-organisation-of-the-ii-national-awards-of-snow-sports","status":"publish","type":"post","link":"https:\/\/proacomunicacion.es\/en\/proa-comunicacion-colabora-en-la-organizacion-de-los-ii-premios-nacionales-de-los-deportes-de-nieve\/","title":{"rendered":"Proa Comunicaci\u00f3n, Madrid SnowZone and the RFEDI, organise the 2nd National Snow Sports Awards"},"content":{"rendered":"<p style=\"text-align: justify;\">Proa Comunicaci\u00f3n, in collaboration with Madrid SnowZone and RFEDI-Spainsnow, <strong>organised the II National Snow Sports Awards ceremony, held last Friday 16th November in the only indoor ski slope in Spain.<\/strong> For the second year in a row, this gala was a tribute to the sector and its members: current and former runners, resorts, federations, clubs, institutions, brands, specialised press, etc.<\/p>\n<p><a href=\"https:\/\/proacomunicacion.es\/wp-content\/uploads\/2018\/11\/WERB_3.jpg\"><img fetchpriority=\"high\" decoding=\"async\" class=\"alignnone size-large wp-image-9937\" src=\"https:\/\/proacomunicacion.es\/wp-content\/uploads\/2018\/11\/WERB_3-1030x599.jpg\" alt=\"\" width=\"1030\" height=\"599\" \/><\/a><\/p>\n<p style=\"text-align: justify;\">Institutions such as the Consejo Superior de Deportes (CSD) and the Spanish Olympic Committee were represented at an event that took place in the indoor arena. The gala was attended by Mar\u00eda Jos\u00e9 Rienda (President of the CSD), Ricardo Leiva (Sports Director of the Spanish Olympic Committee), and May Peus Espa\u00f1a (President of the RFEDI), who all agreed on the importance of the awards, which are destined to be consolidated year after year. May Peus also wanted to recall the need to recognise the work of the people and entities in the sector: \"Snow sports need to reward the figures who, every day, in every training session, in every descent, in every gesture, put this sport in value. These awards do not only recognise sporting categories, but also actions or projects that promote the sector\".<\/p>\n<p><a href=\"https:\/\/proacomunicacion.es\/wp-content\/uploads\/2018\/11\/WEB-7.jpg\"><img decoding=\"async\" class=\"alignnone size-large wp-image-9932\" src=\"https:\/\/proacomunicacion.es\/wp-content\/uploads\/2018\/11\/WEB-7-1030x687.jpg\" alt=\"\" width=\"1030\" height=\"687\" \/><\/a><\/p>\n<p style=\"text-align: justify;\">After a very special prize-giving ceremony, in which the <strong>Regino Hern\u00e1ndez's Olympic feat and Mar\u00eda Jos\u00e9 Rienda's presidency of the CSD were recognised, among other distinctions.<\/strong>an emotional spectacle took place on the track. The performance was a tribute to the three Olympic medals in the history of Spain, those won by Paquito Fern\u00e1ndez Ochoa, Blanca Fern\u00e1ndez Ochoa and the award-winning Regino in Sapporo (1972), Albertville (1992) and Pyeongchang (2018), respectively. The historic descents of the three athletes were emulated taking into account aspects such as material and costumes, using for example Regino's now iconic silver helmet. The three Olympic venues where these milestones took place were of particular importance in the show.<\/p>\n<p style=\"text-align: justify;\"><iframe src=\"https:\/\/www.youtube.com\/embed\/pKV5gKDUrTw\" width=\"960\" height=\"500\" frameborder=\"0\" allowfullscreen=\"allowfullscreen\"><span data-mce-type=\"bookmark\" style=\"display: inline-block; width: 0px; overflow: hidden; line-height: 0;\" class=\"mce_SELRES_start\"><\/span><span data-mce-type=\"bookmark\" style=\"display: inline-block; width: 0px; overflow: hidden; line-height: 0;\" class=\"mce_SELRES_start\"><\/span><span data-mce-type=\"bookmark\" style=\"display: inline-block; width: 0px; overflow: hidden; line-height: 0;\" class=\"mce_SELRES_start\"><\/span><\/iframe><\/p>\n<p style=\"text-align: justify;\">The jury that evaluated the candidatures and decided the winners was made up of various representatives of the sector: Ms. Mar\u00eda Jos\u00e9 Rienda, President of the Consejo Superior de Deportes; Mr. Alejandro Blanco, President of the Spanish Olympic Committee; Mr. May Peus, President of RFEDI; Ms. Mar\u00eda Jos\u00e9 L\u00f3pez, President of ATUDEM; Mr. Javier Villar, Director of Madrid SnowZone; Mr. Pablo Egea, journalist of MARCA; Mr. Jordi Font, Olympic Diploma snowboarder; and Ms. Carolina Ruiz, Olympic skier.<\/p>\n<p style=\"text-align: justify;\">The nine categories of the first edition of the awards have been maintained this second year, with the only exception of the name of the Best Snow Coach Award, which has been renamed the Israel Planas Award in memory of the deceased coach of athletes such as Regino Hern\u00e1ndez and Lucas Eguibar.<\/p>\n<h2 style=\"text-align: justify;\"><strong><span style=\"font-family: 'Arial',sans-serif;\">Complete list of award winners II National Snow Sports Awards<\/span><\/strong><\/h2>\n<p><a href=\"https:\/\/proacomunicacion.es\/wp-content\/uploads\/2018\/11\/WEB-6.jpg\"><img decoding=\"async\" class=\"alignnone size-large wp-image-9931\" src=\"https:\/\/proacomunicacion.es\/wp-content\/uploads\/2018\/11\/WEB-6-1030x687.jpg\" alt=\"\" width=\"1030\" height=\"687\" \/><\/a><\/p>\n<p style=\"text-align: justify;\"><strong><span style=\"font-family: 'Arial',sans-serif;\">Paquito Fern\u00e1ndez Ochoa Award<\/span><\/strong>for the best male athlete of the 2017\/18 season: <strong><span style=\"font-family: 'Arial',sans-serif;\">Regino Hern\u00e1ndez<\/span><\/strong>for his Olympic Bronze medal at PyeongChang 2018 in SBX.<\/p>\n<p style=\"text-align: justify;\"><strong><span style=\"font-family: 'Arial',sans-serif;\">Mar\u00eda Jos\u00e9 Rienda Award<\/span><\/strong>for the best female athlete of the 2017\/18 season: <strong><span style=\"font-family: 'Arial',sans-serif;\">Olga Mart\u00ednez<\/span><\/strong>Mushing sportswoman, World Champion in Canicross Ladies Nordic Dogs in Falz\u00e9 di Piave (Italy) and 2nd World Championship of Mushing on land (IFSS) in DCMV (canicross masters - scooter 1 dog).<\/p>\n<p style=\"text-align: justify;\"><strong><span style=\"font-family: 'Arial',sans-serif;\">Carolina Ruiz Award<\/span><\/strong>for the best up-and-coming athlete of the year 2017\/18: <strong><span style=\"font-family: 'Arial',sans-serif;\">Thibault Magnin<\/span><\/strong>FS athlete, Bronze Medalist in Big Air (FS) at the Junior WC 2018, held in Cardona NZ.<\/p>\n<p style=\"text-align: justify;\"><strong><span style=\"font-family: 'Arial',sans-serif;\">Blanca Fern\u00e1ndez Ochoa - Woman and Snow Award<\/span><\/strong>to the person or entity that has most distinguished itself in promoting the role of women in snow in 2017\/18: <strong><span style=\"font-family: 'Arial',sans-serif;\">Maria Jos\u00e9 Rienda<\/span><\/strong>First woman to be President of the CSD and Secretary of State for Sport.<\/p>\n<p style=\"text-align: justify;\"><strong><span style=\"font-family: 'Arial',sans-serif;\">ATUDEM Award<\/span><\/strong>for the mountain resort with the greatest sporting involvement in the 2017\/18 season: <strong><span style=\"font-family: 'Arial',sans-serif;\">La Molina<\/span><\/strong>for the organisation of the 2018 SBX WC.<\/p>\n<p style=\"text-align: justify;\"><strong><span style=\"font-family: 'Arial',sans-serif;\">Israel Planas Award<\/span><\/strong>The Best Snow Coach, to the best and most professional coach of the year 2017\/18: The SBX Technical Team, for the achievement of the Bronze medal in SBX JJOO PyeongChang 2018.<\/p>\n<p style=\"text-align: justify;\"><strong><span style=\"font-family: 'Arial',sans-serif;\">Snow Communication Award<\/span><\/strong>for its support to snow sports communication 2017\/18: <strong><span style=\"font-family: 'Arial',sans-serif;\">Jose Manuel Tallada<\/span><\/strong>He is a sports journalist and unconditional follower of snow sports, for his broadcasting of the SBX event at the Olympic Games and that famous \"Ol\u00e9 tu Regino\" (Ol\u00e9 your Regino).<\/p>\n<p style=\"text-align: justify;\"><strong><span style=\"font-family: 'Arial',sans-serif;\">Snow Industry Award<\/span><\/strong>for the Company with the most promotion in the Spanish snow, <strong><span style=\"font-family: 'Arial',sans-serif;\">AUDI <\/span><\/strong>leading automotive company, unconditional support for snow in all its versions.<\/p>\n<p style=\"text-align: justify;\"><strong><span style=\"font-family: 'Arial',sans-serif;\">SPAINSNOW Award<\/span><\/strong>to the most promising club or FFAA in the 2017\/18 season <strong><span style=\"font-family: 'Arial',sans-serif;\">Andalusian Winter Sports Federation<\/span><\/strong>for their perseverance in their work and for having achieved the first Olympic medal for their Autonomous Federation.<\/p>\n<p style=\"text-align: justify;\"><strong><span style=\"font-family: 'Arial',sans-serif;\">II Gala in Honour of Snow Sport<\/span><\/strong><\/p>\n<p style=\"text-align: justify;\"><a href=\"https:\/\/proacomunicacion.es\/wp-content\/uploads\/2018\/11\/WEB_4.jpg\"><img loading=\"lazy\" decoding=\"async\" class=\"alignnone size-large wp-image-9936\" src=\"https:\/\/proacomunicacion.es\/wp-content\/uploads\/2018\/11\/WEB_4-1030x687.jpg\" alt=\"\" width=\"1030\" height=\"687\" \/><\/a><br \/>\nThe II National Snow Sports Awards represent the start of a weekend full of activities and events, the highlight of which was the opening of the Audi U16\/U14 Spanish Cup, which inaugurated the competition season. As the main novelty of this edition, on Saturday 17th, a series of qualifying races for Sunday's event were also held. In addition, a snow conference organised by Nevasport was also held for 60 bloggers from the sector.<\/p>","protected":false},"excerpt":{"rendered":"<p>Proa Comunicaci\u00f3n, en colaboraci\u00f3n con Madrid SnowZone y la RFEDI-Spainsnow, organiz\u00f3 la entrega de los II Premios Nacionales de los Deportes de Nieve, celebrada el pasado viernes 16 de noviembre en la \u00fanica pista cubierta de Espa\u00f1a. Esta gala sirvi\u00f3 por segundo a\u00f1o consecutivo para rendir homenaje al sector y a sus integrantes: corredores de [&hellip;]<\/p>\n","protected":false},"author":28,"featured_media":9934,"comment_status":"closed","ping_status":"closed","sticky":false,"template":"","format":"standard","meta":{"footnotes":""},"categories":[131],"tags":[9,10,11,14,651,105,652,653,571,654,107,108,7,655],"class_list":["post-9930","post","type-post","status-publish","format-standard","has-post-thumbnail","hentry","category-noticias","tag-agencia-comunicacion-empresarial","tag-agencia-de-comunicacion","tag-agencia-de-comunicacion-corporativa","tag-consultora-de-comunicacion","tag-deportes-de-nieve","tag-eventos","tag-ii-gala-en-honor-a-los-deportes-de-nieve","tag-ii-premios-nacionales-deportes-de-nieve","tag-madrid-snowzone","tag-maria-jose-rienda","tag-organizacion-eventos-corporativos","tag-organizacion-eventos-empresariales","tag-proa-comunicacion","tag-regino-hernandez"],"yoast_head":"<!-- This site is optimized with the Yoast SEO plugin v27.0 - https:\/\/yoast.com\/product\/yoast-seo-wordpress\/ -->\n<title>Proa Comunicaci\u00f3n, Madrid SnowZone y la RFEDI, organizan los II Premios Nacionales de los Deportes de Nieve - Blog Comunicaci\u00f3n y Reputaci\u00f3n<\/title>\n<meta name=\"robots\" content=\"index, follow, max-snippet:-1, max-image-preview:large, max-video-preview:-1\" \/>\n<link rel=\"canonical\" href=\"https:\/\/proacomunicacion.es\/en\/proa-comunicacion-collaborates-in-the-organisation-of-the-ii-national-awards-of-snow-sports\/\" \/>\n<meta property=\"og:locale\" content=\"en_GB\" \/>\n<meta property=\"og:type\" content=\"article\" \/>\n<meta property=\"og:title\" content=\"Proa Comunicaci\u00f3n, Madrid SnowZone y la RFEDI, organizan los II Premios Nacionales de los Deportes de Nieve - Blog Comunicaci\u00f3n y Reputaci\u00f3n\" \/>\n<meta property=\"og:description\" content=\"Proa Comunicaci\u00f3n, en colaboraci\u00f3n con Madrid SnowZone y la RFEDI-Spainsnow, organiz\u00f3 la entrega de los II Premios Nacionales de los Deportes de Nieve, celebrada el pasado viernes 16 de noviembre en la \u00fanica pista cubierta de Espa\u00f1a. Esta gala sirvi\u00f3 por segundo a\u00f1o consecutivo para rendir homenaje al sector y a sus integrantes: corredores de [&hellip;]\" \/>\n<meta property=\"og:url\" content=\"https:\/\/proacomunicacion.es\/en\/proa-comunicacion-collaborates-in-the-organisation-of-the-ii-national-awards-of-snow-sports\/\" \/>\n<meta property=\"og:site_name\" content=\"PROA Comunicaci\u00f3n\" \/>\n<meta property=\"article:published_time\" content=\"2018-11-19T11:17:41+00:00\" \/>\n<meta property=\"og:image\" content=\"https:\/\/proacomunicacion.es\/wp-content\/uploads\/2025\/08\/Firefly_radio-de-barco-scaled.jpg\" \/>\n\t<meta property=\"og:image:width\" content=\"2560\" \/>\n\t<meta property=\"og:image:height\" content=\"1414\" \/>\n\t<meta property=\"og:image:type\" content=\"image\/jpeg\" \/>\n<meta name=\"author\" content=\"PROA Comunicaci\u00f3n\" \/>\n<meta name=\"twitter:card\" content=\"summary_large_image\" \/>\n<meta name=\"twitter:creator\" content=\"@proacomunica\" \/>\n<meta name=\"twitter:site\" content=\"@proacomunica\" \/>\n<meta name=\"twitter:label1\" content=\"Written by\" \/>\n\t<meta name=\"twitter:data1\" content=\"PROA Comunicaci\u00f3n\" \/>\n\t<meta name=\"twitter:label2\" content=\"Estimated reading time\" \/>\n\t<meta name=\"twitter:data2\" content=\"5 minutes\" \/>\n<script type=\"application\/ld+json\" class=\"yoast-schema-graph\">{\"@context\":\"https:\/\/schema.org\",\"@graph\":[{\"@type\":\"Article\",\"@id\":\"https:\/\/proacomunicacion.es\/proa-comunicacion-colabora-en-la-organizacion-de-los-ii-premios-nacionales-de-los-deportes-de-nieve\/#article\",\"isPartOf\":{\"@id\":\"https:\/\/proacomunicacion.es\/proa-comunicacion-colabora-en-la-organizacion-de-los-ii-premios-nacionales-de-los-deportes-de-nieve\/\"},\"author\":{\"name\":\"PROA Comunicaci\u00f3n\",\"@id\":\"https:\/\/proacomunicacion.es\/#\/schema\/person\/f80dc8938ea94e7f8aa1e8dc716d5a60\"},\"headline\":\"Proa Comunicaci\u00f3n, Madrid SnowZone y la RFEDI, organizan los II Premios Nacionales de los Deportes de Nieve\",\"datePublished\":\"2018-11-19T11:17:41+00:00\",\"mainEntityOfPage\":{\"@id\":\"https:\/\/proacomunicacion.es\/proa-comunicacion-colabora-en-la-organizacion-de-los-ii-premios-nacionales-de-los-deportes-de-nieve\/\"},\"wordCount\":951,\"publisher\":{\"@id\":\"https:\/\/proacomunicacion.es\/#organization\"},\"image\":{\"@id\":\"https:\/\/proacomunicacion.es\/proa-comunicacion-colabora-en-la-organizacion-de-los-ii-premios-nacionales-de-los-deportes-de-nieve\/#primaryimage\"},\"thumbnailUrl\":\"\",\"keywords\":[\"agencia comunicaci\u00f3n empresarial\",\"agencia de comunicaci\u00f3n\",\"agencia de comunicaci\u00f3n corporativa\",\"consultora de comunicaci\u00f3n\",\"Deportes de Nieve\",\"Eventos\",\"II Gala en Honor a los Deportes de Nieve\",\"II Premios Nacionales Deportes de Nieve\",\"Madrid SnowZone\",\"Mar\u00eda Jos\u00e9 Rienda\",\"organizaci\u00f3n eventos corporativos\",\"organizaci\u00f3n eventos empresariales\",\"Proa Comunicaci\u00f3n\",\"Regino Hernandez\"],\"articleSection\":[\"Noticias\"],\"inLanguage\":\"en-GB\"},{\"@type\":\"WebPage\",\"@id\":\"https:\/\/proacomunicacion.es\/proa-comunicacion-colabora-en-la-organizacion-de-los-ii-premios-nacionales-de-los-deportes-de-nieve\/\",\"url\":\"https:\/\/proacomunicacion.es\/proa-comunicacion-colabora-en-la-organizacion-de-los-ii-premios-nacionales-de-los-deportes-de-nieve\/\",\"name\":\"Proa Comunicaci\u00f3n, Madrid SnowZone y la RFEDI, organizan los II Premios Nacionales de los Deportes de Nieve - Blog Comunicaci\u00f3n y Reputaci\u00f3n\",\"isPartOf\":{\"@id\":\"https:\/\/proacomunicacion.es\/#website\"},\"primaryImageOfPage\":{\"@id\":\"https:\/\/proacomunicacion.es\/proa-comunicacion-colabora-en-la-organizacion-de-los-ii-premios-nacionales-de-los-deportes-de-nieve\/#primaryimage\"},\"image\":{\"@id\":\"https:\/\/proacomunicacion.es\/proa-comunicacion-colabora-en-la-organizacion-de-los-ii-premios-nacionales-de-los-deportes-de-nieve\/#primaryimage\"},\"thumbnailUrl\":\"\",\"datePublished\":\"2018-11-19T11:17:41+00:00\",\"breadcrumb\":{\"@id\":\"https:\/\/proacomunicacion.es\/proa-comunicacion-colabora-en-la-organizacion-de-los-ii-premios-nacionales-de-los-deportes-de-nieve\/#breadcrumb\"},\"inLanguage\":\"en-GB\",\"potentialAction\":[{\"@type\":\"ReadAction\",\"target\":[\"https:\/\/proacomunicacion.es\/proa-comunicacion-colabora-en-la-organizacion-de-los-ii-premios-nacionales-de-los-deportes-de-nieve\/\"]}]},{\"@type\":\"ImageObject\",\"inLanguage\":\"en-GB\",\"@id\":\"https:\/\/proacomunicacion.es\/proa-comunicacion-colabora-en-la-organizacion-de-los-ii-premios-nacionales-de-los-deportes-de-nieve\/#primaryimage\",\"url\":\"\",\"contentUrl\":\"\"},{\"@type\":\"BreadcrumbList\",\"@id\":\"https:\/\/proacomunicacion.es\/proa-comunicacion-colabora-en-la-organizacion-de-los-ii-premios-nacionales-de-los-deportes-de-nieve\/#breadcrumb\",\"itemListElement\":[{\"@type\":\"ListItem\",\"position\":1,\"name\":\"Portada\",\"item\":\"https:\/\/proacomunicacion.es\/\"},{\"@type\":\"ListItem\",\"position\":2,\"name\":\"Proa Comunicaci\u00f3n, Madrid SnowZone y la RFEDI, organizan los II Premios Nacionales de los Deportes de Nieve\"}]},{\"@type\":\"WebSite\",\"@id\":\"https:\/\/proacomunicacion.es\/#website\",\"url\":\"https:\/\/proacomunicacion.es\/\",\"name\":\"PROA Comunicaci\u00f3n\",\"description\":\"Agencia de Comunicaci\u00f3n Corporativa en Madrid, Barcelona y Galicia.\",\"publisher\":{\"@id\":\"https:\/\/proacomunicacion.es\/#organization\"},\"alternateName\":\"PROA Comunicaci\u00f3n\",\"potentialAction\":[{\"@type\":\"SearchAction\",\"target\":{\"@type\":\"EntryPoint\",\"urlTemplate\":\"https:\/\/proacomunicacion.es\/?s={search_term_string}\"},\"query-input\":{\"@type\":\"PropertyValueSpecification\",\"valueRequired\":true,\"valueName\":\"search_term_string\"}}],\"inLanguage\":\"en-GB\"},{\"@type\":\"Organization\",\"@id\":\"https:\/\/proacomunicacion.es\/#organization\",\"name\":\"PROA Comunicaci\u00f3n\",\"alternateName\":\"PROA Comunicaci\u00f3n\",\"url\":\"https:\/\/proacomunicacion.es\/\",\"logo\":{\"@type\":\"ImageObject\",\"inLanguage\":\"en-GB\",\"@id\":\"https:\/\/proacomunicacion.es\/#\/schema\/logo\/image\/\",\"url\":\"https:\/\/proacomunicacion.es\/wp-content\/uploads\/2024\/01\/Logo_Light.svg\",\"contentUrl\":\"https:\/\/proacomunicacion.es\/wp-content\/uploads\/2024\/01\/Logo_Light.svg\",\"width\":136,\"height\":33,\"caption\":\"PROA Comunicaci\u00f3n\"},\"image\":{\"@id\":\"https:\/\/proacomunicacion.es\/#\/schema\/logo\/image\/\"},\"sameAs\":[\"https:\/\/x.com\/proacomunica\",\"https:\/\/es.linkedin.com\/company\/proa-comunicacion_2\",\"https:\/\/www.instagram.com\/proacomunica\/\",\"https:\/\/www.youtube.com\/@proacomunicacion\",\"https:\/\/es.wikipedia.org\/wiki\/PROA_Comunicacin\"]},{\"@type\":\"Person\",\"@id\":\"https:\/\/proacomunicacion.es\/#\/schema\/person\/f80dc8938ea94e7f8aa1e8dc716d5a60\",\"name\":\"PROA Comunicaci\u00f3n\",\"image\":{\"@type\":\"ImageObject\",\"inLanguage\":\"en-GB\",\"@id\":\"https:\/\/proacomunicacion.es\/#\/schema\/person\/image\/\",\"url\":\"https:\/\/secure.gravatar.com\/avatar\/394c93c195ff19b00e79d66a42971657a01de9f2740b97148d0f14a1e1a359b7?s=96&r=g\",\"contentUrl\":\"https:\/\/secure.gravatar.com\/avatar\/394c93c195ff19b00e79d66a42971657a01de9f2740b97148d0f14a1e1a359b7?s=96&r=g\",\"caption\":\"PROA Comunicaci\u00f3n\"}}]}<\/script>\n<!-- \/ Yoast SEO plugin. -->","yoast_head_json":{"title":"Proa Comunicaci\u00f3n, Madrid SnowZone and RFEDI, organise the II National Snow Sports Awards - Blog Comunicaci\u00f3n y Reputaci\u00f3n","robots":{"index":"index","follow":"follow","max-snippet":"max-snippet:-1","max-image-preview":"max-image-preview:large","max-video-preview":"max-video-preview:-1"},"canonical":"https:\/\/proacomunicacion.es\/en\/proa-comunicacion-collaborates-in-the-organisation-of-the-ii-national-awards-of-snow-sports\/","og_locale":"en_GB","og_type":"article","og_title":"Proa Comunicaci\u00f3n, Madrid SnowZone y la RFEDI, organizan los II Premios Nacionales de los Deportes de Nieve - Blog Comunicaci\u00f3n y Reputaci\u00f3n","og_description":"Proa Comunicaci\u00f3n, en colaboraci\u00f3n con Madrid SnowZone y la RFEDI-Spainsnow, organiz\u00f3 la entrega de los II Premios Nacionales de los Deportes de Nieve, celebrada el pasado viernes 16 de noviembre en la \u00fanica pista cubierta de Espa\u00f1a. Esta gala sirvi\u00f3 por segundo a\u00f1o consecutivo para rendir homenaje al sector y a sus integrantes: corredores de [&hellip;]","og_url":"https:\/\/proacomunicacion.es\/en\/proa-comunicacion-collaborates-in-the-organisation-of-the-ii-national-awards-of-snow-sports\/","og_site_name":"PROA Comunicaci\u00f3n","article_published_time":"2018-11-19T11:17:41+00:00","og_image":[{"width":2560,"height":1414,"url":"https:\/\/proacomunicacion.es\/wp-content\/uploads\/2025\/08\/Firefly_radio-de-barco-scaled.jpg","type":"image\/jpeg"}],"author":"PROA Comunicaci\u00f3n","twitter_card":"summary_large_image","twitter_creator":"@proacomunica","twitter_site":"@proacomunica","twitter_misc":{"Written by":"PROA Comunicaci\u00f3n","Estimated reading time":"5 minutes"},"schema":{"@context":"https:\/\/schema.org","@graph":[{"@type":"Article","@id":"https:\/\/proacomunicacion.es\/proa-comunicacion-colabora-en-la-organizacion-de-los-ii-premios-nacionales-de-los-deportes-de-nieve\/#article","isPartOf":{"@id":"https:\/\/proacomunicacion.es\/proa-comunicacion-colabora-en-la-organizacion-de-los-ii-premios-nacionales-de-los-deportes-de-nieve\/"},"author":{"name":"PROA Comunicaci\u00f3n","@id":"https:\/\/proacomunicacion.es\/#\/schema\/person\/f80dc8938ea94e7f8aa1e8dc716d5a60"},"headline":"Proa Comunicaci\u00f3n, Madrid SnowZone y la RFEDI, organizan los II Premios Nacionales de los Deportes de Nieve","datePublished":"2018-11-19T11:17:41+00:00","mainEntityOfPage":{"@id":"https:\/\/proacomunicacion.es\/proa-comunicacion-colabora-en-la-organizacion-de-los-ii-premios-nacionales-de-los-deportes-de-nieve\/"},"wordCount":951,"publisher":{"@id":"https:\/\/proacomunicacion.es\/#organization"},"image":{"@id":"https:\/\/proacomunicacion.es\/proa-comunicacion-colabora-en-la-organizacion-de-los-ii-premios-nacionales-de-los-deportes-de-nieve\/#primaryimage"},"thumbnailUrl":"","keywords":["agencia comunicaci\u00f3n empresarial","agencia de comunicaci\u00f3n","agencia de comunicaci\u00f3n corporativa","consultora de comunicaci\u00f3n","Deportes de Nieve","Eventos","II Gala en Honor a los Deportes de Nieve","II Premios Nacionales Deportes de Nieve","Madrid SnowZone","Mar\u00eda Jos\u00e9 Rienda","organizaci\u00f3n eventos corporativos","organizaci\u00f3n eventos empresariales","Proa Comunicaci\u00f3n","Regino Hernandez"],"articleSection":["Noticias"],"inLanguage":"en-GB"},{"@type":"WebPage","@id":"https:\/\/proacomunicacion.es\/proa-comunicacion-colabora-en-la-organizacion-de-los-ii-premios-nacionales-de-los-deportes-de-nieve\/","url":"https:\/\/proacomunicacion.es\/proa-comunicacion-colabora-en-la-organizacion-de-los-ii-premios-nacionales-de-los-deportes-de-nieve\/","name":"Proa Comunicaci\u00f3n, Madrid SnowZone and RFEDI, organise the II National Snow Sports Awards - Blog Comunicaci\u00f3n y Reputaci\u00f3n","isPartOf":{"@id":"https:\/\/proacomunicacion.es\/#website"},"primaryImageOfPage":{"@id":"https:\/\/proacomunicacion.es\/proa-comunicacion-colabora-en-la-organizacion-de-los-ii-premios-nacionales-de-los-deportes-de-nieve\/#primaryimage"},"image":{"@id":"https:\/\/proacomunicacion.es\/proa-comunicacion-colabora-en-la-organizacion-de-los-ii-premios-nacionales-de-los-deportes-de-nieve\/#primaryimage"},"thumbnailUrl":"","datePublished":"2018-11-19T11:17:41+00:00","breadcrumb":{"@id":"https:\/\/proacomunicacion.es\/proa-comunicacion-colabora-en-la-organizacion-de-los-ii-premios-nacionales-de-los-deportes-de-nieve\/#breadcrumb"},"inLanguage":"en-GB","potentialAction":[{"@type":"ReadAction","target":["https:\/\/proacomunicacion.es\/proa-comunicacion-colabora-en-la-organizacion-de-los-ii-premios-nacionales-de-los-deportes-de-nieve\/"]}]},{"@type":"ImageObject","inLanguage":"en-GB","@id":"https:\/\/proacomunicacion.es\/proa-comunicacion-colabora-en-la-organizacion-de-los-ii-premios-nacionales-de-los-deportes-de-nieve\/#primaryimage","url":"","contentUrl":""},{"@type":"BreadcrumbList","@id":"https:\/\/proacomunicacion.es\/proa-comunicacion-colabora-en-la-organizacion-de-los-ii-premios-nacionales-de-los-deportes-de-nieve\/#breadcrumb","itemListElement":[{"@type":"ListItem","position":1,"name":"Portada","item":"https:\/\/proacomunicacion.es\/"},{"@type":"ListItem","position":2,"name":"Proa Comunicaci\u00f3n, Madrid SnowZone y la RFEDI, organizan los II Premios Nacionales de los Deportes de Nieve"}]},{"@type":"WebSite","@id":"https:\/\/proacomunicacion.es\/#website","url":"https:\/\/proacomunicacion.es\/","name":"PROA Communication","description":"Corporate Communications Agency in Madrid, Barcelona and Galicia.","publisher":{"@id":"https:\/\/proacomunicacion.es\/#organization"},"alternateName":"PROA Comunicaci\u00f3n","potentialAction":[{"@type":"SearchAction","target":{"@type":"EntryPoint","urlTemplate":"https:\/\/proacomunicacion.es\/?s={search_term_string}"},"query-input":{"@type":"PropertyValueSpecification","valueRequired":true,"valueName":"search_term_string"}}],"inLanguage":"en-GB"},{"@type":"Organization","@id":"https:\/\/proacomunicacion.es\/#organization","name":"PROA Communication","alternateName":"PROA Comunicaci\u00f3n","url":"https:\/\/proacomunicacion.es\/","logo":{"@type":"ImageObject","inLanguage":"en-GB","@id":"https:\/\/proacomunicacion.es\/#\/schema\/logo\/image\/","url":"https:\/\/proacomunicacion.es\/wp-content\/uploads\/2024\/01\/Logo_Light.svg","contentUrl":"https:\/\/proacomunicacion.es\/wp-content\/uploads\/2024\/01\/Logo_Light.svg","width":136,"height":33,"caption":"PROA Comunicaci\u00f3n"},"image":{"@id":"https:\/\/proacomunicacion.es\/#\/schema\/logo\/image\/"},"sameAs":["https:\/\/x.com\/proacomunica","https:\/\/es.linkedin.com\/company\/proa-comunicacion_2","https:\/\/www.instagram.com\/proacomunica\/","https:\/\/www.youtube.com\/@proacomunicacion","https:\/\/es.wikipedia.org\/wiki\/PROA_Comunicacin"]},{"@type":"Person","@id":"https:\/\/proacomunicacion.es\/#\/schema\/person\/f80dc8938ea94e7f8aa1e8dc716d5a60","name":"PROA Communication","image":{"@type":"ImageObject","inLanguage":"en-GB","@id":"https:\/\/proacomunicacion.es\/#\/schema\/person\/image\/","url":"https:\/\/secure.gravatar.com\/avatar\/394c93c195ff19b00e79d66a42971657a01de9f2740b97148d0f14a1e1a359b7?s=96&r=g","contentUrl":"https:\/\/secure.gravatar.com\/avatar\/394c93c195ff19b00e79d66a42971657a01de9f2740b97148d0f14a1e1a359b7?s=96&r=g","caption":"PROA Comunicaci\u00f3n"}}]}},"_links":{"self":[{"href":"https:\/\/proacomunicacion.es\/en\/wp-json\/wp\/v2\/posts\/9930","targetHints":{"allow":["GET"]}}],"collection":[{"href":"https:\/\/proacomunicacion.es\/en\/wp-json\/wp\/v2\/posts"}],"about":[{"href":"https:\/\/proacomunicacion.es\/en\/wp-json\/wp\/v2\/types\/post"}],"author":[{"embeddable":true,"href":"https:\/\/proacomunicacion.es\/en\/wp-json\/wp\/v2\/users\/28"}],"replies":[{"embeddable":true,"href":"https:\/\/proacomunicacion.es\/en\/wp-json\/wp\/v2\/comments?post=9930"}],"version-history":[{"count":0,"href":"https:\/\/proacomunicacion.es\/en\/wp-json\/wp\/v2\/posts\/9930\/revisions"}],"wp:featuredmedia":[{"embeddable":true,"href":"https:\/\/proacomunicacion.es\/en\/wp-json\/"}],"wp:attachment":[{"href":"https:\/\/proacomunicacion.es\/en\/wp-json\/wp\/v2\/media?parent=9930"}],"wp:term":[{"taxonomy":"category","embeddable":true,"href":"https:\/\/proacomunicacion.es\/en\/wp-json\/wp\/v2\/categories?post=9930"},{"taxonomy":"post_tag","embeddable":true,"href":"https:\/\/proacomunicacion.es\/en\/wp-json\/wp\/v2\/tags?post=9930"}],"curies":[{"name":"wp","href":"https:\/\/api.w.org\/{rel}","templated":true}]}}